{"id":243251,"date":"2025-07-05T02:50:10","date_gmt":"2025-07-05T02:50:10","guid":{"rendered":"https:\/\/www.europesays.com\/de\/243251\/"},"modified":"2025-07-05T02:50:10","modified_gmt":"2025-07-05T02:50:10","slug":"vertrauen-geraet-ins-wanken-stromsteuer-und-muetterrente-wirtschaft-fuehlt-sich-verschaukelt","status":"publish","type":"post","link":"https:\/\/www.europesays.com\/de\/243251\/","title":{"rendered":"&#8222;Vertrauen ger\u00e4t ins Wanken&#8220;: Stromsteuer und M\u00fctterrente &#8211; Wirtschaft f\u00fchlt sich verschaukelt"},"content":{"rendered":"<p>                    &#8222;Vertrauen ger\u00e4t ins Wanken&#8220;<br \/>\n                Stromsteuer und M\u00fctterrente &#8211; Wirtschaft f\u00fchlt sich verschaukelt<\/p>\n<p>\t\t\t\t              03.07.2025, 10:01 Uhr<\/p>\n<p>\t\t\t\t\t       Artikel anh\u00f6ren<\/p>\n<p>\t\t\t\t\t\t\tDiese Audioversion wurde k\u00fcnstlich generiert. <a href=\"https:\/\/www.n-tv.de\/23249898\" rel=\"nofollow noopener\" target=\"_blank\">Mehr Infos<\/a><\/p>\n<p><strong>Vor der Wahl ist bekanntlich nicht nach der Wahl &#8211; besonders, wenn es um die Erf\u00fcllung von Versprechen geht. Dass die Bundesregierung nun die Stromsteuer nicht f\u00fcr alle Verbraucher senkt, st\u00f6\u00dft der Wirtschaft sauer auf. Ebenso wie die M\u00fctterrente, das Lieblingskind der CSU.<\/strong><\/p>\n<p>Der Zentralverband des Deutschen Handwerks (ZDH) hat die ausbleibende Absenkung der Stromsteuer f\u00fcr alle kritisiert und der Koalition Vertrauensbruch vorgeworfen. &#8222;Die Stromsteuersenkung f\u00fcr alle Betriebe war nicht irgendwo angek\u00fcndigt, sondern mehrfach und verbindlich schriftlich festgehalten &#8211; im Koalitionsvertrag, in Beschl\u00fcssen des vorherigen Koalitionsausschusses und im sogenannten Entlastungspaket der Bundesregierung&#8220;, sagte Verbandspr\u00e4sident J\u00f6rg Dittrich.<\/p>\n<p>Viele Handwerksbetriebe h\u00e4tten der Zusage vertraut und sie in ihre Planungen einbezogen. &#8222;Wenn zentrale, mehrfach zugesagte Entlastungen nicht kommen, w\u00e4hrend gleichzeitig teure politische Projekte umgesetzt werden, ger\u00e4t bei den Betrieben das Vertrauen in die Glaubw\u00fcrdigkeit politischen Handelns insgesamt ins Wanken&#8220;, sagte er.<\/p>\n<p>Als Ergebnis des zweiten Treffens im Koalitionsausschuss von Union und SPD soll die Stromsteuer vorerst f\u00fcr Verbraucher nicht so stark gesenkt werden wie urspr\u00fcnglich versprochen. Die ausgeweitete M\u00fctterrente, ein Lieblingsprojekt der CSU, soll dagegen bereits zum 1. Januar 2027 kommen &#8211; und damit ein Jahr fr\u00fcher als zun\u00e4chst angenommen. Bei der M\u00fctterrente f\u00fcr vor 1992 geborene Kinder steigt die monatliche Rente pro Kind um rund 20 Euro. Die Kosten daf\u00fcr sollen mit j\u00e4hrlich etwa f\u00fcnf Milliarden Euro aus dem Bundeshaushalt finanziert werden. Eine Senkung der Stromsteuer f\u00fcr alle w\u00fcrde nach Angaben des Bundesfinanzministeriums im kommenden Jahr rund 5,4 Milliarden Euro zus\u00e4tzlich kosten.<\/p>\n<p>Exportverband: &#8222;\u00dcberfl\u00fcssige Rentengeschenke&#8220;<\/p>\n<p>Harsche Kritik an den Beschl\u00fcssen kam auch vom Exportverband BGA. &#8222;F\u00fcr \u00fcberfl\u00fcssige Rentengeschenke gibt es genug Geld. F\u00fcr die signifikante Verbesserung der wirtschaftlichen Rahmenbedingungen bleibt zu wenig \u00fcbrig&#8220;, sagte Dirk Jandura, Pr\u00e4sident des Bundesverbandes Gro\u00dfhandel, Au\u00dfenhandel, Dienstleistungen (BGA).<\/p>\n<p>Zugleich beklagte er die Ungleichbehandlung der Unternehmen: &#8222;Dass es in der l\u00e4ngsten Wirtschaftskrise der Nachkriegsgeschichte immer noch nicht m\u00f6glich ist, die Stromsteuer f\u00fcr alle Unternehmen abzusenken, ist entt\u00e4uschend.&#8220; Alle nicht-industriellen Branchen, darunter der Gro\u00dfhandel, blieben bei den Entlastungen gr\u00f6\u00dftenteils au\u00dfen vor.<\/p>\n<p>Spahn muss Pl\u00e4ne verteidigen<\/p>\n<p>Unionsfraktionschef Jens Spahn verteidigte den Beschluss, die Stromsteuer f\u00fcr Verbraucher vorerst nicht so stark zu senken wie versprochen. &#8222;Wir halten an dem gemeinsamen Ziel fest, f\u00fcr alle die Stromkosten deutlich zu senken&#8220;, sagte Spahn in der ARD. Wichtig seien aber auch solide Finanzen.<\/p>\n<p>Spahn verwies darauf, dass private Haushalte zum 1. Januar 2026 entlastet w\u00fcrden \u00fcber die Senkung der Strom-Netzentgelte und die Abschaffung der Gasspeicherumlage. Auch komme die ausgeweitete M\u00fctterrente und gebe Rentnerinnen mehr Spielr\u00e4ume. &#8222;Der erste Schritt dieses Versprechens wird gegangen&#8220;, sagte der CDU-Politiker. Sobald es mehr finanzielle M\u00f6glichkeiten gebe, folgten die n\u00e4chsten Schritte, so Spahn, der sich zuvor selbst f\u00fcr deutliche Entlastungen bei den Stromkosten eingesetzt hatte.<\/p>\n<p>Der Ministerpr\u00e4sident von Nordrhein-Westfalen, Hendrik W\u00fcst, schob f\u00fcr die fehlende Stromsteuersenkung f\u00fcr Verbraucher Finanzminister Lars Klingbeil von der SPD die Verantwortung zu. &#8222;Es ist vor allem der Job des Finanzministers, das m\u00f6glich zu machen &#8211; und es gibt eine Menge M\u00f6glichkeiten&#8220;, sagte der CDU-Politiker dem Nachrichtenmagazin &#8222;Politico&#8220;.<\/p>\n","protected":false},"excerpt":{"rendered":"&#8222;Vertrauen ger\u00e4t ins Wanken&#8220; Stromsteuer und M\u00fctterrente &#8211; Wirtschaft f\u00fchlt sich verschaukelt 03.07.2025, 10:01 Uhr Artikel anh\u00f6ren Diese&hellip;\n","protected":false},"author":2,"featured_media":243252,"comment_status":"","ping_status":"","sticky":false,"template":"","format":"standard","meta":{"footnotes":""},"categories":[5],"tags":[31,774,13,15785,776,20099,14,15,16,12,184,14276,10,8,9,11,75707],"class_list":{"0":"post-243251","1":"post","2":"type-post","3":"status-publish","4":"format-standard","5":"has-post-thumbnail","7":"category-nachrichten","8":"tag-cdu","9":"tag-csu","10":"tag-headlines","11":"tag-jens-spahn","12":"tag-lars-klingbeil","13":"tag-muetterrente","14":"tag-nachrichten","15":"tag-news","16":"tag-politik","17":"tag-schlagzeilen","18":"tag-spd","19":"tag-strompreis","20":"tag-top-news","21":"tag-top-meldungen","22":"tag-topmeldungen","23":"tag-topnews","24":"tag-zentralverband-des-deutschen-handwerks"},"share_on_mastodon":{"url":"https:\/\/pubeurope.com\/@de\/114798357631329352","error":""},"_links":{"self":[{"href":"https:\/\/www.europesays.com\/de\/wp-json\/wp\/v2\/posts\/243251","targetHints":{"allow":["GET"]}}],"collection":[{"href":"https:\/\/www.europesays.com\/de\/wp-json\/wp\/v2\/posts"}],"about":[{"href":"https:\/\/www.europesays.com\/de\/wp-json\/wp\/v2\/types\/post"}],"author":[{"embeddable":true,"href":"https:\/\/www.europesays.com\/de\/wp-json\/wp\/v2\/users\/2"}],"replies":[{"embeddable":true,"href":"https:\/\/www.europesays.com\/de\/wp-json\/wp\/v2\/comments?post=243251"}],"version-history":[{"count":0,"href":"https:\/\/www.europesays.com\/de\/wp-json\/wp\/v2\/posts\/243251\/revisions"}],"wp:featuredmedia":[{"embeddable":true,"href":"https:\/\/www.europesays.com\/de\/wp-json\/wp\/v2\/media\/243252"}],"wp:attachment":[{"href":"https:\/\/www.europesays.com\/de\/wp-json\/wp\/v2\/media?parent=243251"}],"wp:term":[{"taxonomy":"category","embeddable":true,"href":"https:\/\/www.europesays.com\/de\/wp-json\/wp\/v2\/categories?post=243251"},{"taxonomy":"post_tag","embeddable":true,"href":"https:\/\/www.europesays.com\/de\/wp-json\/wp\/v2\/tags?post=243251"}],"curies":[{"name":"wp","href":"https:\/\/api.w.org\/{rel}","templated":true}]}}