{"id":243800,"date":"2025-07-05T08:06:22","date_gmt":"2025-07-05T08:06:22","guid":{"rendered":"https:\/\/www.europesays.com\/de\/243800\/"},"modified":"2025-07-05T08:06:22","modified_gmt":"2025-07-05T08:06:22","slug":"nordstadt-together-das-hafenfest-in-dortmund","status":"publish","type":"post","link":"https:\/\/www.europesays.com\/de\/243800\/","title":{"rendered":"Nordstadt together &#8211; Das Hafenfest in Dortmund"},"content":{"rendered":"<p>Bunter Familiennachmittag am Hafen in Dortmund <\/p>\n<p>Um 14 Uhr er\u00f6ffnet Oberb\u00fcrgermeister Thomas Westphal das Fest. Danach steht bis 18 Uhr ein bunter Nachmittag f\u00fcr Gro\u00df und Klein auf dem Programm. Ob Spiel, Sport, Kreativangebote oder Mitmachaktionen \u2013 hier ist jede Menge Bewegung, Spa\u00df und Neugier gefragt. Eine Kinderolympiade, spannende F\u00fchrungen durchs Hafenareal, Infotainment, inspirierende Talks und viele weitere Formate laden ein, die Nordstadt und ihre Entwicklung aktiv zu entdecken.<\/p>\n<p>Dortmunder Band &#8222;Walking on Rivers&#8220; und DJ JUF-X am Abend<\/p>\n<p>Den musikalischen Auftakt macht am Abend gegen 19 Uhr die Dortmunder Indie-Rock-Band \u201eWalking on Rivers\u201c, die 2025 in neuer Duo-Formationauf Tour geht \u2013 mit frischen Songs, die w\u00e4hrend einer intensiven Songwriting-Phase und einer vierw\u00f6chigen Reise nach Oklahoma City entstanden sind. Bekannt sind sie f\u00fcr ihr Gesp\u00fcr f\u00fcr eing\u00e4ngige Melodien und ihren unverwechselbaren Stil zwischen Indie, Pop und Folk\u2013 live stets energiegeladen und atmosph\u00e4risch.<\/p>\n<p>Begleitet wird das Abendprogramm von DJ JUF-X. Julian Sokolowski versteht es, gro\u00dfe Pl\u00e4tze in Tanzfl\u00e4chen zu verwandeln undbegleitet das Publikum musikalisch durch den Abend. Ein vielf\u00e4ltiges gastronomisches Angebot sorgt den gesamten Tag \u00fcber f\u00fcrkulinarische Abwechslung.<\/p>\n<p>Headlinder Chris de Sarandy ab 21 Uhr beim Hafenfest in Dortmund<\/p>\n<p>Um 21 Uhr \u00fcbernimmt Singer-Songwriter Chris de Sarandy die B\u00fchne. Mit seiner markanten Stimme und einem Sound zwischen Indie, Pop und Soul liefert der Brite den emotionalen Soundtrack f\u00fcr den Sommer. Songs wie \u201eGood Girl, Sad Boy\u201c, \u201eWho I Am\u201c oder \u201eLosing My Mind\u201c erz\u00e4hlen von Herzschmerz, Hoffnung und gro\u00dfen Gef\u00fchlen \u2013 eing\u00e4ngig, ehrlich und voller Atmosph\u00e4re. Chris de Sarandy begeistert mit seiner musikalischen Authentizit\u00e4t, seinem Charisma und einer Live-Performance, die unter die Haut geht. Der perfekte Abschluss f\u00fcr einen Tag, der Wandel, Vielfalt und Lebensgef\u00fchl in den Mittelpunkt stellt.<\/p>\n<p>Radio 91.2 live vor Ort <\/p>\n<p>Radio 91.2 pr\u00e4sentiert das Hafenfest. Unsere Moderatoren und Moderatorinnen begleiten das gesamte Programm live, f\u00fchren durch den Tag und sorgen auf und neben der B\u00fchne f\u00fcr gute Stimmung und spannende Gespr\u00e4che. Das Hafenfest findet im neuen Hafenquartier statt, entlang der Speicherstra\u00dfe. Los geht&#8216; um 14 Uhr. Der Eintritt ist frei &#8211; kommt gerne vorbei.<\/p>\n","protected":false},"excerpt":{"rendered":"Bunter Familiennachmittag am Hafen in Dortmund Um 14 Uhr er\u00f6ffnet Oberb\u00fcrgermeister Thomas Westphal das Fest. Danach steht bis&hellip;\n","protected":false},"author":2,"featured_media":243801,"comment_status":"","ping_status":"","sticky":false,"template":"","format":"standard","meta":{"footnotes":""},"categories":[1772],"tags":[29,214,30,50401,1779,810,215],"class_list":{"0":"post-243800","1":"post","2":"type-post","3":"status-publish","4":"format-standard","5":"has-post-thumbnail","7":"category-musik","8":"tag-deutschland","9":"tag-entertainment","10":"tag-germany","11":"tag-hafenfest","12":"tag-music","13":"tag-musik","14":"tag-unterhaltung"},"share_on_mastodon":{"url":"","error":""},"_links":{"self":[{"href":"https:\/\/www.europesays.com\/de\/wp-json\/wp\/v2\/posts\/243800","targetHints":{"allow":["GET"]}}],"collection":[{"href":"https:\/\/www.europesays.com\/de\/wp-json\/wp\/v2\/posts"}],"about":[{"href":"https:\/\/www.europesays.com\/de\/wp-json\/wp\/v2\/types\/post"}],"author":[{"embeddable":true,"href":"https:\/\/www.europesays.com\/de\/wp-json\/wp\/v2\/users\/2"}],"replies":[{"embeddable":true,"href":"https:\/\/www.europesays.com\/de\/wp-json\/wp\/v2\/comments?post=243800"}],"version-history":[{"count":0,"href":"https:\/\/www.europesays.com\/de\/wp-json\/wp\/v2\/posts\/243800\/revisions"}],"wp:featuredmedia":[{"embeddable":true,"href":"https:\/\/www.europesays.com\/de\/wp-json\/wp\/v2\/media\/243801"}],"wp:attachment":[{"href":"https:\/\/www.europesays.com\/de\/wp-json\/wp\/v2\/media?parent=243800"}],"wp:term":[{"taxonomy":"category","embeddable":true,"href":"https:\/\/www.europesays.com\/de\/wp-json\/wp\/v2\/categories?post=243800"},{"taxonomy":"post_tag","embeddable":true,"href":"https:\/\/www.europesays.com\/de\/wp-json\/wp\/v2\/tags?post=243800"}],"curies":[{"name":"wp","href":"https:\/\/api.w.org\/{rel}","templated":true}]}}