{"id":243925,"date":"2025-07-05T09:14:09","date_gmt":"2025-07-05T09:14:09","guid":{"rendered":"https:\/\/www.europesays.com\/de\/243925\/"},"modified":"2025-07-05T09:14:09","modified_gmt":"2025-07-05T09:14:09","slug":"nach-m-und-muc-kommt-mu","status":"publish","type":"post","link":"https:\/\/www.europesays.com\/de\/243925\/","title":{"rendered":"Nach &#8222;M&#8220; und &#8222;MUC&#8220; kommt &#8222;MU&#8220;"},"content":{"rendered":"<p>Bayerns Verkehrsministerium hatte die Zuteilung f\u00fcr ein zus\u00e4tzliches K\u00fcrzel beim Bundesverkehrsministerium beantragt, da im Raum M\u00fcnchen die Kennzeichen knapp wurden. Die Einf\u00fchrung ist f\u00fcr noch in diesem Jahr geplant. Die gesetzliche Grundlage f\u00fcr die Einf\u00fchrung eines weiteren Unterscheidungskennzeichens bietet <strong>\u00a7 9 Absatz 3 Satz 3<\/strong> der Fahrzeug-Zulassungsverordnung.<\/p>\n<p>Mehr als eine Million Fahrzeuge mit &#8222;M&#8220;-Kennzeichen<\/p>\n<p>Sowohl die Landeshauptstadt als auch der Landkreis M\u00fcnchen teilen sich bislang das Kennzeichen &#8222;M&#8220;. Gemeinsam waren dort zum Stichtag 1. Januar 2025 \u00fcber <strong>1.012.000 Fahrzeuge<\/strong> zugelassen \u2013 rund <strong>766.000 in M\u00fcnchen<\/strong> selbst und <strong>etwa 246.000 im Landkreis<\/strong>. Diese gro\u00dfe Zahl f\u00fchrte dazu, dass in der Verwaltung zunehmend die verf\u00fcgbaren Buchstaben- und Zahlenkombinationen knapp wurden.<\/p>\n<p>Bayerns Verkehrsminister <strong>Christian Bernreiter<\/strong> erkl\u00e4rte zur Entscheidung: &#8222;Wir haben den Landkreis hier gerne unterst\u00fctzt, denn Stadt und Landkreis M\u00fcnchen haben beide einen sehr gro\u00dfen Fahrzeugbestand. Ein Handeln war n\u00f6tig, bevor keine freien Kennzeichen mehr zur Verf\u00fcgung stehen. Damit leisten wir einen Beitrag f\u00fcr die weitere Entwicklung des \u00e4u\u00dferst dynamischen Landkreises M\u00fcnchen.&#8220;<\/p>\n<p>Mehr Flexibilit\u00e4t durch &#8222;MU&#8220;<\/p>\n<p>Mit dem neuen K\u00fcrzel &#8222;MU&#8220; reagiert der Freistaat auch auf die Einschr\u00e4nkungen des 2023 eingef\u00fchrten <strong>&#8222;MUC&#8220;-Kennzeichens<\/strong>, das in der Stadt M\u00fcnchen vergeben wird. &#8222;MUC&#8220; kann aufgrund der maximal zul\u00e4ssigen Zeichenzahl von acht Zeichen <strong>nicht<\/strong> mit Zusatzkennzeichen (z. B. E-, H- oder Saisonkennzeichen) kombiniert werden. Die neue Kombination &#8222;MU&#8220; hingegen l\u00e4sst mehr Spielraum \u2013 etwa f\u00fcr Elektroautos oder Motorr\u00e4der mit kleinen Kennzeichenfeldern.<\/p>\n<p>Einpr\u00e4gsame Wunschkennzeichen wie <strong>MU-ND<\/strong>, <strong>MU-UH<\/strong> oder <strong>MU-MM<\/strong> k\u00f6nnten k\u00fcnftig im Landkreis reserviert werden. Bevor dies m\u00f6glich ist, muss jedoch die <strong>Zulassungs-Software im Landratsamt<\/strong> aktualisiert werden. Laut Ministerium soll die Einf\u00fchrung noch im Laufe des Jahres 2025 erfolgen.<\/p>\n<ul class=\"text\">\n<li><strong>&#8222;MU&#8220; gilt ausschlie\u00dflich f\u00fcr den Landkreis M\u00fcnchen<\/strong>, w\u00e4hrend &#8222;MUC&#8220; nur f\u00fcr die Stadt M\u00fcnchen genutzt wird<\/li>\n<li><strong>Beide K\u00fcrzel (&#8222;MU&#8220; und &#8222;M&#8220;) bleiben parallel g\u00fcltig<\/strong> \u2013 bestehende Kennzeichen m\u00fcssen nicht getauscht werden<\/li>\n<li><strong>Wunschkennzeichen mit &#8222;MU&#8220; werden erst nach Software-Anpassung m\u00f6glich<\/strong>, Online-Reservierungen sind bis dahin nicht freigeschaltet<\/li>\n<li><strong>&#8222;MU&#8220; kann auch f\u00fcr Fahrzeuge mit Zusatzzeichen (z. B. &#8222;E&#8220;) verwendet werden<\/strong>, was mit &#8222;MUC&#8220; nicht m\u00f6glich ist<\/li>\n<\/ul>\n<p>Verwaltungsmodernisierung als Nebeneffekt<\/p>\n<p>Verkehrsminister Bernreiter lobte im Rahmen der Ank\u00fcndigung auch die digitale Infrastruktur im Landkreis M\u00fcnchen: &#8222;Besonders freut es mich, dass der Landkreis M\u00fcnchen die internetbasierte Zulassung mit so gro\u00dfem Erfolg umsetzt!&#8220; Damit wird das Projekt &#8222;MU&#8220; auch als Teil einer effizienteren, b\u00fcrgernahen Zulassungspolitik gesehen.<\/p>\n<p data-is-last-node=\"\" data-is-only-node=\"\">Die Kennzeichen und Ihre wahre Bedeutung sehen Sie in der Fotoshow.<\/p>\n","protected":false},"excerpt":{"rendered":"Bayerns Verkehrsministerium hatte die Zuteilung f\u00fcr ein zus\u00e4tzliches K\u00fcrzel beim Bundesverkehrsministerium beantragt, da im Raum M\u00fcnchen die Kennzeichen&hellip;\n","protected":false},"author":2,"featured_media":243926,"comment_status":"","ping_status":"","sticky":false,"template":"","format":"standard","meta":{"footnotes":""},"categories":[1827],"tags":[772,29,30,75837,1268,14498,601],"class_list":{"0":"post-243925","1":"post","2":"type-post","3":"status-publish","4":"format-standard","5":"has-post-thumbnail","7":"category-muenchen","8":"tag-bayern","9":"tag-deutschland","10":"tag-germany","11":"tag-kennzeichen","12":"tag-muenchen","13":"tag-politik-wirtschaft","14":"tag-verkehr"},"share_on_mastodon":{"url":"https:\/\/pubeurope.com\/@de\/114799867599548916","error":""},"_links":{"self":[{"href":"https:\/\/www.europesays.com\/de\/wp-json\/wp\/v2\/posts\/243925","targetHints":{"allow":["GET"]}}],"collection":[{"href":"https:\/\/www.europesays.com\/de\/wp-json\/wp\/v2\/posts"}],"about":[{"href":"https:\/\/www.europesays.com\/de\/wp-json\/wp\/v2\/types\/post"}],"author":[{"embeddable":true,"href":"https:\/\/www.europesays.com\/de\/wp-json\/wp\/v2\/users\/2"}],"replies":[{"embeddable":true,"href":"https:\/\/www.europesays.com\/de\/wp-json\/wp\/v2\/comments?post=243925"}],"version-history":[{"count":0,"href":"https:\/\/www.europesays.com\/de\/wp-json\/wp\/v2\/posts\/243925\/revisions"}],"wp:featuredmedia":[{"embeddable":true,"href":"https:\/\/www.europesays.com\/de\/wp-json\/wp\/v2\/media\/243926"}],"wp:attachment":[{"href":"https:\/\/www.europesays.com\/de\/wp-json\/wp\/v2\/media?parent=243925"}],"wp:term":[{"taxonomy":"category","embeddable":true,"href":"https:\/\/www.europesays.com\/de\/wp-json\/wp\/v2\/categories?post=243925"},{"taxonomy":"post_tag","embeddable":true,"href":"https:\/\/www.europesays.com\/de\/wp-json\/wp\/v2\/tags?post=243925"}],"curies":[{"name":"wp","href":"https:\/\/api.w.org\/{rel}","templated":true}]}}