{"id":24411,"date":"2025-04-11T21:41:14","date_gmt":"2025-04-11T21:41:14","guid":{"rendered":"https:\/\/www.europesays.com\/de\/24411\/"},"modified":"2025-04-11T21:41:14","modified_gmt":"2025-04-11T21:41:14","slug":"coachella-2025-justin-bieber-traegt-sich-selbst-spazieren-unterhaltung","status":"publish","type":"post","link":"https:\/\/www.europesays.com\/de\/24411\/","title":{"rendered":"Coachella 2025: Justin Bieber tr\u00e4gt sich selbst spazieren | Unterhaltung"},"content":{"rendered":"<p><b>Alle Jahre wieder zieht das legend\u00e4re Coachella-Festival Hunderttausende Besucher nach Kalifornien, die im Coachella Valley (Palm Springs) die Puppen tanzen lassen. Hier tummeln sich die Musikstars nicht nur auf der B\u00fchne, sondern auch als Fans in der Menge!<\/b><\/p>\n<p>Auch Justin Bieber und seine Ehefrau Hailey sind in diesem Jahr wieder am Start, schlendern kurz vor Start des Festivals durch Palm Springs. Auff\u00e4llig: Bieber tr\u00e4gt sich selbst spazieren. <\/p>\n<p><img decoding=\"async\" width=\"992\" height=\"1178\" alt=\"Hailey und Justin fr\u00fchst\u00fccken (noch) im L\u00e4ssig-Look vor dem Festival: Sie im grauen Hoody, er im Fan-Shirt mit Bieber-Aufdruck\" src=\"https:\/\/www.europesays.com\/de\/wp-content\/uploads\/2025\/04\/94857ff58b309364039dfc735f7e839c,c4cdaa0\"   class=\"portrait\" loading=\"lazy\"\/><\/p>\n<p class=\"fig__caption__text\">Hailey und Justin fr\u00fchst\u00fccken (noch) im L\u00e4ssig-Look vor dem Festival: Sie im grauen Hoodie, er im eigenen Merch mit Justin-Bieber-Aufdruck<\/p>\n<p>Foto: hgm-press<\/p>\n<p><b>Beim Verlassen eines Fr\u00fchst\u00fcckscaf\u00e9s trug er sein eigenes Bandshirt mit \u00fcbergro\u00dfem Justin-Gesicht von der \u201eBelieve\u201c-Tour 2012\/2013.<\/b><\/p>\n<p>Nur ein Sp\u00e4\u00dfchen oder Hinweis an die Festival-Veranstalter? Ob Justin selbst gern performt h\u00e4tte? Unklar. 2023 sagte er seine geplante Tour wegen gesundheitlicher Probleme ab! Ab Freitag genie\u00dft er zumindest spektakul\u00e4re Shows seiner Musik-Kollegen.<\/p>\n<p><img decoding=\"async\" width=\"992\" height=\"661\" alt=\"Coachella-Besucher rennen 2024 auf das Festival-Gel\u00e4nde, wollen die besten Pl\u00e4tze an den B\u00fchnen ergattern\" src=\"https:\/\/www.europesays.com\/de\/wp-content\/uploads\/2025\/04\/11a798d50bd1e2a6845b429c277da9cb,46c775d7\"   class=\"dynamic\" loading=\"lazy\"\/><\/p>\n<p class=\"fig__caption__text\">Hier z\u00e4hlt nicht nur die Musik, sondern auch das Outfit muss sitzen! Coachella-Besucher rennen 2024 auf das Festival-Gel\u00e4nde, wollen die besten Pl\u00e4tze an den B\u00fchnen ergattern<\/p>\n<p>Foto: Amy Harris\/Amy Harris\/Invision\/AP<\/p>\n<p>Diese Stars rocken das Coachella-Festival 2025<\/p>\n<p><b>Das Festival beginnt mit einem echten Knaller: <\/b><a href=\"https:\/\/www.bild.de\/unterhaltung\/leute\/lady-gaga\/lady-gaga-alle-infos-78419888.bild.html\" class=\"text-link\" rel=\"nofollow noopener\" target=\"_blank\"><b>Lady Gaga<\/b><\/a><b> wird am Freitagabend als Headliner einheizen! Ihre Tour war innerhalb von Sekunden ausverkauft, ihr neues Album geht durch die Decke. Gaga-Fans werden ausrasten!<\/b><\/p>\n<p><img decoding=\"async\" width=\"992\" height=\"732\" alt=\"Lady Gaga (39) ist diesj\u00e4hrige Headlinerin des Coachella-Festivals\" src=\"https:\/\/www.europesays.com\/de\/wp-content\/uploads\/2025\/04\/f6ee33cfaa7e77e8c4528b76da6ef0b8,f15920e8\"   class=\"dynamic\" loading=\"lazy\"\/><\/p>\n<p class=\"fig__caption__text\">Lady Gaga (39) ist der Superstar des Coachella-Festivals 2025<\/p>\n<p>Foto: Chris Pizzello\/Invision\/dpa<\/p>\n<p><b>Sonntag steht dann Superstar Post Malone als Headliner auf der B\u00fchne. Weitere gro\u00dfe Stars, die das Line-up dieses Jahr anf\u00fchren, sind Rapper Travis Scott (33) und die Rockband Green Day.<\/b><\/p>\n<p>Besucher des Musik-Spektakels k\u00f6nnen sich auch auf Lisa (28) und Jennie (29) von Blackpink, Megan Thee Stallion (30), Charli XCX (32), Missy Elliott (53) und einen deutschen Act freuen: die D\u00fcsseldorfer Band Kraftwerk. Das Elektro-Ensemble wird an den Sonntagen (13. und 20. April) auf der B\u00fchne stehen. Das Coachella findet immer an zwei Wochenenden hintereinander statt.<\/p>\n<p><img decoding=\"async\" width=\"992\" height=\"661\" alt=\"Rapper Post Malone (29) ver\u00f6ffentlichte zuletzt ein Country-Album und wird am Sonntag das Coachella-Festival beehren\" src=\"https:\/\/www.europesays.com\/de\/wp-content\/uploads\/2025\/04\/4a94536125055079010d7ed6876bb4a3,be26db2a\"   class=\"dynamic\" loading=\"lazy\"\/><\/p>\n<p class=\"fig__caption__text\">Rapper Post Malone (29) ver\u00f6ffentlichte zuletzt ein Country-Album und wird am Sonntag das Coachella-Festival beehren <\/p>\n<p>Foto: WireImage<\/p>\n<p>Auch deutsche Promis feiern beim Coachella<\/p>\n<p>Neben <a href=\"https:\/\/www.bild.de\/unterhaltung\/leute\/justin-bieber\/justin-bieber-alle-infos-76662940.bild.html\" class=\"text-link\" rel=\"nofollow noopener\" target=\"_blank\">Justin<\/a> und Hailey Bieber sind zahlreiche Stars ins sonnige Kalifornien zum Abfeiern eingetrudelt. Daneben auch deutsche Reality-Promis, denen der knapp 12-st\u00fcndige Flug nicht zu lang war, um die legend\u00e4re Festival-Luft zu schnuppern.<\/p>\n<p>Lesen Sie auch<\/p>\n<p><b>Dschungelcamperin Jolina Mennen postet bereits flei\u00dfig auf Instagram ihre extravaganten Looks. Ihr prominenter Begleiter ist Social-Media-Star Twenty4tim, der sich ebenfalls schon in stylisher Festival-Laune zeigt.<\/b><\/p>\n<p><img decoding=\"async\" width=\"992\" height=\"1108\" alt=\"Joelina Mennen (32) posiert schon in ihren hei\u00dfen Festival-Looks auf Instagram. Bei dem Musik-Event stylen sich viele Besucher in coolen Outfits und lassen ihre Instagram-Community an dem Festival-Feeling teilhaben\" src=\"https:\/\/www.europesays.com\/de\/wp-content\/uploads\/2025\/04\/b6b582bb0d46d5e85cbae07aa077e7f8,56fd58af\"   class=\"dynamic\" loading=\"lazy\"\/><\/p>\n<p class=\"fig__caption__text\">Jolina Mennen (32) posiert schon im hei\u00dfen Festival-Fummel. F\u00fcrs Musik-Event stylen sich viele Besucher ordentlich auf <\/p>\n<p>Foto: jolinamennen\/Instagram<\/p>\n<p><img decoding=\"async\" width=\"992\" height=\"1178\" alt=\"Twenty4tim (24) zeigt sich vor der gleichen Palmen-Kulisse wie Joelina, die beiden sind gemeinsam nach Kalifornien gereist\" src=\"https:\/\/www.europesays.com\/de\/wp-content\/uploads\/2025\/04\/cb4082e91e87d76e06d7612433b14071,c0c0dca5\"   class=\"portrait\" loading=\"lazy\"\/><\/p>\n<p class=\"fig__caption__text\">Twenty4tim (24) nach 30-Kilo-Abnahme. Er zeigt sich vor derselben Palmen-Kulisse wie Joelina, die beiden sind gemeinsam nach Kalifornien gereist<\/p>\n<p>Foto: twenty4tim\/Instagram<\/p>\n<p>Twenty4tim und Joelina k\u00f6nnten auf dem Festivalgel\u00e4nde <a href=\"https:\/\/www.bild.de\/specials\/premium-event\/mike-heiter-und-leyla-lahouar-heiraten-hochzeit-hier-exklusiv-bei-bild-ansehen-67bc9a285cbd13341d0e501f\" class=\"text-link\" rel=\"nofollow noopener\" target=\"_blank\">Mike Heiter und seiner Verlobten Leyla Lahouar<\/a> in die Arme laufen. Die beiden haben es sich trotz der stressigen Vorbereitungen f\u00fcr ihre <a href=\"https:\/\/www.bild.de\/unterhaltung\/stars-und-leute\/die-heiters-romantische-hochzeit-von-leyla-mike-im-sommer-2025-67cf185c9ec2be33fc91a004\" class=\"text-link\" rel=\"nofollow noopener\" target=\"_blank\">Traumhochzeit<\/a> nicht nehmen lassen, neben Bieber, Gaga und Co. abzufeiern.<\/p>\n<p><img decoding=\"async\" width=\"992\" height=\"1178\" alt=\"Leyla (28) und Mike (32) am Donnerstag in Los Angeles. Die beiden sind ebenfalls in den n\u00e4chsten Tagen auf dem Coachella-Festival\" src=\"https:\/\/www.europesays.com\/de\/wp-content\/uploads\/2025\/04\/7373b5a07eeb5292ae214035ece551a9,5e9c9631\"   class=\"portrait\" loading=\"lazy\"\/><\/p>\n<p class=\"fig__caption__text\">Leyla (28) und Mike (32) am Donnerstag in Los Angeles. Die beiden sind ebenfalls in den n\u00e4chsten Tagen auf dem Coachella-Festival<\/p>\n<p>Foto: mikeheiter und leylalahouar\/Instagram<\/p>\n","protected":false},"excerpt":{"rendered":"Alle Jahre wieder zieht das legend\u00e4re Coachella-Festival Hunderttausende Besucher nach Kalifornien, die im Coachella Valley (Palm Springs) die&hellip;\n","protected":false},"author":2,"featured_media":24412,"comment_status":"","ping_status":"","sticky":false,"template":"","format":"standard","meta":{"footnotes":""},"categories":[155],"tags":[5274,14444,29,214,3448,30,14445,154,45,151,215],"class_list":{"0":"post-24411","1":"post","2":"type-post","3":"status-publish","4":"format-standard","5":"has-post-thumbnail","7":"category-unterhaltung","8":"tag-bieber-justin","9":"tag-coachella","10":"tag-deutschland","11":"tag-entertainment","12":"tag-festivals","13":"tag-germany","14":"tag-seo","15":"tag-social-media","16":"tag-texttospeech","17":"tag-tiktok","18":"tag-unterhaltung"},"share_on_mastodon":{"url":"https:\/\/pubeurope.com\/@de\/114321508491842643","error":""},"_links":{"self":[{"href":"https:\/\/www.europesays.com\/de\/wp-json\/wp\/v2\/posts\/24411","targetHints":{"allow":["GET"]}}],"collection":[{"href":"https:\/\/www.europesays.com\/de\/wp-json\/wp\/v2\/posts"}],"about":[{"href":"https:\/\/www.europesays.com\/de\/wp-json\/wp\/v2\/types\/post"}],"author":[{"embeddable":true,"href":"https:\/\/www.europesays.com\/de\/wp-json\/wp\/v2\/users\/2"}],"replies":[{"embeddable":true,"href":"https:\/\/www.europesays.com\/de\/wp-json\/wp\/v2\/comments?post=24411"}],"version-history":[{"count":0,"href":"https:\/\/www.europesays.com\/de\/wp-json\/wp\/v2\/posts\/24411\/revisions"}],"wp:featuredmedia":[{"embeddable":true,"href":"https:\/\/www.europesays.com\/de\/wp-json\/wp\/v2\/media\/24412"}],"wp:attachment":[{"href":"https:\/\/www.europesays.com\/de\/wp-json\/wp\/v2\/media?parent=24411"}],"wp:term":[{"taxonomy":"category","embeddable":true,"href":"https:\/\/www.europesays.com\/de\/wp-json\/wp\/v2\/categories?post=24411"},{"taxonomy":"post_tag","embeddable":true,"href":"https:\/\/www.europesays.com\/de\/wp-json\/wp\/v2\/tags?post=24411"}],"curies":[{"name":"wp","href":"https:\/\/api.w.org\/{rel}","templated":true}]}}