{"id":244406,"date":"2025-07-05T13:37:11","date_gmt":"2025-07-05T13:37:11","guid":{"rendered":"https:\/\/www.europesays.com\/de\/244406\/"},"modified":"2025-07-05T13:37:11","modified_gmt":"2025-07-05T13:37:11","slug":"so-reagiert-der-fc-bayern-muenchen-auf-die-verletzung-von-giulia-gwinn-sport","status":"publish","type":"post","link":"https:\/\/www.europesays.com\/de\/244406\/","title":{"rendered":"So reagiert der FC Bayern M\u00fcnchen auf die Verletzung von Giulia Gwinn | Sport"},"content":{"rendered":"<p>Mia san geschockt!<\/p>\n<p><b>Die Bosse des FC Bayern sind gerade mehr als 7500 Kilometer von der Frauenfu\u00dfball-EM entfernt. Und dennoch interessiert den Pr\u00e4sidenten Herbert Hainer (71) vor allem eines: Wie geht es \u201eseiner\u201c Spitzenspielerin Giulia Gwinn (26) nach der Verletzung im ersten Gruppenspiel gegen Polen (2:0)? In BILD \u00e4u\u00dfert er sich exklusiv.<\/b><\/p>\n<p>Lesen Sie auch<\/p>\n<p>Als Gwinn mit einer Knie-Verletzung in St. Gallen ausgewechselt werden muss und kurz danach humpelnd in den Mannschaftsbus geleitet wird, steigen die M\u00e4nner des FC Bayern am anderen Ende der Welt in den Flieger nach Atlanta ein. Dort spielen sie am Samstag das Viertelfinale der Klub-WM gegen Paris. Ein Highlight \u2013 und doch ist der oberste Klub-Boss mit den Gedanken in der Schweiz.<\/p>\n<p><b>Hainer zu BILD: \u201eIch hoffe nat\u00fcrlich, dass die Verletzung nicht so schlimm ist. Was immer es auch ist: Giulia bekommt alle Unterst\u00fctzung vom FC Bayern, wir werden alles m\u00f6gliche tun, damit sie so schnell wie m\u00f6glich wieder auf dem Platz steht.\u201c Der Pr\u00e4sident gilt als einer der gr\u00f6\u00dften Unterst\u00fctzer des Frauenfu\u00dfballs bei den Bayern. Er schaut sich oft Heimspiele pers\u00f6nlich an.<\/b><\/p>\n<p>\u201eBrutaler Schock\u201c: Hier reagieren Mitspielerinnen auf Gwinn-Verletzung<a href=\"https:\/\/www.bild.de\/sport\/fussball\/freigang-und-dallmann-aeussern-sich-zur-verletzung-von-giula-gwinn-6868ccfed1592e395c9d1184\" class=\"anchor\" rel=\"nofollow noopener\" target=\"_blank\"><img decoding=\"async\" width=\"992\" height=\"558\" alt=\"Freigang und Dallmann \u00e4u\u00dfern sich zur Verletzung von Giula Gwinn\" src=\"https:\/\/www.europesays.com\/de\/wp-content\/uploads\/2025\/07\/4d0c9e6405862903f4a51bd444b4d24c,809dc324\"   class=\"landscape teaser__image\" loading=\"lazy\"\/><\/a><\/p>\n<p>Quelle: SID05.07.2025<\/p>\n<p>\u201eSie ist Kapit\u00e4nin, sie ist eine, die immer vorangeht. Mit ihrem Buch haben wir zuletzt gesehen, was f\u00fcr eine tolle Pers\u00f6nlichkeit sie ist\u201c, spielt Hainer auf Gwinns Biografie \u201eWrite Your Own Story\u201c an, in der sie unter anderem beschreibt, wie sie zwei Kreuzbandrisse erlebte und wieder zur\u00fcckkam. \u201eWenn man sieht, wie hart und mit welchen Willen sie sich alles erk\u00e4mpft hat: Das tut dem FC Bayern und der Nationalmannschaft gut. Und deswegen hoffe ich, dass sie sehr schnell zur\u00fcckkehrt\u201c, sagt Hainer.<\/p>\n<p>Auch interessant<\/p>\n<p>Anzeige<\/p>\n<p>Auch interessant<\/p>\n<p>Anzeige<\/p>\n<p><b>Klar ist: Alle Schritte, die f\u00fcr Gwinn nun kommen, werden mit den Bayern abgestimmt. Auch aus Erfahrung. Nach ihrem ersten Kreuzbandriss 2020 hatte Gwinn erst eine falsche Diagnose erhalten, die in M\u00fcnchen korrigiert wurde. Und beim zweiten Kreuzbandriss 2022 im Training der Nationalmannschaft in Dresden holte der FC Bayern sie ab, lie\u00df sie erst in M\u00fcnchen eingehend untersuchen. <\/b><\/p>\n<p>In der Reha wurde sie dann von Bayern-Patron Uli Hoene\u00df (73) angerufen, der ihr gute Besserung w\u00fcnschte. Zumindest die Gedanken des Ehrenpr\u00e4sidenten werden auch jetzt bei Gwinn sein\u2026<\/p>\n<p>NICHT SCHON WIEDER GWINN!: Der Moment, der Deutschland schockt<a href=\"https:\/\/www.bild.de\/sport\/fussball\/frauen-em-kapitaenin-giulia-gwinn-verletzt-sich-gegen-polen-am-knie-68680d47d009353a0c960180\" class=\"anchor\" rel=\"nofollow noopener\" target=\"_blank\"><img decoding=\"async\" width=\"992\" height=\"558\" alt=\"Frauen EM: Kapit\u00e4nin Giulia Gwinn verletzt sich gegen Polen am Knie\" src=\"https:\/\/www.europesays.com\/de\/wp-content\/uploads\/2025\/07\/4225ae71c3fa508284a80c067c6edd1d,8d5979c7\"   class=\"landscape teaser__image\" loading=\"lazy\"\/><\/a><\/p>\n<p>Quelle: ARD05.07.2025<\/p>\n","protected":false},"excerpt":{"rendered":"Mia san geschockt! Die Bosse des FC Bayern sind gerade mehr als 7500 Kilometer von der Frauenfu\u00dfball-EM entfernt.&hellip;\n","protected":false},"author":2,"featured_media":244407,"comment_status":"","ping_status":"","sticky":false,"template":"","format":"standard","meta":{"footnotes":""},"categories":[5],"tags":[458,6578,6579,12013,32929,34918,13,14491,14,15,12,10,8,9,11],"class_list":{"0":"post-244406","1":"post","2":"type-post","3":"status-publish","4":"format-standard","5":"has-post-thumbnail","7":"category-nachrichten","8":"tag-fc-bayern-muenchen","9":"tag-frauen-fussball","10":"tag-frauen-nationalmannschaften","11":"tag-fussball-em-der-frauen","12":"tag-gwinn-giulia","13":"tag-hainer-herbert","14":"tag-headlines","15":"tag-hoeness-uli","16":"tag-nachrichten","17":"tag-news","18":"tag-schlagzeilen","19":"tag-top-news","20":"tag-top-meldungen","21":"tag-topmeldungen","22":"tag-topnews"},"share_on_mastodon":{"url":"https:\/\/pubeurope.com\/@de\/114800901798071916","error":""},"_links":{"self":[{"href":"https:\/\/www.europesays.com\/de\/wp-json\/wp\/v2\/posts\/244406","targetHints":{"allow":["GET"]}}],"collection":[{"href":"https:\/\/www.europesays.com\/de\/wp-json\/wp\/v2\/posts"}],"about":[{"href":"https:\/\/www.europesays.com\/de\/wp-json\/wp\/v2\/types\/post"}],"author":[{"embeddable":true,"href":"https:\/\/www.europesays.com\/de\/wp-json\/wp\/v2\/users\/2"}],"replies":[{"embeddable":true,"href":"https:\/\/www.europesays.com\/de\/wp-json\/wp\/v2\/comments?post=244406"}],"version-history":[{"count":0,"href":"https:\/\/www.europesays.com\/de\/wp-json\/wp\/v2\/posts\/244406\/revisions"}],"wp:featuredmedia":[{"embeddable":true,"href":"https:\/\/www.europesays.com\/de\/wp-json\/wp\/v2\/media\/244407"}],"wp:attachment":[{"href":"https:\/\/www.europesays.com\/de\/wp-json\/wp\/v2\/media?parent=244406"}],"wp:term":[{"taxonomy":"category","embeddable":true,"href":"https:\/\/www.europesays.com\/de\/wp-json\/wp\/v2\/categories?post=244406"},{"taxonomy":"post_tag","embeddable":true,"href":"https:\/\/www.europesays.com\/de\/wp-json\/wp\/v2\/tags?post=244406"}],"curies":[{"name":"wp","href":"https:\/\/api.w.org\/{rel}","templated":true}]}}