{"id":244788,"date":"2025-07-05T17:05:24","date_gmt":"2025-07-05T17:05:24","guid":{"rendered":"https:\/\/www.europesays.com\/de\/244788\/"},"modified":"2025-07-05T17:05:24","modified_gmt":"2025-07-05T17:05:24","slug":"neue-zahlen-im-werner-poker-mit-new-york-bekannt","status":"publish","type":"post","link":"https:\/\/www.europesays.com\/de\/244788\/","title":{"rendered":"Neue Zahlen im Werner-Poker mit New York bekannt"},"content":{"rendered":"<p>\n                                        Timo Werner (29) steht aktuell wieder in vollem Umfang bei RB Leipzig unter Vertrag, nachdem seine eineinhalbj\u00e4hrige Leihstation bei Tottenham Hotspur endete. Ein Verbleib beim Bundesligisten gilt jedoch als \u00e4u\u00dferst unwahrscheinlich \u2013 stattdessen bahnt sich ein Wechsel zum MLS-Schwesterklub New York Red Bulls an. Der Transfer ist aber weiterhin Thema intensiver Verhandlungen.<\/p>\n<p>\n<br \/>Wie die Leipziger Volkszeitung nun konkretisiert, fordert Werners Berateragentur Sports 360 f\u00fcr ein m\u00f6gliches Zwei-Jahres-Engagement in der MLS nicht wie zun\u00e4chst kolportiert 20 Millionen Euro, sondern rund 14 Millionen Euro \u2013 also etwa 7 Millionen pro Jahr. Eine Summe, die die Red Bulls offenbar aber trotzdem noch unterbieten m\u00f6chten.<\/p>\n<p>Werner selbst soll gro\u00dfes Interesse an einem Wechsel in die USA haben, insbesondere wegen der Perspektive, dort unter Trainer Sandro Schwarz und an der Seite von Ex-Mitspieler Emil Forsberg zu spielen. Auch Leipzig steht einem Abschied offen gegen\u00fcber \u2013 zumal der Offensivspieler noch bis 2026 unter Vertrag steht und laut LVZ ein Jahresgehalt von 11,1 Millionen Euro bezieht.<\/p>\n<p>Alle Seiten sind an einer L\u00f6sung interessiert, die Gespr\u00e4che laufen. Eine Einigung steht allerdings weiterhin aus.<\/p>\n<p><b>Zur urspr\u00fcnglichen Meldung vom 3. Juli 2025:<\/b>                                <\/p>\n<p>                                                                Werner-Wechsel nach New York wackelt<\/p>\n<p class=\"pt-md\">Der schon bevorstehende Wechsel von Timo Werner zu den New York Red Bulls steht laut einem Bericht der Leipziger Volkszeitung auf der Kippe. Grund daf\u00fcr seien die exorbitanten Gehaltsforderungen seines Beraters, Volker Struth.<\/p>\n<p>Dem Bericht zufolge fordert der Vermittler f\u00fcr seinen Sch\u00fctzling weiterhin ein Jahresgehalt, welches sich im Rahmen der 10 Millionen Euro \u2013 die Werner aktuell in Leipzig kassiert \u2013 bewegen soll. In New York sei dies auf wenig Verst\u00e4ndnis gesto\u00dfen. Man habe damit gerechnet, dass sich Werner mit knapp der H\u00e4lfte und einem Zweijahresvertrag zufrieden geben w\u00fcrde.<\/p>\n<p>Laut der Leipziger Volkszeitung ist die Tendenz f\u00fcr einen Wechsel deshalb aktuell negativ. Es bleibt abzuwarten, ob sich beide Seiten letztendlich doch noch ann\u00e4hern.<\/p>\n<p><\/p>\n<p>LIGAINSIDER-DURCHSCHNITTSNOTE in den letzten VIER Jahren<\/p>\n","protected":false},"excerpt":{"rendered":"Timo Werner (29) steht aktuell wieder in vollem Umfang bei RB Leipzig unter Vertrag, nachdem seine eineinhalbj\u00e4hrige Leihstation&hellip;\n","protected":false},"author":2,"featured_media":244789,"comment_status":"","ping_status":"","sticky":false,"template":"","format":"standard","meta":{"footnotes":""},"categories":[1832],"tags":[4808,31078,2217,3364,29,347,30,71,15,5422,1655,859,265,924,9095,13635,1288,2627,5421],"class_list":{"0":"post-244788","1":"post","2":"type-post","3":"status-publish","4":"format-standard","5":"has-post-thumbnail","7":"category-leipzig","8":"tag-1-bundesliga","9":"tag-2025-26","10":"tag-bilanz","11":"tag-de","12":"tag-deutschland","13":"tag-fussball","14":"tag-germany","15":"tag-leipzig","16":"tag-news","17":"tag-quote","18":"tag-rb-leipzig","19":"tag-sachsen","20":"tag-sport","21":"tag-statistik","22":"tag-stuermer","23":"tag-timo-werner","24":"tag-transfers","25":"tag-verletzungen","26":"tag-wechsel"},"share_on_mastodon":{"url":"","error":""},"_links":{"self":[{"href":"https:\/\/www.europesays.com\/de\/wp-json\/wp\/v2\/posts\/244788","targetHints":{"allow":["GET"]}}],"collection":[{"href":"https:\/\/www.europesays.com\/de\/wp-json\/wp\/v2\/posts"}],"about":[{"href":"https:\/\/www.europesays.com\/de\/wp-json\/wp\/v2\/types\/post"}],"author":[{"embeddable":true,"href":"https:\/\/www.europesays.com\/de\/wp-json\/wp\/v2\/users\/2"}],"replies":[{"embeddable":true,"href":"https:\/\/www.europesays.com\/de\/wp-json\/wp\/v2\/comments?post=244788"}],"version-history":[{"count":0,"href":"https:\/\/www.europesays.com\/de\/wp-json\/wp\/v2\/posts\/244788\/revisions"}],"wp:featuredmedia":[{"embeddable":true,"href":"https:\/\/www.europesays.com\/de\/wp-json\/wp\/v2\/media\/244789"}],"wp:attachment":[{"href":"https:\/\/www.europesays.com\/de\/wp-json\/wp\/v2\/media?parent=244788"}],"wp:term":[{"taxonomy":"category","embeddable":true,"href":"https:\/\/www.europesays.com\/de\/wp-json\/wp\/v2\/categories?post=244788"},{"taxonomy":"post_tag","embeddable":true,"href":"https:\/\/www.europesays.com\/de\/wp-json\/wp\/v2\/tags?post=244788"}],"curies":[{"name":"wp","href":"https:\/\/api.w.org\/{rel}","templated":true}]}}