{"id":245410,"date":"2025-07-05T22:58:12","date_gmt":"2025-07-05T22:58:12","guid":{"rendered":"https:\/\/www.europesays.com\/de\/245410\/"},"modified":"2025-07-05T22:58:12","modified_gmt":"2025-07-05T22:58:12","slug":"neues-vorstandsteam-soll-den-weltmarktfuehrer-durch-die-krise-bringen","status":"publish","type":"post","link":"https:\/\/www.europesays.com\/de\/245410\/","title":{"rendered":"Neues Vorstandsteam soll den Weltmarktf\u00fchrer durch die Krise bringen"},"content":{"rendered":"<p class=\"paragraph tw-mx-auto tw-mb-6\">Die Lage bei Groz-Beckert in Albstadt ist angespannt; am Donnerstag will das Unternehmen in seiner Jahrespressekonferenz Stellung zur aktuellen Situation beziehen. Krisen und geopolitische Spannungen rund um die Welt haben auch das Gesch\u00e4ftsjahr 2024 beim Nadelhersteller stark belastet.<\/p>\n<p class=\"paragraph tw-mx-auto tw-mb-6\">Der Umsatz des Weltmarktf\u00fchrers mit Sitz in Ebingen ist um 41 Millionen Euro gesunken, von 880 Millionen Euro auf 839 Millionen. Als Sparziel im Stammgesch\u00e4ft hat Groz-Beckert deshalb 50 Millionen Euro ausgerufen. 202 Mitarbeiter verlassen das Unternehmen im Rahmen eines Freiwilligenprogramms. Ende des vergangenen Jahres hatte der Konzern weltweit 9419 Mitarbeiter besch\u00e4ftigt.<\/p>\n<p>Eric Sch\u00f6ller folgt auf Hans-J\u00fcrgen Haug<\/p>\n<p class=\"paragraph tw-mx-auto tw-mb-6\">Klar ist bereits: Groz-Beckert wird k\u00fcnftig von einem neuen Vorstandsteam gef\u00fchrt. Hans-J\u00fcrgen Haug, seit 2007 Mitglied der Gesch\u00e4ftsf\u00fchrung und seit 2019 deren Sprecher, h\u00f6rt planm\u00e4\u00dfig auf. Ende dieses Jahres werde er, wie er es bereits 2023 dem Personalausschuss des Aufsichtsrats mitgeteilt habe, seine \u201eaktive operative Berufslaufbahn mit 62 Jahren beenden\u201c, hei\u00dft es in einem internen Schreiben, das unserer Redaktion vorliegt.<\/p>\n<p class=\"paragraph tw-mx-auto tw-mb-6\">An Haugs Stelle als Vorstandssprecher tritt demnach ab 1. Januar Eric Sch\u00f6ller, der unter anderem als Vertriebschef bereits Mitglied der Gesch\u00e4ftsf\u00fchrung ist und k\u00fcnftig Verantwortung f\u00fcr den Bereich Cutting Tools sowie Finanzen und IT \u00fcbernimmt.<\/p>\n<p class=\"paragraph tw-mx-auto tw-mb-6\">Neu in den Vorstand wird die heutige Personalchefin Kathrin Pross berufen: Sie verantwortet weiterhin den zentralen Bereich Personal, wird aber zudem Chefin des Bereichs Engineered Textiles.<\/p>\n<p class=\"paragraph tw-mx-auto tw-mb-6\">Auch Jan Jetter wird dem internen Schreiben zufolge neu in den Vorstand berufen. Sein Bereich: Betriebsmittelentwicklung, Einkauf, Maschinen- und Werkzeugbau. Chef des Bereichs Textile Tools wird Markus Settegast, der bereits heute Mitglied der Gesch\u00e4ftsf\u00fchrung ist und bislang unter anderem Produktion und Logistik verantwortet.<\/p>\n","protected":false},"excerpt":{"rendered":"Die Lage bei Groz-Beckert in Albstadt ist angespannt; am Donnerstag will das Unternehmen in seiner Jahrespressekonferenz Stellung zur&hellip;\n","protected":false},"author":2,"featured_media":245411,"comment_status":"","ping_status":"","sticky":false,"template":"","format":"standard","meta":{"footnotes":""},"categories":[134],"tags":[175,170,169,29,30,76041,1029,171,174,173,172,1031],"class_list":{"0":"post-245410","1":"post","2":"type-post","3":"status-publish","4":"format-standard","5":"has-post-thumbnail","7":"category-unternehmen-maerkte","8":"tag-business","9":"tag-companies","10":"tag-companies-markets","11":"tag-deutschland","12":"tag-germany","13":"tag-groz-beckert","14":"tag-management","15":"tag-markets","16":"tag-maerkte","17":"tag-unternehmen","18":"tag-unternehmen-maerkte","19":"tag-vorstand"},"share_on_mastodon":{"url":"https:\/\/pubeurope.com\/@de\/114803107684932228","error":""},"_links":{"self":[{"href":"https:\/\/www.europesays.com\/de\/wp-json\/wp\/v2\/posts\/245410","targetHints":{"allow":["GET"]}}],"collection":[{"href":"https:\/\/www.europesays.com\/de\/wp-json\/wp\/v2\/posts"}],"about":[{"href":"https:\/\/www.europesays.com\/de\/wp-json\/wp\/v2\/types\/post"}],"author":[{"embeddable":true,"href":"https:\/\/www.europesays.com\/de\/wp-json\/wp\/v2\/users\/2"}],"replies":[{"embeddable":true,"href":"https:\/\/www.europesays.com\/de\/wp-json\/wp\/v2\/comments?post=245410"}],"version-history":[{"count":0,"href":"https:\/\/www.europesays.com\/de\/wp-json\/wp\/v2\/posts\/245410\/revisions"}],"wp:featuredmedia":[{"embeddable":true,"href":"https:\/\/www.europesays.com\/de\/wp-json\/wp\/v2\/media\/245411"}],"wp:attachment":[{"href":"https:\/\/www.europesays.com\/de\/wp-json\/wp\/v2\/media?parent=245410"}],"wp:term":[{"taxonomy":"category","embeddable":true,"href":"https:\/\/www.europesays.com\/de\/wp-json\/wp\/v2\/categories?post=245410"},{"taxonomy":"post_tag","embeddable":true,"href":"https:\/\/www.europesays.com\/de\/wp-json\/wp\/v2\/tags?post=245410"}],"curies":[{"name":"wp","href":"https:\/\/api.w.org\/{rel}","templated":true}]}}