{"id":245417,"date":"2025-07-05T23:02:35","date_gmt":"2025-07-05T23:02:35","guid":{"rendered":"https:\/\/www.europesays.com\/de\/245417\/"},"modified":"2025-07-05T23:02:35","modified_gmt":"2025-07-05T23:02:35","slug":"halle-spieleabend-im-volksbuehnen-biergarten-radio-saw","status":"publish","type":"post","link":"https:\/\/www.europesays.com\/de\/245417\/","title":{"rendered":"Halle: Spieleabend im Volksb\u00fchnen-Biergarten | radio SAW"},"content":{"rendered":"<p>Brettspielfans aufgepasst: Beim offenen Spieleabend im Biergarten k\u00f6nnt Ihr all die Klassiker aus Eurer Spielesammlung (wieder)entdecken.<\/p>\n<p>Ob Skat, Siedler von Catan, Schach oder \u201eDie verbotene Stadt\u201c \u2013 hier ist f\u00fcr jeden etwas dabei und Langeweile kommt garantiert nicht auf. Es gibt auch Bastelangebote f\u00fcr die Kreativen unter Euch, und die Gastronomie vor Ort versorgt Euch mit Snacks und Getr\u00e4nken.\u00a0<\/p>\n<p>Kommt vorbei mit Euren Freunden oder der Familie und genie\u00dft einen entspannten Abend voller Spiel, Spa\u00df und guter Laune unter freiem Himmel.<\/p>\n","protected":false},"excerpt":{"rendered":"Brettspielfans aufgepasst: Beim offenen Spieleabend im Biergarten k\u00f6nnt Ihr all die Klassiker aus Eurer Spielesammlung (wieder)entdecken. Ob Skat,&hellip;\n","protected":false},"author":2,"featured_media":245418,"comment_status":"","ping_status":"","sticky":false,"template":"","format":"standard","meta":{"footnotes":""},"categories":[1860],"tags":[3364,29,548,663,3934,30,4062,17332,13,14,15,17331,860,12],"class_list":{"0":"post-245417","1":"post","2":"type-post","3":"status-publish","4":"format-standard","5":"has-post-thumbnail","7":"category-halle-saale","8":"tag-de","9":"tag-deutschland","10":"tag-eu","11":"tag-europa","12":"tag-europe","13":"tag-germany","14":"tag-halle","15":"tag-halle-saale","16":"tag-headlines","17":"tag-nachrichten","18":"tag-news","19":"tag-saale","20":"tag-sachsen-anhalt","21":"tag-schlagzeilen"},"share_on_mastodon":{"url":"https:\/\/pubeurope.com\/@de\/114803123385037217","error":""},"_links":{"self":[{"href":"https:\/\/www.europesays.com\/de\/wp-json\/wp\/v2\/posts\/245417","targetHints":{"allow":["GET"]}}],"collection":[{"href":"https:\/\/www.europesays.com\/de\/wp-json\/wp\/v2\/posts"}],"about":[{"href":"https:\/\/www.europesays.com\/de\/wp-json\/wp\/v2\/types\/post"}],"author":[{"embeddable":true,"href":"https:\/\/www.europesays.com\/de\/wp-json\/wp\/v2\/users\/2"}],"replies":[{"embeddable":true,"href":"https:\/\/www.europesays.com\/de\/wp-json\/wp\/v2\/comments?post=245417"}],"version-history":[{"count":0,"href":"https:\/\/www.europesays.com\/de\/wp-json\/wp\/v2\/posts\/245417\/revisions"}],"wp:featuredmedia":[{"embeddable":true,"href":"https:\/\/www.europesays.com\/de\/wp-json\/wp\/v2\/media\/245418"}],"wp:attachment":[{"href":"https:\/\/www.europesays.com\/de\/wp-json\/wp\/v2\/media?parent=245417"}],"wp:term":[{"taxonomy":"category","embeddable":true,"href":"https:\/\/www.europesays.com\/de\/wp-json\/wp\/v2\/categories?post=245417"},{"taxonomy":"post_tag","embeddable":true,"href":"https:\/\/www.europesays.com\/de\/wp-json\/wp\/v2\/tags?post=245417"}],"curies":[{"name":"wp","href":"https:\/\/api.w.org\/{rel}","templated":true}]}}