{"id":245450,"date":"2025-07-05T23:24:15","date_gmt":"2025-07-05T23:24:15","guid":{"rendered":"https:\/\/www.europesays.com\/de\/245450\/"},"modified":"2025-07-05T23:24:15","modified_gmt":"2025-07-05T23:24:15","slug":"klitschko-fordert-taurus-raketen-lieferung-an-ukraine","status":"publish","type":"post","link":"https:\/\/www.europesays.com\/de\/245450\/","title":{"rendered":"Klitschko fordert Taurus-Raketen-Lieferung an Ukraine"},"content":{"rendered":"<p><strong>Angesichts der anhaltenden russischen Angriffe auf die <a href=\"https:\/\/www.hasepost.de\/gruene-fordern-mehr-finanzhilfe-fuer-ukraine-von-merz-611759\/\" rel=\"nofollow noopener\" target=\"_blank\">Ukraine<\/a> richtet Kiews B\u00fcrgermeister einen eindringlichen Appell an die neue Bundesregierung. Vitali Klitschko fordert insbesondere die Lieferung von Taurus-Raketen und dr\u00e4ngt auf eine verst\u00e4rkte Unterst\u00fctzung durch Deutschland und Europa.<\/strong><\/p>\n<p>Appell an Bundeskanzler Merz<\/p>\n<p>Kiews B\u00fcrgermeister <strong>Vitali Klitschko<\/strong> fordert in einem Gastbeitrag f\u00fcr die \u201eBild am Sonntag\u201c Bundeskanzler <strong>Friedrich Merz (CDU)<\/strong> auf, Taurus-Raketen an die Ukraine zu liefern. Merz habe in der Vergangenheit zurecht betont, dass russische Angriffe auf zivile Ziele die Lieferung von Taurus zur Folge haben m\u00fcssten, schreibt Klitschko. \u201eWir hoffen, dass die neue Bundesregierung hier Wort h\u00e4lt\u201c, so der Kiewer B\u00fcrgermeister laut \u201eBild am Sonntag\u201c.<\/p>\n<p>Dringender Bedarf an Waffen<\/p>\n<p>Die Lage in der Ukraine beschreibt <strong>Vitali Klitschko<\/strong> als \u201eextrem schwierig\u201c. Er betont, dass die Soldaten jeden Meter an der Front verteidigen w\u00fcrden. Gerade jetzt, so Klitschko weiter, brauche das Land dringend weitere Waffen, \u201evor allem auch Flugabwehr f\u00fcr unsere St\u00e4dte\u201c. F\u00fcr die bereits geleistete Unterst\u00fctzung aus Deutschland in den vergangenen Jahren zeigt sich der B\u00fcrgermeister dankbar. Jedoch stellt er klar: \u201eDie Antwort auf Putins Ausweitung des Krieges kann nur eine gr\u00f6\u00dfere Unterst\u00fctzung Europas bedeuten.\u201c<\/p>\n<p>Warnung vor Ausweitung des Krieges<\/p>\n<p>Zugleich warnt <strong>Vitali Klitschko<\/strong> vor der strategischen Absicht des russischen Pr\u00e4sidenten, die gesamte Ukraine zu unterwerfen, \u201ekoste es, was es wolle\u201c \u2013 mit der Gefahr einer Ausweitung des Krieges \u00fcber die Landesgrenzen hinaus. \u201eWenn wir ihn nicht gemeinsam in der Ukraine aufhalten, dann wird er danach weitere L\u00e4nder angreifen\u201c, zitiert die \u201eBild am Sonntag\u201c den B\u00fcrgermeister.<\/p>\n<p>Nach Angaben von <strong>Vitali Klitschko<\/strong> sind allein in Kiew 2.000 Geb\u00e4ude zerst\u00f6rt. Pr\u00e4sident Putin wolle den Willen der Ukrainer brechen, \u201eaber das wird ihm nicht gelingen\u201c, so Klitschko weiter.<\/p>\n<p>Alle Zitate und Informationen beruhen auf dem Gastbeitrag von <strong>Vitali Klitschko<\/strong> in der \u201eBild am Sonntag\u201c.<\/p>\n<p>\u2728 <a href=\"https:\/\/www.hasepost.de\/ki\/\" rel=\"nofollow noopener\" target=\"_blank\">durch KI bearbeitet<\/a>, 6. Juli 2025 00:04.<\/p>\n","protected":false},"excerpt":{"rendered":"Angesichts der anhaltenden russischen Angriffe auf die Ukraine richtet Kiews B\u00fcrgermeister einen eindringlichen Appell an die neue Bundesregierung.&hellip;\n","protected":false},"author":2,"featured_media":245451,"comment_status":"","ping_status":"","sticky":false,"template":"","format":"standard","meta":{"footnotes":""},"categories":[4013],"tags":[331,332,13,14,15,4043,4044,850,307,12],"class_list":{"0":"post-245450","1":"post","2":"type-post","3":"status-publish","4":"format-standard","5":"has-post-thumbnail","7":"category-russland","8":"tag-aktuelle-nachrichten","9":"tag-aktuelle-news","10":"tag-headlines","11":"tag-nachrichten","12":"tag-news","13":"tag-russia","14":"tag-russian-federation","15":"tag-russische-foederation","16":"tag-russland","17":"tag-schlagzeilen"},"share_on_mastodon":{"url":"https:\/\/pubeurope.com\/@de\/114803210122226931","error":""},"_links":{"self":[{"href":"https:\/\/www.europesays.com\/de\/wp-json\/wp\/v2\/posts\/245450","targetHints":{"allow":["GET"]}}],"collection":[{"href":"https:\/\/www.europesays.com\/de\/wp-json\/wp\/v2\/posts"}],"about":[{"href":"https:\/\/www.europesays.com\/de\/wp-json\/wp\/v2\/types\/post"}],"author":[{"embeddable":true,"href":"https:\/\/www.europesays.com\/de\/wp-json\/wp\/v2\/users\/2"}],"replies":[{"embeddable":true,"href":"https:\/\/www.europesays.com\/de\/wp-json\/wp\/v2\/comments?post=245450"}],"version-history":[{"count":0,"href":"https:\/\/www.europesays.com\/de\/wp-json\/wp\/v2\/posts\/245450\/revisions"}],"wp:featuredmedia":[{"embeddable":true,"href":"https:\/\/www.europesays.com\/de\/wp-json\/wp\/v2\/media\/245451"}],"wp:attachment":[{"href":"https:\/\/www.europesays.com\/de\/wp-json\/wp\/v2\/media?parent=245450"}],"wp:term":[{"taxonomy":"category","embeddable":true,"href":"https:\/\/www.europesays.com\/de\/wp-json\/wp\/v2\/categories?post=245450"},{"taxonomy":"post_tag","embeddable":true,"href":"https:\/\/www.europesays.com\/de\/wp-json\/wp\/v2\/tags?post=245450"}],"curies":[{"name":"wp","href":"https:\/\/api.w.org\/{rel}","templated":true}]}}