{"id":245521,"date":"2025-07-06T00:04:10","date_gmt":"2025-07-06T00:04:10","guid":{"rendered":"https:\/\/www.europesays.com\/de\/245521\/"},"modified":"2025-07-06T00:04:10","modified_gmt":"2025-07-06T00:04:10","slug":"berlin-brandenburg-berliner-staatssekretaer-fischer-ist-ob-kandidat-in-potsdam","status":"publish","type":"post","link":"https:\/\/www.europesays.com\/de\/245521\/","title":{"rendered":"Berlin &#038; Brandenburg: Berliner Staatssekret\u00e4r Fischer ist OB-Kandidat in Potsdam"},"content":{"rendered":"<p>                    Berlin &amp; Brandenburg<br \/>\n                Berliner Staatssekret\u00e4r Fischer ist OB-Kandidat in Potsdam<\/p>\n<p>\t\t\t\t              05.07.2025, 19:18 Uhr<\/p>\n<p><strong>Die SPD stellt in Potsdam seit 1990 den Oberb\u00fcrgermeister. Sie hat ihren Kandidaten f\u00fcr die OB-Wahl im September nominiert &#8211; er ist geb\u00fcrtiger Franke und arbeitet in Berlin.<\/strong><\/p>\n<p>Potsdam (dpa\/bb) &#8211; Der Berliner Wirtschaftsstaatssekret\u00e4r Severin Fischer (SPD) ist offizieller Oberb\u00fcrgermeisterkandidat der Potsdamer SPD. Bei einem Parteitag des SPD-Bezirks erhielt der 41-J\u00e4hrige 89,3 Prozent der Stimmen. F\u00fcr ihn votierten nach Teilnehmerangaben 100 Mitglieder, mit Nein stimmten 8, 4 enthielten sich. Fischer stellte sich den Fragen der Genossinnen und Genossen &#8211; es ging auch darum, warum er als Berliner antritt. Er nannte als wichtige Themen unter anderem Wohnen und sozialen Zusammenhalt. Am 21. September wird das Stadtoberhaupt gew\u00e4hlt.<\/p>\n<p>Der enge Mitarbeiter von Franziska Giffey erkl\u00e4rte nach Teilnehmerangaben, er kenne die Stadt aus seinen bisherigen \u00c4mtern und es k\u00f6nne auch ein Vorteil sein, von au\u00dfen und unvorbelastet zu kommen. Der geb\u00fcrtige Franke arbeitete von 2018 bis 2021 im Bundesfamilienministerium unter Giffey (SPD), von 2021 bis 2023 war er Chef der Berliner Senatskanzlei unter Giffey als Regierender B\u00fcrgermeisterin. Seit April 2023 ist er Staatssekret\u00e4r in der Senatsverwaltung f\u00fcr Wirtschaft, Energie und Betriebe.<\/p>\n<p>Mehrere Bewerber f\u00fcr den Chefsessel im Rathaus<\/p>\n<p>Die AfD nominierte den Vorsitzenden der AfD-Stadtfraktion, Chaled-Uwe Said, als OB-Kandidaten. Die fr\u00fchere Potsdamer Beigeordnete Noosha Aubel (parteilos), bisher Stadtr\u00e4tin und Dezernentin in Flensburg, hat eine Kandidatur angek\u00fcndigt. Die Potsdamer CDU-Kreisspitze schl\u00e4gt den Fraktionsvorsitzenden im Stadtparlament, Willo G\u00f6pel, als Kandidaten vor. Als Einzelbewerber tritt J\u00f6rn Karlipp an. Der &#8222;Tagesspiegel&#8220; berichtete, dass auch Bernd Blase als Einzelbewerber kandidieren wolle.<\/p>\n<p>Die SPD stellt seit 1990 den Rathauschef in Potsdam. Die SPD Potsdam setzt nach der Abwahl von Oberb\u00fcrgermeister Mike Schubert auf einen unbelasteten Mann von au\u00dfen. Kritiker weisen darauf hin, dass Fischer zu wenig Potsdam-Bezug haben k\u00f6nnte. Schubert war in einem B\u00fcrgerentscheid abgew\u00e4hlt worden. Mehrere Stadtfraktionen warfen ihm Missmanagement und Stillstand vor. Er galt auch wegen einer Aff\u00e4re um kostenlose Eintrittskarten f\u00fcr Sportveranstaltungen als besch\u00e4digt.<\/p>\n","protected":false},"excerpt":{"rendered":"Berlin &amp; Brandenburg Berliner Staatssekret\u00e4r Fischer ist OB-Kandidat in Potsdam 05.07.2025, 19:18 Uhr Die SPD stellt in Potsdam&hellip;\n","protected":false},"author":2,"featured_media":245522,"comment_status":"","ping_status":"","sticky":false,"template":"","format":"standard","meta":{"footnotes":""},"categories":[1816],"tags":[1960,1958,1959,1957,296,1956,8436,1890,29,10927,30,76056,7610,25841],"class_list":{"0":"post-245521","1":"post","2":"type-post","3":"status-publish","4":"format-standard","5":"has-post-thumbnail","7":"category-brandenburg","8":"tag-aktuelle-nachrichten-aus-berlin-und-brandenburg","9":"tag-aktuelle-nachrichten-aus-brandenburg","10":"tag-aktuelle-news-aus-berlin-und-brandenburg","11":"tag-aktuelle-news-aus-brandenburg","12":"tag-berlin","13":"tag-berlin-und-brandenburg","14":"tag-berliner","15":"tag-brandenburg","16":"tag-deutschland","17":"tag-fischer","18":"tag-germany","19":"tag-ob-kandidat","20":"tag-potsdam","21":"tag-staatssekretaer"},"share_on_mastodon":{"url":"https:\/\/pubeurope.com\/@de\/114803367273861473","error":""},"_links":{"self":[{"href":"https:\/\/www.europesays.com\/de\/wp-json\/wp\/v2\/posts\/245521","targetHints":{"allow":["GET"]}}],"collection":[{"href":"https:\/\/www.europesays.com\/de\/wp-json\/wp\/v2\/posts"}],"about":[{"href":"https:\/\/www.europesays.com\/de\/wp-json\/wp\/v2\/types\/post"}],"author":[{"embeddable":true,"href":"https:\/\/www.europesays.com\/de\/wp-json\/wp\/v2\/users\/2"}],"replies":[{"embeddable":true,"href":"https:\/\/www.europesays.com\/de\/wp-json\/wp\/v2\/comments?post=245521"}],"version-history":[{"count":0,"href":"https:\/\/www.europesays.com\/de\/wp-json\/wp\/v2\/posts\/245521\/revisions"}],"wp:featuredmedia":[{"embeddable":true,"href":"https:\/\/www.europesays.com\/de\/wp-json\/wp\/v2\/media\/245522"}],"wp:attachment":[{"href":"https:\/\/www.europesays.com\/de\/wp-json\/wp\/v2\/media?parent=245521"}],"wp:term":[{"taxonomy":"category","embeddable":true,"href":"https:\/\/www.europesays.com\/de\/wp-json\/wp\/v2\/categories?post=245521"},{"taxonomy":"post_tag","embeddable":true,"href":"https:\/\/www.europesays.com\/de\/wp-json\/wp\/v2\/tags?post=245521"}],"curies":[{"name":"wp","href":"https:\/\/api.w.org\/{rel}","templated":true}]}}