{"id":245611,"date":"2025-07-06T00:56:14","date_gmt":"2025-07-06T00:56:14","guid":{"rendered":"https:\/\/www.europesays.com\/de\/245611\/"},"modified":"2025-07-06T00:56:14","modified_gmt":"2025-07-06T00:56:14","slug":"kulturrucksack-mit-vielen-kostenlosen-angeboten-in-den-sommerferien","status":"publish","type":"post","link":"https:\/\/www.europesays.com\/de\/245611\/","title":{"rendered":"Kulturrucksack mit vielen kostenlosen Angeboten in den Sommerferien"},"content":{"rendered":"<p>            <a href=\"https:\/\/lokalklick.eu\/wp-content\/uploads\/2025\/07\/OB_Innenhofgestaltung_Artothek-Malschule.jpg\" data-caption=\"Im f\u00fcnft\u00e4gigen Workshop der Artothek werden unter anderem farbige Skulpturen f\u00fcr die bunten Randsteine im Innenhof hergestellt (Foto: Stadt Oberhausen)\" target=\"_blank\" rel=\"noopener\"><img loading=\"lazy\" decoding=\"async\" width=\"696\" height=\"406\" class=\"entry-thumb td-modal-image\" src=\"https:\/\/www.europesays.com\/de\/wp-content\/uploads\/2025\/07\/OB_Innenhofgestaltung_Artothek-Malschule-696x406.jpg\"   alt=\"\" title=\"OB_Innenhofgestaltung_Artothek Malschule\"\/><\/a>Im f\u00fcnft\u00e4gigen Workshop der Artothek werden unter anderem farbige Skulpturen f\u00fcr die bunten Randsteine im Innenhof hergestellt (Foto: Stadt Oberhausen)<br \/>\n            Anzeigen<a href=\"https:\/\/www.mheg-containershop.de\/\" target=\"_blank\" rel=\"noopener\"><img decoding=\"async\" src=\"https:\/\/www.europesays.com\/de\/wp-content\/uploads\/2025\/04\/MH_Anzeige_Container_1456x180.jpg\"\/><\/a><\/p>\n<p>\n<a href=\"https:\/\/www.rugana.de\/de\/Mecklenburg-Vorpommern\/Insel.Ruegen\/D41\" target=\"_blank\" rel=\"noopener\"><img decoding=\"async\" src=\"https:\/\/www.europesays.com\/de\/wp-content\/uploads\/2025\/04\/FeWo-Dranske-2-1456.jpg\"\/><\/a><\/p>\n<p><\/p>\n<p><strong>Oberhausen. <\/strong>Der Kulturrucksack bietet auch in den kommenden Sommerferien wieder kostenlose Workshops f\u00fcr Kinder und Jugendliche zwischen 10 und 14 Jahren an. Anmeldungen sind ab sofort m\u00f6glich.<\/p>\n<p><strong>Theater aus dem Nichts \u2013 Eine Kiste voller Fantasie! mit Lisa Brandenberg und Daniel Rothaug im Theater Oberhausen<\/strong><\/p>\n<p>Vom 14. bis 17. Juli 2025, jeweils von 10 bis 16 Uhr, im Theater Oberhausen, Will-Quadflieg-Platz 1 in 46045 Oberhausen.<\/p>\n<p>Durch professionelle Anleitung von Improvisationstechniken lernen die Teilnehmerinnen und Teilnehmer, auf ihre Intuition, Kreativit\u00e4t und k\u00f6rperlichen Impulse zur\u00fcckzugreifen. Auf der Grundlage eigener Ideen und Interessen werden kurze Szenen und Geschichten entwickelt. Anmeldung per Mail an <a href=\"https:\/\/lokalklick.eu\/2025\/07\/06\/kulturrucksack-mit-vielen-kostenlosen-angeboten-in-den-sommerferien\/mailto:fsjkultur@theater-oberhausen.de\" target=\"_blank\" rel=\"noopener noreferrer\">fsjkultur@theater-oberhausen.de<\/a> oder <a href=\"https:\/\/lokalklick.eu\/2025\/07\/06\/kulturrucksack-mit-vielen-kostenlosen-angeboten-in-den-sommerferien\/mailto:rothaug.daniel@gmail.com\" target=\"_blank\" rel=\"noopener noreferrer\">rothaug.daniel@gmail.com<\/a>.<\/p>\n<p><strong>Kubanische Cajintos \u2013 sechseckige Trommeln selbst gebaut mit Ingo Stanelle im Falkentreff<\/strong><\/p>\n<p>Vom 11. bis 15. August 2025, jeweils von 10 bis 13 Uhr, im Falkentreff, Richard-Dehmel-Stra\u00dfe 38 in 46119 Oberhausen<\/p>\n<p>Die Cajinto ist eine sechseckige Trommel, die urspr\u00fcnglich aus S\u00fcdamerika kommt. In diesem Workshop erlernt man in echter Handarbeit, wie sie entsteht. Die Teilnehmenden d\u00fcrfen sich handwerklich ausprobieren, hobeln, schleifen und die Trommel am Ende nach eigenem Geschmack gestalten. Anmeldung unter der Rufnummer 0208 602252 oder per Mail an <a href=\"https:\/\/lokalklick.eu\/2025\/07\/06\/kulturrucksack-mit-vielen-kostenlosen-angeboten-in-den-sommerferien\/mailto:falkentreff@web.de\" target=\"_blank\" rel=\"noopener noreferrer\">falkentreff@web.de<\/a>.<\/p>\n<p><strong>Zirkus-Feriencamp im Jugendtreff Parkhaus<\/strong><\/p>\n<p>Vom 4. bis 8. August 2025, jeweils 10 bis 14 Uhr, im Jugendtreff Parkhaus, Uhlandstra\u00dfe 35a, 46047 Oberhausen.<\/p>\n<p>Die Teilnehmerinnen und Teilnehmer gestalten im Team ihre eigene Auff\u00fchrung mit Jonglage-Elementen und Akrobatik, ebenso treffen sie die Musikauswahl. Anmeldung unter <a href=\"http:\/\/www.juggling-school.com\" target=\"_blank\" rel=\"noopener noreferrer\">www.juggling-school.com<\/a>.<\/p>\n<p><strong>Innenhofgestaltung der Artothek<\/strong><\/p>\n<p>F\u00fcnft\u00e4giger Garten- und Kunstprojekt-Workshop: 28., 29. Juli, 4., 5. und 7. August 2025, jeweils von 11 bis 16 Uhr, Els\u00e4sser Stra\u00dfe 17 in 46045 Oberhausen<\/p>\n<p>Der Innenhof der Artothek am Friedensplatz in der Oberhausener Innenstadt soll sch\u00f6ner werden! Kleine Pflanzbeete sind angelegt, Randsteine mit bunten Mosaiksteinen warten auf farbige Skulpturen. Mit dem K\u00fcnstler Guido Berndsen und der Designerin Eva Schroeter werden Insekten- und Ohrenkneifer-Hotels in Form von H\u00fchnern gebaut. Mit unterschiedlichen Materialien wie z. B. Maschendraht, Glasfasergewebe und Acrylat entwickeln die Teilnehmenden handwerkliche und individuell k\u00fcnstlerische F\u00e4higkeiten. Anmeldung per E-Mail an <a href=\"https:\/\/lokalklick.eu\/2025\/07\/06\/kulturrucksack-mit-vielen-kostenlosen-angeboten-in-den-sommerferien\/mailto:ursula.bendorf-depenbrock@oberhausen.de\" target=\"_blank\" rel=\"noopener noreferrer\">ursula.bendorf-depenbrock@oberhausen.de<\/a> oder an <a href=\"https:\/\/lokalklick.eu\/2025\/07\/06\/kulturrucksack-mit-vielen-kostenlosen-angeboten-in-den-sommerferien\/mailto:malschule-artothek@oberhausen.de\" target=\"_blank\" rel=\"noopener noreferrer\">malschule-artothek@oberhausen.de<\/a>.<\/p>\n<p><strong>Eintritt frei! Kostenlos ins Museum <\/strong><\/p>\n<p>Mit dem Kulturrucksack haben Kinder und Jugendliche von 10 bis 14 Jahren aus Kulturrucksack-St\u00e4dten mit bis zu drei Begleitpersonen (z. B. ein Kind plus zwei Erwachsene) vom 12. Juli bis 26. August 2025 freien Eintritt in die Kunstsammlung NRW in D\u00fcsseldorf und in das Deutsche Museum Bonn (beide sind montags geschlossen). Einfach das Info-Blatt (<a href=\"https:\/\/www.kulturellebildung-nrw.de\/wp-content\/uploads\/2025\/06\/2025_KR_Sommerferien.pdf\" target=\"_blank\" rel=\"noopener noreferrer\">2025_KR_Sommerferien.pdf<\/a>) ausgedruckt oder digital an der Kasse vorzeigen.<\/p>\n<p>Durch das Landesprojekt Kulturrucksack NRW wird jungen Menschen zwischen 10 und 14 Jahren die kostenlose Teilnahme an kulturellen Angeboten erm\u00f6glicht. In Oberhausen hat eine Kids-Jury \u00fcber das Kulturrucksack-Programm entschieden.<\/p>\n<p>Weitere Infos zum Kulturrucksack und weitere Angebote gibt es hier: <a href=\"http:\/\/www.kulturrucksack.nrw.de\" target=\"_blank\" rel=\"noopener noreferrer\">www.kulturrucksack.nrw.de<\/a>.<\/p>\n<p>Das Kulturb\u00fcro w\u00fcnscht allen viel Spa\u00df in den Sommerferien!<\/p>\n","protected":false},"excerpt":{"rendered":"Im f\u00fcnft\u00e4gigen Workshop der Artothek werden unter anderem farbige Skulpturen f\u00fcr die bunten Randsteine im Innenhof hergestellt (Foto:&hellip;\n","protected":false},"author":2,"featured_media":245612,"comment_status":"","ping_status":"","sticky":false,"template":"","format":"standard","meta":{"footnotes":""},"categories":[1838],"tags":[3364,29,3715,30,1209],"class_list":{"0":"post-245611","1":"post","2":"type-post","3":"status-publish","4":"format-standard","5":"has-post-thumbnail","7":"category-duisburg","8":"tag-de","9":"tag-deutschland","10":"tag-duisburg","11":"tag-germany","12":"tag-nordrhein-westfalen"},"share_on_mastodon":{"url":"https:\/\/pubeurope.com\/@de\/114803571750873136","error":""},"_links":{"self":[{"href":"https:\/\/www.europesays.com\/de\/wp-json\/wp\/v2\/posts\/245611","targetHints":{"allow":["GET"]}}],"collection":[{"href":"https:\/\/www.europesays.com\/de\/wp-json\/wp\/v2\/posts"}],"about":[{"href":"https:\/\/www.europesays.com\/de\/wp-json\/wp\/v2\/types\/post"}],"author":[{"embeddable":true,"href":"https:\/\/www.europesays.com\/de\/wp-json\/wp\/v2\/users\/2"}],"replies":[{"embeddable":true,"href":"https:\/\/www.europesays.com\/de\/wp-json\/wp\/v2\/comments?post=245611"}],"version-history":[{"count":0,"href":"https:\/\/www.europesays.com\/de\/wp-json\/wp\/v2\/posts\/245611\/revisions"}],"wp:featuredmedia":[{"embeddable":true,"href":"https:\/\/www.europesays.com\/de\/wp-json\/wp\/v2\/media\/245612"}],"wp:attachment":[{"href":"https:\/\/www.europesays.com\/de\/wp-json\/wp\/v2\/media?parent=245611"}],"wp:term":[{"taxonomy":"category","embeddable":true,"href":"https:\/\/www.europesays.com\/de\/wp-json\/wp\/v2\/categories?post=245611"},{"taxonomy":"post_tag","embeddable":true,"href":"https:\/\/www.europesays.com\/de\/wp-json\/wp\/v2\/tags?post=245611"}],"curies":[{"name":"wp","href":"https:\/\/api.w.org\/{rel}","templated":true}]}}