{"id":245640,"date":"2025-07-06T01:12:10","date_gmt":"2025-07-06T01:12:10","guid":{"rendered":"https:\/\/www.europesays.com\/de\/245640\/"},"modified":"2025-07-06T01:12:10","modified_gmt":"2025-07-06T01:12:10","slug":"30-jahre-adfc-radfahrschule-duesseldorf-antenne-duesseldorf","status":"publish","type":"post","link":"https:\/\/www.europesays.com\/de\/245640\/","title":{"rendered":"30 Jahre ADFC-Radfahrschule D\u00fcsseldorf &#8211; Antenne D\u00fcsseldorf"},"content":{"rendered":"<p><a class=\"shariff share__button btn btn-floating btn-dark\" data-services=\"facebook\" target=\"_blank\" data-useplain=\"true\"><\/a><a class=\"shariff share__button btn btn-floating btn-dark\" data-services=\"mail\" data-useplain=\"true\" data-mail-url=\"mailto:\" data-mail-body=\"Hallo! Hier ist ein interessanter Link f\u00fcr Dich: {url}  -  Viele Gr\u00fc\u00dfe\"><\/a><a class=\"shariff share__button btn btn-floating btn-dark\" data-services=\"twitter\" target=\"_blank\" data-useplain=\"true\"><\/a><\/p>\n<p>Wie fahre ich sicher mit dem Rad durch die Stadt? Bei dieser Frage hilft der <a href=\"https:\/\/duesseldorf.adfc.de\/\" rel=\"noopener noreferrer nofollow\" target=\"_blank\">Allgemeine Deutsche Fahrradclub in D\u00fcsseldorf<\/a> \u2013 und das schon seit 30 Jahren.\u00a0Die ADFC-Radfahrschule f\u00fcr Erwachsene\u00a0feiert am Samstag ihr Jubil\u00e4um.<\/p>\n<p>Jubil\u00e4umsfeier der ADFC-Radfahrschule<\/p>\n<p>Von 15:30 Uhr bis 18:30 Uhr gibt es verschiedene Aktionen auf dem Platz der <a href=\"https:\/\/www.duesseldorf.de\/verkehrsmanagement\/verkehrssicherheit\/jugendverkehrsschule\" rel=\"noopener noreferrer nofollow\" target=\"_blank\">Jugendverkehrsschule in Rath<\/a>. Interessierte k\u00f6nnen unter anderem den Fahrsicherheitsparcours testen und sich Tipps zum sicheren Radfahren abholen. Dazu gibt es auch Essen und Getr\u00e4nke.<\/p>\n<p>Ehrenamtliche Kurse f\u00fcr nachhaltige Mobilit\u00e4t<\/p>\n<p>Der ADFC hier in D\u00fcsseldorf bietet regelm\u00e4\u00dfig ehrenamtlich Kurse f\u00fcr Erwachsene an, um beispielsweise dabei zu helfen, die Angst vor dem Stra\u00dfenverkehr zu \u00fcberwinden. Der Fahrradclub selbst bezeichnet das als einen Meilenstein f\u00fcr die Verkehrswende. Man wolle damit nachhaltige Mobilit\u00e4t attraktiver machen.<\/p>\n<p>Weitere Infos und Links zum Thema:<\/p>\n<p><a href=\"https:\/\/9eu86.r.a.d.sendibm1.com\/mk\/mr\/sh\/SMJz09SDriOHUOENYs5Tg1z5xSJJ\/dPiURahSUV21\" rel=\"noopener noreferrer nofollow\" target=\"_blank\">So berichtet der ADFC D\u00fcsseldorf<\/a><\/p>\n<p><a href=\"https:\/\/www.antenneduesseldorf.de\/artikel\/forderungskatalog-des-adfc-2372419.html\" rel=\"noopener noreferrer nofollow\" target=\"_blank\">Forderungskatalog des ADFC<\/a><\/p>\n<p><a href=\"https:\/\/www.antenneduesseldorf.de\/artikel\/duesseldorf-schlechter-als-koeln-beim-fahrradklimatest-2357302.html\" rel=\"noopener noreferrer nofollow\" target=\"_blank\">Fahrradklimatest mit ern\u00fcchternden Ergebnissen f\u00fcr unsere Stadt<\/a><\/p>\n<p><a href=\"https:\/\/www.visitduesseldorf.de\/informieren\/duesseldorf-mit-dem-rad\" rel=\"noopener noreferrer nofollow\" target=\"_blank\">Visit D\u00fcsseldorf: Die sch\u00f6nsten Fahrradrouten<\/a><\/p>\n","protected":false},"excerpt":{"rendered":"Wie fahre ich sicher mit dem Rad durch die Stadt? Bei dieser Frage hilft der Allgemeine Deutsche Fahrradclub&hellip;\n","protected":false},"author":2,"featured_media":117149,"comment_status":"","ping_status":"","sticky":false,"template":"","format":"standard","meta":{"footnotes":""},"categories":[1831],"tags":[7380,3275,52418,8406,3364,29,3405,1234,30,17762,1209,17064],"class_list":{"0":"post-245640","1":"post","2":"type-post","3":"status-publish","4":"format-standard","5":"has-post-thumbnail","7":"category-duesseldorf","8":"tag-adfc","9":"tag-lokalnachrichten","10":"tag-30-jahre","11":"tag-dsseldorf","12":"tag-de","13":"tag-deutschland","14":"tag-duesseldorf","15":"tag-fahrrad","16":"tag-germany","17":"tag-jubilum","18":"tag-nordrhein-westfalen","19":"tag-radfahren"},"share_on_mastodon":{"url":"https:\/\/pubeurope.com\/@de\/114803634749508143","error":""},"_links":{"self":[{"href":"https:\/\/www.europesays.com\/de\/wp-json\/wp\/v2\/posts\/245640","targetHints":{"allow":["GET"]}}],"collection":[{"href":"https:\/\/www.europesays.com\/de\/wp-json\/wp\/v2\/posts"}],"about":[{"href":"https:\/\/www.europesays.com\/de\/wp-json\/wp\/v2\/types\/post"}],"author":[{"embeddable":true,"href":"https:\/\/www.europesays.com\/de\/wp-json\/wp\/v2\/users\/2"}],"replies":[{"embeddable":true,"href":"https:\/\/www.europesays.com\/de\/wp-json\/wp\/v2\/comments?post=245640"}],"version-history":[{"count":0,"href":"https:\/\/www.europesays.com\/de\/wp-json\/wp\/v2\/posts\/245640\/revisions"}],"wp:featuredmedia":[{"embeddable":true,"href":"https:\/\/www.europesays.com\/de\/wp-json\/wp\/v2\/media\/117149"}],"wp:attachment":[{"href":"https:\/\/www.europesays.com\/de\/wp-json\/wp\/v2\/media?parent=245640"}],"wp:term":[{"taxonomy":"category","embeddable":true,"href":"https:\/\/www.europesays.com\/de\/wp-json\/wp\/v2\/categories?post=245640"},{"taxonomy":"post_tag","embeddable":true,"href":"https:\/\/www.europesays.com\/de\/wp-json\/wp\/v2\/tags?post=245640"}],"curies":[{"name":"wp","href":"https:\/\/api.w.org\/{rel}","templated":true}]}}