{"id":245721,"date":"2025-07-06T01:59:08","date_gmt":"2025-07-06T01:59:08","guid":{"rendered":"https:\/\/www.europesays.com\/de\/245721\/"},"modified":"2025-07-06T01:59:08","modified_gmt":"2025-07-06T01:59:08","slug":"familienspielfest-streetfood-hoeker-fest-das-ist-am-wochenende-in-owl-los","status":"publish","type":"post","link":"https:\/\/www.europesays.com\/de\/245721\/","title":{"rendered":"Familienspielfest, Streetfood, Hoeker-Fest: Das ist am Wochenende in OWL los"},"content":{"rendered":"<p id=\"absatz1\" class=\"em_text\">In Sachen Veranstaltungen und Events ist in Ostwestfalen-Lippe das ganze Jahr viel los, egal ob Kultur in einer Ausstellung oder Schauspiel im Theater. Von Party bis Entspannung: Wir fassen abwechslungsreiche Veranstaltungstipps f\u00fcr das Wochenende f\u00fcr Sie zusammen. Nichts Passendes dabei? Schauen Sie auch bei unserem \u201e<a href=\"https:\/\/www.nw.de\/events\" target=\"_blank\" rel=\"noopener\">NW\u201c-Eventportal<\/a> vorbei.<\/p>\n<p>Kesselbrink spielt!<\/p>\n<p>        <a href=\"https:\/\/www.nw.de\/_em_daten\/_cache\/image\/1xRDhlVms3Mk03Y3o2VzVYUUVVNzVjYWJJNlRQS3MyS2lEaVYzb3AyVGtXNjl6eWQxazJXdVV0UWVGTmhGNFpCVHBGcHVxaEphQzZldEw3S2owUzI5dTNja1BQVGRYb2t3NUFsVEllNk5sdW89\/250703-1119-634447150.jpg\" class=\"nw-article-image\" title=\"Egal ob Klein oder Gro\u00df: In den vergangenen Jahren begeisterte das Familienfest auf dem Kesselbrink.\" data-glightbox=\"type: image; description: Egal ob Klein oder Gro\u00df: In den vergangenen Jahren begeisterte das Familienfest auf dem Kesselbrink.  | \u00a9 BARBARA FRANKE \" target=\"_blank\" rel=\"noopener\"><br \/>\n            <img decoding=\"async\" src=\"https:\/\/www.europesays.com\/de\/wp-content\/uploads\/2025\/07\/250703-1119-634447150.jpg\" class=\"nw-img-fluid nw-w-full nw-lazy nw-rounded-t-md\" alt=\"Egal ob Klein oder Gro\u00df: In den vergangenen Jahren begeisterte das Familienfest auf dem Kesselbrink. - \u00a9 BARBARA FRANKE\" data-format=\"16:9\"\/><br \/>\n        <\/a><\/p>\n<p>                Egal ob Klein oder Gro\u00df: In den vergangenen Jahren begeisterte das Familienfest auf dem Kesselbrink.<br \/>\n                                    | \u00a9 BARBARA FRANKE<\/p>\n<p id=\"absatz3\"><b class=\"bold\">Sonntag, 6. Juli <\/b><\/p>\n<p id=\"absatz4\" class=\"em_text\">An diesem Sonntag verwandelt sich der Kesselbrink in ein farbenfrohes Spielfeld f\u00fcr Gro\u00df und Klein: Das Familienspielfest \u201eKesselbrink spielt!\u201c l\u00e4dt Familien, Kinder und alle Interessierten zu einem Nachmittag voller Spiel, Spa\u00df und Gemeinschaft ein \u2013 mit einem ganz besonderen Schwerpunkt: den Kinderrechten.<\/p>\n<p>\n        \u00d7\n    <\/p>\n<p>\n            Sie erhalten in wenigen Minuten eine E-Mail zur Best\u00e4tigung Ihrer Anmeldung.\n        <\/p>\n<p>Erst danach ist diese abgeschlossen.<\/p>\n<p>Bitte pr\u00fcfen Sie auch den Spam-Ordner.<\/p>\n<p>\n        \u00d7\n    <\/p>\n<p>\n            Sie haben bisher Ihre E-Mail-Adresse noch nicht best\u00e4tigt.\n        <\/p>\n<p>Erst danach ist diese abgeschlossen.<\/p>\n<p>Bitte pr\u00fcfen Sie auch den Spam-Ordner.<\/p>\n<p>\n        \u00d7\n    <\/p>\n<p>\n            Es ist einen Fehler aufgetreten\n        <\/p>\n<p>Bei Fragen hilft unser Newsletter-Support<\/p>\n<p> Newsletter<\/p>\n<p> Wirtschaft <\/p>\n<p>W\u00f6chentlich die neuesten Wirtschaftsthemen und Entwicklungen aus OWL.<\/p>\n<p>                Jetzt anmelden<\/p>\n<p id=\"absatz6\" class=\"em_text\">Veranstaltet wird das Fest vom B\u00fcro f\u00fcr Sozialplanung der Stadt Bielefeld, der Tr\u00e4gergemeinschaft des Gr\u00fcnen W\u00fcrfels sowie Bielefeld United e. V. \u2013 mit tatkr\u00e4ftiger und finanzieller Unterst\u00fctzung der Bielefelder Wohnungsgesellschaft (BWG). Unterst\u00fctzt von zahlreichen Bielefelder Vereinen, Initiativen und Institutionen wird ein abwechslungsreiches Programm geboten, das spielerisch vermittelt, wie wichtig es ist, die Rechte von Kindern zu kennen, zu achten und zu sch\u00fctzen.<\/p>\n<p id=\"absatz7\" class=\"em_text\">Das Angebot reicht von kreativen Mitmachaktionen, spannenden Spielstationen und sportlichen Herausforderungen bis hin zu besonderen Highlights wie Elektromotorr\u00e4dern f\u00fcr Kinder, einem mobilen Fahrrad-Reparaturstand und einem Foodcourt mit kulinarischen Spezialit\u00e4ten aus Bielefelds Partnerst\u00e4dten. Bewegung, Begegnung und Beteiligung stehen dabei im Mittelpunkt.<\/p>\n<p id=\"absatz8\"><b class=\"bold\">\ud83d\udcc5 Datum &amp; Uhrzeit:<\/b> Sonntag, 6. Juli, von 13 bis 18 Uhr<\/p>\n<p id=\"absatz9\"><b class=\"bold\">\ud83d\udccd Adresse: <\/b>Kesselbrink, 33602 Bielefeld<\/p>\n<p id=\"absatz10\"><b class=\"bold\">\ud83c\udfab <\/b><b class=\"bold\">Eintritt: <\/b>Frei<\/p>\n<p id=\"absatz11\"><b class=\"bold\">&gt;&gt;&gt; Im \u00dcberblick: <\/b><a href=\"https:\/\/www.nw.de\/lokal\/bielefeld\/mitte\/23511913_Wochenendtipps-fuer-Bielefeld-Zirkus-Parkplatz-Rock-und-ein-inklusives-Sportfest-ET.html\" target=\"_blank\" rel=\"noopener\">Wochenendtipps f\u00fcr Bielefeld<\/a><\/p>\n<p>\u201eRadio G\u00fctersloh\u201c-Sommerfest<\/p>\n<p>        <a href=\"https:\/\/www.nw.de\/_em_daten\/_cache\/image\/1xbEd2c2lNMlJEd01EU05uRmU5N0pQTmlPQWlVRGNERGN0dC83cEp1NTQ1K0ZxNUJOQWNCL1JkOVNUS1UzVHlYTXV3ZHBPRFdyK28zSzJ5NXZwQmhQSHc9PQ\/250703-1119-634465636.jpg\" class=\"nw-article-image\" title=\"Radio G\u00fctersloh feiert ein gro\u00dfes Sommerfest im Rietberger Gartenschaupark.\" data-glightbox=\"type: image; description: Radio G\u00fctersloh feiert ein gro\u00dfes Sommerfest im Rietberger Gartenschaupark.  | \u00a9 Radio G\u00fctersloh \" target=\"_blank\" rel=\"noopener\"><br \/>\n            <img decoding=\"async\" src=\"https:\/\/www.europesays.com\/de\/wp-content\/uploads\/2025\/07\/250703-1119-634465636.jpg\" class=\"nw-img-fluid nw-w-full nw-lazy nw-rounded-t-md\" alt=\"Radio G\u00fctersloh feiert ein gro\u00dfes Sommerfest im Rietberger Gartenschaupark. - \u00a9 Radio G\u00fctersloh\" data-format=\"16:9\"\/><br \/>\n        <\/a><\/p>\n<p>                Radio G\u00fctersloh feiert ein gro\u00dfes Sommerfest im Rietberger Gartenschaupark.<br \/>\n                                    | \u00a9 Radio G\u00fctersloh<\/p>\n<p id=\"absatz13\"><b class=\"bold\">Sonntag, 6. Juli <\/b><\/p>\n<p id=\"absatz14\" class=\"em_text\">Jede Menge Trubel im Parkteil Nord: Das \u201eRadio G\u00fctersloh\u201c-Sommerfest feiert seine Premiere. Auf der B\u00fchne warten unterhaltsame Shows und ein buntes Programm auf die G\u00e4ste, dazu gibt es viele tolle Angebote zum Schauen, Ausprobieren und Mitmachen. Der bekannte und beliebte Kinderliedermacher Volker Rosin ist mit von der Partie und bringt die Kids mit seiner \u201eTierischen Kinderdisco\u201c zum Tanzen und zum H\u00fcpfen. Eine Physik-Show mit Professor Gr\u00fcning offenbart Erstaunliches, denn der Professor geht aufs Ganze: Er atmet Helium ein, bis er klingt wie eine Cartoon-Figur, oder entz\u00fcndet seine eigene Hand \u2013 Nachmachen nicht zu empfehlen. Schwungvoll d\u00fcrfte es auch werden beim Tanzwettbewerb: Radio G\u00fctersloh sucht die beste Tanzgruppe aus dem gesamten Kreisgebiet. Dazu gibt es eine Entdecker-Zone, Trommel-Workshops, Musik, Akrobatik-Shows, eine Maskottchenparade, Rundfl\u00fcge mit dem Helikopter und und und.<\/p>\n<p id=\"absatz15\">\ud83d\udcc5 <b class=\"bold\">Datum &amp; <\/b><b class=\"bold\">Uhrzeit: <\/b>Sonntag, 6. Juli von 11 bis 18 Uhr<\/p>\n<p id=\"absatz16\">\ud83d\udccd <b class=\"bold\">Adresse:<\/b> Gartenschaupark Rietberg &#8211; Parkteil Nord, Stennerlandstra\u00dfe 89, 33397 Rietberg<\/p>\n<p id=\"absatz17\">\ud83c\udfab <b class=\"bold\">Eintritt: <\/b>Tageskarten kosten 6 Euro pro Erwachsenem, Kinder ab 4 Jahren zahlen 2 Euro. J\u00fcngere Kinder und Inhaber einer Dauerkarte haben freien Eintritt.<\/p>\n<p id=\"absatz18\"><b class=\"bold\">&gt;&gt;&gt; Im \u00dcberblick: <\/b><a href=\"https:\/\/www.nw.de\/lokal\/kreis_guetersloh\/guetersloh\/23545113_Magie-und-Artistik-beim-Neujahrsvariete-Das-ist-am-Wochenende-im-Kreis-Guetersloh-los-ET-v1.html\" target=\"_blank\" rel=\"noopener\">Wochenendtipps f\u00fcr den Kreis G\u00fctersloh<\/a><\/p>\n<p>Zoo-Revival-Party in Paderborn<\/p>\n<p id=\"absatz19\"><b class=\"bold\">Samstag, 5. Juli <\/b><\/p>\n<p id=\"absatz20\" class=\"bodytext\">Im Autohaus Weller gibt es ein besonderes Jubil\u00e4um. Die Zoo-Revival-Party feiert ihr 25-j\u00e4hriges Bestehen und l\u00e4dt deshalb am Samstag auf den roten Teppich. F\u00fcr Musik sorgen DJ Atilla und DJ Dezibl.<\/p>\n<p id=\"absatz21\">\ud83d\udcc5 <b class=\"bold\">Datum &amp; Uhrzeit: <\/b>Samstag, 5. Juli, 20 Uhr<\/p>\n<p id=\"absatz22\">\ud83d\udccd <b class=\"bold\">Adresse: <\/b>Autohaus Weller, Stedener Feld 2, 33104 Paderborn<\/p>\n<p id=\"absatz23\">\ud83c\udfab <b class=\"bold\">Eintritt:<\/b> 20 Euro. Abholung m\u00f6glich bei der Vitality Lounge, Dubelohstra\u00dfe 260 (Paypal-Bezahlung) und bei Tokyos Taste, Detmolder Str. 74 und Die Currywurst, Frankfurter Weg 58 (beides nur Barzahlung)<\/p>\n<p id=\"absatz24\"><b class=\"bold\">&gt;&gt;&gt; Im \u00dcberblick: <\/b><a href=\"https:\/\/www.nw.de\/lokal\/kreis_paderborn\/paderborn\/23711480_Veranstaltungstipps-im-Kreis-Paderborn-Bierfest-Paderbrunch-und-offene-Ateliers-v1.html\" target=\"_blank\" rel=\"noopener\">Wochenendtipps f\u00fcr den Kreis Paderborn<\/a><\/p>\n<p>\n                Empfohlener redaktioneller Inhalt\n            <\/p>\n<p>\n                Wir bieten an dieser Stelle weitere externe Informationen zu dem Artikel an. Mit einem Klick k\u00f6nnen Sie sich diese anzeigen lassen und auch wieder ausblenden.\n            <\/p>\n<p>\n                Wenn Sie sich externe Inhalte anzeigen lassen, erkl\u00e4ren Sie sich damit<br \/>\n                ein-verstanden, dass personenbezogene Daten an Drittplattformen<br \/>\n                \u00fcbermittelt werden.\n            <\/p>\n<p>                Weitere Hinweise dazu finden Sie in unserer<br \/>\n                <a href=\"\" class=\"nw-text-red-0\">Datenschutzerkl\u00e4rung.<\/a><\/p>\n<p> Feuerwehrfest in Nieheim<\/p>\n<p>        <a href=\"https:\/\/www.nw.de\/_em_daten\/_cache\/image\/1xWVhvcEZFT3ZLMEhDZ3Avd0tRTXB2NzFMU2wvQ0ZicmFCejZxeEJjWGc5NjVuOHdvVjZabFZUbzEwVThuUTFpczF1Y2E3SWw1VnZyVDBNcDdKT1lSb3c9PQ\/250703-1119-634478691.jpg\" class=\"nw-article-image\" title=\"Ein imposantes Bild bot sich den G\u00e4sten beim Feuerwehrfest in Nieheim.\" data-glightbox=\"type: image; description: Ein imposantes Bild bot sich den G\u00e4sten beim Feuerwehrfest in Nieheim.  | \u00a9 Josef K\u00f6hne \" target=\"_blank\" rel=\"noopener\"><br \/>\n            <img decoding=\"async\" src=\"https:\/\/www.europesays.com\/de\/wp-content\/uploads\/2025\/07\/250703-1119-634478691.jpg\" class=\"nw-img-fluid nw-w-full nw-lazy nw-rounded-t-md\" alt=\"Ein imposantes Bild bot sich den G\u00e4sten beim Feuerwehrfest in Nieheim. - \u00a9 Josef K\u00f6hne\" data-format=\"16:9\"\/><br \/>\n        <\/a><\/p>\n<p>                Ein imposantes Bild bot sich den G\u00e4sten beim Feuerwehrfest in Nieheim.<br \/>\n                                    | \u00a9 Josef K\u00f6hne<\/p>\n<p id=\"absatz27\"><b class=\"bold\">Freitag, 4. Juli, bis Sonntag, 6. Juli<\/b><\/p>\n<p id=\"absatz28\" class=\"em_text\">Die Feuerwehr in Nieheim feiert gemeinsam mit der Bev\u00f6lkerung alle drei Jahre das Feuerwehrfest. Dieses Jahr aber erstmals nicht von samstags bis montags, sondern familienfreundlich von Freitag bis Sonntag. H\u00f6hepunkte sind laut Veranstaltern die Umz\u00fcge am Samstag und das Feuerwehrfr\u00fchst\u00fcck am Sonntag.<\/p>\n<p id=\"absatz29\">\ud83d\udcc5 <b class=\"bold\">Datum &amp; <\/b><b class=\"bold\">Uhrzeit:<\/b> Freitag, 4. Juli, bis Sonntag, 6. Juli<\/p>\n<p id=\"absatz30\">\ud83d\udccd <b class=\"bold\">Adresse:<\/b> Nieheimer Innenstadt<\/p>\n<p id=\"absatz31\">\ud83c\udfab <b class=\"bold\">Eintritt:<\/b> Frei<\/p>\n<p id=\"absatz32\"><b class=\"bold\">&gt;&gt;&gt; Im \u00dcberblick: <\/b><a href=\"https:\/\/www.nw.de\/lokal\/kreis_hoexter\/hoexter\/23700125_Wochenendtipps-fuer-den-Kreis-Hoexter-Dolly-Parton-Santiano-und-Fest-an-den-Teichen.html\" target=\"_blank\" rel=\"noopener\">Wochenendtipps f\u00fcr den Kreis H\u00f6xter<\/a><\/p>\n<p>Hoeker-Fest in der Herforder Innenstadt<\/p>\n<p>        <a href=\"https:\/\/www.nw.de\/_em_daten\/_cache\/image\/1xblY5ZWlKTjJTYjUwc1NOV3NJVFAyUjhxWmJtVnM5ZTRwaU9uM0dyK0ozMDRjallueHAvOVRUU0hHTXREZWdQbEtiQlhqVWt2dFFqdWszQkUxeE9NSGJkZUJyR0pIVVJRVHJHY1lyN0RLTmM9\/250703-1119-634487644.jpg\" class=\"nw-article-image\" title=\"Die Hoeker-Fest-Er\u00f6ffnung vergangenes Jahr.\" data-glightbox=\"type: image; description: Die Hoeker-Fest-Er\u00f6ffnung vergangenes Jahr.  | \u00a9 (Archivbild): Katharina Eisele \" target=\"_blank\" rel=\"noopener\"><br \/>\n            <img decoding=\"async\" src=\"https:\/\/www.europesays.com\/de\/wp-content\/uploads\/2025\/07\/250703-1119-634487644.jpg\" class=\"nw-img-fluid nw-w-full nw-lazy nw-rounded-t-md\" alt=\"Die Hoeker-Fest-Er\u00f6ffnung vergangenes Jahr. - \u00a9 (Archivbild): Katharina Eisele\" data-format=\"16:9\"\/><br \/>\n        <\/a><\/p>\n<p>                Die Hoeker-Fest-Er\u00f6ffnung vergangenes Jahr.<br \/>\n                                    | \u00a9 (Archivbild): Katharina Eisele<\/p>\n<p id=\"absatz34\"><b class=\"bold\">Mittwoch, 2. Juli, bis Sonntag, 6. Juli <\/b><\/p>\n<p id=\"absatz35\" class=\"bodytext\">Das Hoeker-Fest versetzt auch in diesem Jahr wieder die Herforder Innenstadt in einen Ausnahmezustand: Schon ab Mittwoch werden der Alte Markt, der Neue Markt und der G\u00e4nsemarkt zur Feierzone erkl\u00e4rt. Geliefert wird ein buntes Musikprogramm mit lokalen Bands und DJs &#8211; aber auch Herforder Vereine kommen nicht zu kurz. In dem Weindorf auf dem Neuen Markt (Er\u00f6ffnung am Mittwoch, 18.30 Uhr) k\u00f6nnen Besucher auch in diesem Jahr edle Tropfen probieren. Auf dem Linnenbauerplatz bietet der TG Herford ab Samstag ein umfangreiches Programm. Die Einzelh\u00e4ndler der Innenstadt werden auch wieder zum <a href=\"https:\/\/www.nw.de\/lokal\/kreis_herford\/herford\/23793054_Diese-verkaufsoffenen-Sonntage-sind-in-Herford-geplant.html\" target=\"_blank\" rel=\"noopener\">verkaufsoffenen Sonntag<\/a> einladen. Am 6. Juli werden die Gesch\u00e4fte zwischen 13 und 18 Uhr ge\u00f6ffnet haben. Alle Infos und das komplette Programm: <a href=\"https:\/\/www.nw.de\/lokal\/kreis_herford\/herford\/23916905_Hoeker-Fest-2025-in-Herford-Alle-Informationen-zur-Innenstadt-Fete-im-Ueberblick.html\" target=\"_blank\" rel=\"noopener\">Hoeker-Fest 2025 in Herford: Alle Informationen zur Innenstadt-Fete im \u00dcberblick<\/a><\/p>\n<p id=\"absatz36\">\ud83d\udcc5 <b class=\"bold\">Datum &amp; <\/b><b class=\"bold\">Uhrzeit:<\/b> Mittwoch, 2. Juli, ab 18 Uhr, bis Sonntag, 6. Juli, ab 11 Uhr<\/p>\n<p id=\"absatz37\">\ud83d\udccd <b class=\"bold\">Adresse:<\/b> <b class=\"bold\"> <\/b>Herforder Innenstadt, Alter Markt, Neuer Markt, G\u00e4nsemarkt, Linnenbauerplatz (ab Samstag)<\/p>\n<p id=\"absatz38\">\ud83c\udfab <b class=\"bold\">Eintritt: <\/b>Eintritt frei<\/p>\n<p id=\"absatz39\"><b class=\"bold\">&gt;&gt;&gt; Im \u00dcberblick: <\/b><a href=\"https:\/\/www.nw.de\/lokal\/kreis_herford\/herford\/23656765_Innenstadtfete-Weinfest-und-Feierabend-Lounge-Wochenendtipps-fuer-Herford-und-Minden-Luebbecke.html\" target=\"_blank\" rel=\"noopener\">Wochenendtipps f\u00fcr den Kreis Herford<\/a><\/p>\n<p>13. BWO Beachsoccer Cup in H\u00fcllhorst<\/p>\n<p>        <a href=\"https:\/\/www.nw.de\/_em_daten\/_cache\/image\/1xUkUwWDlCdVZUaVFXV3lqdEZYVmFqR29MTDVtSW1NUERlR2NFNVliYk5CZ1pMSzgvYlAxY3BubnJQY25KM1l5bStUem1DNVZNVFh2b0lNeXhnOVBJT1E9PQ\/250403-1127-521946215.jpg\" class=\"nw-article-image\" title=\"Burger, Tacos und mehr gibt&#039;s beim Streetfood-Festival.\" data-glightbox=\"type: image; description: Burger, Tacos und mehr gibt&#039;s beim Streetfood-Festival.  | \u00a9 Symbolfoto: Pixabay \" target=\"_blank\" rel=\"noopener\"><br \/>\n            <img decoding=\"async\" src=\"https:\/\/www.europesays.com\/de\/wp-content\/uploads\/2025\/07\/250403-1127-521946215.jpg\" class=\"nw-img-fluid nw-w-full nw-lazy nw-rounded-t-md\" alt=\"Burger, Tacos und mehr gibt's beim Streetfood-Festival. - \u00a9 Symbolfoto: Pixabay\" data-format=\"16:9\"\/><br \/>\n        <\/a><\/p>\n<p>                Burger, Tacos und mehr gibt&#8217;s beim Streetfood-Festival.<br \/>\n                                    | \u00a9 Symbolfoto: Pixabay<\/p>\n<p id=\"absatz41\"><b class=\"bold\">Freitag, 4. Juli, bis Sonntag, 6. Juli<\/b><\/p>\n<p id=\"absatz42\" class=\"bodytext\">Auch in diesem Jahr verwandelt sich der Sportplatz in Oberbauerschaft erneut an drei Tagen in die brasilianische Copacabana. Neben zahlreichen sportlichen Wettk\u00e4mpfen rund um den Ball finden abends auch immer Veranstaltungen, wie die Blau-Wei\u00dfe-Nacht am Freitag oder die Mallorca-Party am Samstag statt. Am Sonntag k\u00f6nnen sich die Besucher neben Sport und Spiel auf eine Tombola, eine H\u00fcpfburg, Fu\u00dfballdarts, Fu\u00dfballbillard und vieles mehr freuen.<\/p>\n<p id=\"absatz43\">\ud83d\udcc5 <b class=\"bold\">Datum &amp; Uhrzeit: <\/b>Freitag, 4. Juli, ab 17.30 Uhr, Samstag, 5. Juli, ab 10 Uhr und bis Sonntag, 6. Juli, ab 10 Uhr<\/p>\n<p id=\"absatz44\">\ud83d\udccd <b class=\"bold\">Adresse: <\/b>Sportplatz Oberbauerschaft, Beendorfer Stra\u00dfe 19, 32609 H\u00fcllhorst<\/p>\n<p id=\"absatz45\"><b class=\"bold\">&gt;&gt;&gt; Im \u00dcberblick: <\/b><a href=\"https:\/\/www.nw.de\/lokal\/kreis_herford\/herford\/23656765_Innenstadtfete-Weinfest-und-Feierabend-Lounge-Wochenendtipps-fuer-Herford-und-Minden-Luebbecke.html\" target=\"_blank\" rel=\"noopener\">Wochenendtipps f\u00fcr den Kreis Minden-L\u00fcbbecke<\/a><\/p>\n<p>Streetfood-Festival in Lemgo<\/p>\n<p>        <a href=\"https:\/\/www.nw.de\/_em_daten\/_cache\/image\/1xUkUwWDlCdVZUaVFXV3lqdEZYVmFqR29MTDVtSW1NUERlR2NFNVliYk5CaTJjekZEQ0lGcmJCVGNia1FRSmhYbjVDY2JDUDVXVzIwdFVteWtWWmkxamc9PQ\/250430-1626-535251635.jpg\" class=\"nw-article-image\" title=\"Burger, Tacos und mehr gibt&#039;s beim Streetfood-Festival.\" data-glightbox=\"type: image; description: Burger, Tacos und mehr gibt&#039;s beim Streetfood-Festival.  | \u00a9 Pixabay \" target=\"_blank\" rel=\"noopener\"><br \/>\n            <img decoding=\"async\" src=\"https:\/\/www.europesays.com\/de\/wp-content\/uploads\/2025\/07\/250430-1626-535251635.jpg\" class=\"nw-img-fluid nw-w-full nw-lazy nw-rounded-t-md\" alt=\"Burger, Tacos und mehr gibt's beim Streetfood-Festival. - \u00a9 Pixabay\" data-format=\"16:9\"\/><br \/>\n        <\/a><\/p>\n<p>                Burger, Tacos und mehr gibt&#8217;s beim Streetfood-Festival.<br \/>\n                                    | \u00a9 Pixabay<\/p>\n<p id=\"absatz47\"><b class=\"bold\">Freitag, 4. Juli, bis Sonntag, 6. Juli<\/b><\/p>\n<p id=\"absatz48\" class=\"em_text\">Am Wochenende des 4. bis 6. Juli 2025 verwandelt sich der Parkplatz \u201eAuf der Bleiche\u201c wieder in ein buntes Streetfood-Festival mit internationalem Flair.<\/p>\n<p id=\"absatz49\" class=\"em_text\">Rund 15 Foodtrucks aus ganz Deutschland reisen an und servieren Spezialit\u00e4ten aus aller Welt \u2013 deftig oder s\u00fc\u00df, klassisch oder kreativ. Mit dabei sind unter anderem Burger, Steinofenpizza, Tacos, Bowls, Pastrami-Kartoffelwaffeln, herzhafte Sandwiches sowie Churros und andere s\u00fc\u00dfe Leckereien. Alle Speisen werden direkt vor Ort zubereitet.<\/p>\n<p id=\"absatz50\" class=\"em_text\">F\u00fcr Kinder gibt es eine gro\u00dfe H\u00fcpfburg und bei gutem Wetter einen Spielbereich mit XXL-Klemmbausteinen. Das gesamte Gel\u00e4nde ist barrierefrei und hundefreundlich.<\/p>\n<p id=\"absatz51\">\ud83d\udcc5 <b class=\"bold\">Datum &amp; Uhrzeit: <\/b>Freitag, 4. Juli, ab 17 Uhr bis Sonntag, 6. Juli, ab 12 Uhr<\/p>\n<p id=\"absatz52\">\ud83d\udccd <b class=\"bold\">Adresse: <\/b>Parkplatz \u201eAuf der Bleiche\u201c, 32657 Lemgo<\/p>\n<p id=\"absatz53\">\ud83c\udfab <b class=\"bold\">Eintritt:<\/b> Eintritt frei<\/p>\n<p>Trampolinhallen in Ostwestfalen-Lippe<\/p>\n<p>        <a href=\"https:\/\/www.nw.de\/_em_daten\/_cache\/image\/1xKy9uTXBqekZZNGU2ZXlPS2FaNEl6MStEejZ6S1VaNkladUd3UG1pTG5KL2pDeVBjeWNsZHBMbEpoQXlvSERQNmZWeGlpSUZESWppMlBxMDRCU1RqRVE9PQ\/250227-1654-517571468.jpg\" class=\"nw-article-image\" title=\"In der bekannten Trampolinhalle \" springolino=\"\" in=\"\" herford=\"\" werden=\"\" geburtstagsfeiern=\"\" f=\"\" kinder=\"\" angeboten.=\"\" data-glightbox=\"type: image; description: In der bekannten Trampolinhalle &quot;Springolino&quot; in Herford werden Geburtstagsfeiern f\u00fcr Kinder angeboten.  | \u00a9 Ralf Bittner \" target=\"_blank\" rel=\"noopener\"><br \/>\n            <img decoding=\"async\" src=\"https:\/\/www.europesays.com\/de\/wp-content\/uploads\/2025\/04\/250227-1654-517571468.jpg\" class=\"nw-img-fluid nw-w-full nw-lazy nw-rounded-t-md\" alt=\"In der bekannten Trampolinhalle &quot;Springolino&quot; in Herford werden Geburtstagsfeiern f\u00fcr Kinder angeboten. - \u00a9 Ralf Bittner\" data-format=\"16:9\"\/><br \/>\n        <\/a><\/p>\n<p>                In der bekannten Trampolinhalle &#8222;Springolino&#8220; in Herford werden Geburtstagsfeiern f\u00fcr Kinder angeboten.<br \/>\n                                    | \u00a9 Ralf Bittner<\/p>\n<p id=\"absatz55\" class=\"em_text\">Hoch hinaus geht es nicht nur im Kletterpark, sondern auch in den Trampolinhallen in Ostwestfalen-Lippe. Springen, Saltos und Parcours \u2013 alles sicher abgefedert von Schaumstoff und Trampolinnetzen. Jumping-Begeisterte werden unter anderem an diesen Orten f\u00fcndig:<\/p>\n<p id=\"absatz56\"><b class=\"bold\">Superfly in Bielefeld: <\/b><\/p>\n<p id=\"absatz57\">\ud83d\udccd<b class=\"bold\">Adresse<\/b>: Babenhauser Str. 325, 33619 Bielefeld<\/p>\n<p id=\"absatz58\">\ud83d\udd52<b class=\"bold\">\u00d6ffnungszeiten<\/b>: Donnerstag, 29. Mai, und Freitag, 30. Mai, 10 bis 20 Uhr; generell montags bis freitags 15 bis 20 Uhr; samstags 10 bis 20 Uhr; sonntags 10 bis 19 Uhr<\/p>\n<p id=\"absatz59\"><b class=\"bold\">Springolino in Herford: <\/b><\/p>\n<p id=\"absatz60\">\ud83d\udccd<b class=\"bold\">Adresse<\/b>: Kiebitzstra\u00dfe 42, 32051 Herford<\/p>\n<p id=\"absatz61\">\ud83d\udd52<b class=\"bold\">\u00d6ffnungszeiten<\/b>: Mittwoch bis Freitag von 14.30 bis 19 Uhr; samstags und sonntags von 11 bis 19 Uhr<\/p>\n<p id=\"absatz62\"><b class=\"bold\">Hi! Jump Park in Minden: <\/b><\/p>\n<p id=\"absatz63\">\ud83d\udccd<b class=\"bold\">Adresse<\/b>: Gesellenweg 7, 32427 Minden<\/p>\n<p id=\"absatz64\">\ud83d\udd52<b class=\"bold\">\u00d6ffnungszeiten<\/b>: Donnerstag, 29. Mai, 15 bis 19 Uhr; generell t\u00e4glich von 15 bis 19 Uhr, am Wochenende bereits um 10 Uhr<\/p>\n<p id=\"absatz65\"><b class=\"bold\">Activity Park in Paderborn:<\/b><\/p>\n<p id=\"absatz66\">\ud83d\udccd<b class=\"bold\">Adresse<\/b>: Pamplonastra\u00dfe 15, 33106 Paderborn<\/p>\n<p id=\"absatz67\">\ud83d\udd52<b class=\"bold\">\u00d6ffnungszeiten<\/b>: Donnerstag, 29. Mai, 11 bis 19 Uhr; freitags 15 bis 20 Uhr; samstags 11 bis 20 Uhr; sonntags 11 bis 19 Uhr<\/p>\n<p>Kletterparks und Hochseilg\u00e4rten<\/p>\n<p>        <a href=\"https:\/\/www.nw.de\/_em_daten\/_cache\/image\/1xblY5ZWlKTjJTYjUwc1NOV3NJVFAyZmVHRUMwbUdBOUYwS0dBZ2N5MXR0bnZCN2llZ3k3TlRsOGxnYUdYUHFvNTNwZ3lIczNmMjk1NlIyOG9YY2l5QkE9PQ\/250227-1654-517571609.jpg\" class=\"nw-article-image\" title=\"Kletterpark Bielefeld\" data-glightbox=\"type: image; description: Kletterpark Bielefeld  | \u00a9 Andreas Zobe \" target=\"_blank\" rel=\"noopener\"><br \/>\n            <img decoding=\"async\" src=\"https:\/\/www.europesays.com\/de\/wp-content\/uploads\/2025\/04\/250227-1654-517571609.jpg\" class=\"nw-img-fluid nw-w-full nw-lazy nw-rounded-t-md\" alt=\"Kletterpark Bielefeld - \u00a9 Andreas Zobe\" data-format=\"16:9\"\/><br \/>\n        <\/a><\/p>\n<p>                Kletterpark Bielefeld<br \/>\n                                    | \u00a9 Andreas Zobe<\/p>\n<p id=\"absatz69\" class=\"em_text\">Wer keine H\u00f6henangst hat, kann sich in einem der zahlreichen Kletterparks und Hochseilg\u00e4rten in Ostwestfalen-Lippe ins n\u00e4chste Abenteuer st\u00fcrzen. Der \u00dcberblick:<\/p>\n<p id=\"absatz70\">F\u00fcr Indoor-Kletterfans ist die <b class=\"bold\">Boulderhalle Bielefeld<\/b> ein gutes Ausflugsziel. Auf 1.300 Quadratmeter Fl\u00e4che gibt es mehr als 300 Routen in verschiedenen Schwierigkeitsgraden.<\/p>\n<p id=\"absatz71\">\ud83d\udccd <b class=\"bold\">Adresse<\/b>: Am Waldbad 60, 33659 Bielefeld<\/p>\n<p id=\"absatz72\">\ud83d\udd52 \ud83c\udfab <b class=\"bold\">\u00d6ffnungszeiten und Preise<\/b>: <a href=\"https:\/\/www.boulderhalle-bielefeld.de\/zeiten-preise.html\" rel=\"noopener\" target=\"_blank\">zum Buchungssystem<\/a><\/p>\n<p id=\"absatz73\">Im Kreis G\u00fctersloh kann im <b class=\"bold\">Kletterpark Rietberg<\/b> geklettert werden. Hier wird zudem auch noch Bogenschie\u00dfen angeboten.<\/p>\n<p id=\"absatz74\">\ud83d\udccd <b class=\"bold\">Adresse<\/b>: Torfweg 53, 33397 Rietberg<\/p>\n<p id=\"absatz75\">\ud83d\udd52 \ud83c\udfab <b class=\"bold\">\u00d6ffnungszeiten und Preise<\/b>: <a href=\"https:\/\/www.schnurstracks-kletterparks.de\/rietberg\/oeffnungszeiten\" rel=\"noopener\" target=\"_blank\">zum Buchungssystem<\/a><\/p>\n<p id=\"absatz76\">Der <b class=\"bold\">Kletterpark Detmold<\/b> am Hermannsdenkmal bietet laut eigener Aussage sechs verschiedene Parcours mit unterschiedlichen Schwierigkeitsgraden an. Spezielle Bambini-Parcours sind f\u00fcr Kinder ab drei Jahren geeignet.<\/p>\n<p id=\"absatz77\">\ud83d\udccd <b class=\"bold\">Adresse<\/b>: Grotenburg 50, 32760 Detmold<\/p>\n<p id=\"absatz78\">\ud83d\udd52 \ud83c\udfab <b class=\"bold\">\u00d6ffnungszeiten und Preise<\/b>: <a href=\"https:\/\/www.interakteam.de\/kletterpark-detmold\/online-buchung\/\" rel=\"noopener\" target=\"_blank\">zum Buchungssystem<\/a><\/p>\n<p id=\"absatz79\">Der <b class=\"bold\">Kletterpark Bielefeld<\/b> geh\u00f6rt laut Beschreibung auf der Firmen-Homepage zu den gr\u00f6\u00dften in NRW und bietet zehn H\u00f6hen- und vier \u00dcbungsparcours. F\u00fcr Kinder ab drei Jahren und unter einer K\u00f6rpergr\u00f6\u00dfe von 120 cm gibt es mehrere Bambini-Parcours.<\/p>\n<p id=\"absatz80\">\ud83d\udccd <b class=\"bold\">Adresse<\/b>: Am Johannisberg 3, 33615 Bielefeld<\/p>\n<p id=\"absatz81\">\ud83d\udd52 \ud83c\udfab <b class=\"bold\">\u00d6ffnungszeiten und Preise<\/b>: <a href=\"https:\/\/www.interakteam.de\/kletterpark-bielefeld\/online-buchung\/\" rel=\"noopener\" target=\"_blank\">zum Buchungssystem<\/a><\/p>\n<p id=\"absatz82\">Der <b class=\"bold\">Kletterpark Paderborn<\/b> bietet eine Vielzahl von Herausforderungen f\u00fcr Anf\u00e4nger und Fortgeschrittene. F\u00fcr Kindergeburtstage ist ab sechs Kindern eine Anmeldung n\u00f6tig.<\/p>\n<p id=\"absatz83\">\ud83d\udccd <b class=\"bold\">Adresse<\/b>: Dubelohstra\u00dfe 79, 33102 Paderborn<\/p>\n<p id=\"absatz84\">\ud83d\udd52 \ud83c\udfab <b class=\"bold\">\u00d6ffnungszeiten und Preise<\/b>: <a href=\"https:\/\/www.paderkletterpark.de\/\" rel=\"noopener\" target=\"_blank\">zum Buchungssystem<\/a><\/p>\n<p>Zoos und Tierparks in OWL<\/p>\n<p>        <a href=\"https:\/\/www.nw.de\/_em_daten\/_cache\/image\/1xRDhlVms3Mk03Y3o2VzVYUUVVNzVjVTdlYVR3eGpjaFpyNWhpYTR3K2t1THZRV3BaWUpZSGl3R0taYmhCR29IeDI4QmQyYitIc0J2R2c5SjczdkFSZ3pVVm9PWHpJb284SFRRbkQ2dVE2UGs9\/250227-1654-517572874.jpg\" class=\"nw-article-image\" title=\"Tierpark Olderdissen im Nebel.\" data-glightbox=\"type: image; description: Tierpark Olderdissen im Nebel.  | \u00a9 Sarah Jonek \" target=\"_blank\" rel=\"noopener\"><br \/>\n            <img decoding=\"async\" src=\"https:\/\/www.europesays.com\/de\/wp-content\/uploads\/2025\/04\/250227-1654-517572874.jpg\" class=\"nw-img-fluid nw-w-full nw-lazy nw-rounded-t-md\" alt=\"Tierpark Olderdissen im Nebel. - \u00a9 Sarah Jonek\" data-format=\"16:9\"\/><br \/>\n        <\/a><\/p>\n<p>                Tierpark Olderdissen im Nebel.<br \/>\n                                    | \u00a9 Sarah Jonek<\/p>\n<p id=\"absatz86\" class=\"em_text\">Tierparks sind nicht nur genau das Richtige f\u00fcr viele Familien, sondern f\u00fcr alle, die gerne ein bisschen spazieren gehen und dabei Tiere beobachten. In Ostwestfalen-Lippe gibt es vier Tierparks, in manchen leben eher heimische Tierarten, in anderen sind auch Zebras, Tiger und Co. zu Hause.<\/p>\n<p id=\"absatz87\">Im <b class=\"bold\">Heimat-Tierpark Olderdissen<\/b> sind vor allem heimische Tiere zu Hause. Zu den Attraktionen geh\u00f6ren beispielsweise W\u00f6lfe, B\u00e4ren und Luchse.<\/p>\n<p id=\"absatz88\">\ud83d\udccd<b class=\"bold\">Adresse<\/b>: Dornberger Str. 151, 33619 Bielefeld<\/p>\n<p id=\"absatz89\">\ud83d\udd52<b class=\"bold\">\u00d6ffnungszeiten<\/b>: <a href=\"https:\/\/www.bielefeld.de\/tierpark\" rel=\"noopener\" target=\"_blank\">alle wichtigen Informationen<\/a><\/p>\n<p id=\"absatz90\">Im <b class=\"bold\">Tierpark in Herford<\/b> sind regionale und exotische Tiere zu Hause.<\/p>\n<p id=\"absatz91\">\ud83d\udccd<b class=\"bold\">Adresse<\/b>: Stadtholzstra\u00dfe 234, 32049 Herford<\/p>\n<p id=\"absatz92\">\ud83d\udd52<b class=\"bold\">\u00d6ffnungszeiten und Preise<\/b>: <a href=\"https:\/\/www.tierpark-herford.de\/oeffnungszeiten-und-preise\" rel=\"noopener\" target=\"_blank\">alle wichtigen Informationen<\/a><\/p>\n<p id=\"absatz93\">Auch die <b class=\"bold\">Adlerwarte Berlebeck<\/b> bietet ein umfangreiches Programm an: Es k\u00f6nnen 200 verschiedene V\u00f6gel aus etwa 40 verschiedenen Arten bewundert werden.<\/p>\n<p id=\"absatz94\">\ud83d\udccd<b class=\"bold\">Adresse<\/b>: Hangsteinstra\u00dfe (Parkplatz), 32760 Detmold<\/p>\n<p id=\"absatz95\">\ud83d\udd52<b class=\"bold\">\u00d6ffnungszeiten und Preise<\/b>: <a href=\"https:\/\/www.detmold-adlerwarte.de\/programme-preise\/\" rel=\"noopener\" target=\"_blank\">alle wichtigen Informationen<\/a><\/p>\n<p id=\"absatz96\">Das <b class=\"bold\">Safariland Stukenbrock <\/b>lockt mit 600 exotischen Tieren und rund 30 Attraktionen.<\/p>\n<p id=\"absatz97\">\ud83d\udccd<b class=\"bold\">Adresse<\/b>: Mittelweg 16, 33758 Schlo\u00df Holte-Stukenbrock<\/p>\n<p id=\"absatz98\">\ud83d\udd52<b class=\"bold\">\u00d6ffnungszeiten und Preise<\/b>: <a href=\"https:\/\/safariland-stukenbrock.de\/infos\" rel=\"noopener\" target=\"_blank\">alle wichtigen Informationen<\/a><\/p>\n<p>F\u00fcr Aktive und Wanderfreunde: Ausfl\u00fcge in OWL<\/p>\n<p>        <a href=\"https:\/\/www.nw.de\/_em_daten\/_cache\/image\/1xTGUyZXpzUmFNM2NoeUdJVnJOQngvNjZvZWsrb2xSVVpCaW8zU1g2ZHo4dFZWNy9wbXRIWWNFOGNIRjliNnBOQlRoSVVjTG02S1VrYWZaNCtnclptb3c9PQ\/250227-1654-517573198.jpg\" class=\"nw-article-image\" title=\"Wandern ist auch f\u00fcr Kinder ein Erlebnis.\" data-glightbox=\"type: image; description: Wandern ist auch f\u00fcr Kinder ein Erlebnis.  | \u00a9 Micha\u0142 auf Pixabay \" target=\"_blank\" rel=\"noopener\"><br \/>\n            <img decoding=\"async\" src=\"https:\/\/www.europesays.com\/de\/wp-content\/uploads\/2025\/04\/250227-1654-517573198.jpg\" class=\"nw-img-fluid nw-w-full nw-lazy nw-rounded-t-md\" alt=\"Wandern ist auch f\u00fcr Kinder ein Erlebnis. - \u00a9 Micha\u0142 auf Pixabay\" data-format=\"16:9\"\/><br \/>\n        <\/a><\/p>\n<p>                Wandern ist auch f\u00fcr Kinder ein Erlebnis.<br \/>\n                                    | \u00a9 Micha\u0142 auf Pixabay<\/p>\n<p id=\"absatz100\" class=\"em_text\">Um sch\u00f6ne und spannende Orte zu entdecken, muss man OWL nicht verlassen. M\u00f6glichkeiten f\u00fcr Tagesausfl\u00fcge gibt es gen\u00fcgend. Auch Wanderer und Radfahrer, die schon viele Routen in der Region in- und auswendig kennen, k\u00f6nnen noch neue Strecken entdecken. F\u00fcr uns haben Leserinnen und Leser weniger bekannte <a href=\"https:\/\/www.nw.de\/nachrichten\/zwischen_weser_und_rhein\/23000643_Fuenf-weniger-bekannte-Rad-und-Wanderwege-in-OWL-ET.html\" target=\"_blank\" rel=\"noopener\">Rad- und Wanderwege<\/a> empfohlen. Und noch ein paar Geheimtipps: <a href=\"https:\/\/www.nw.de\/lokal\/bielefeld\/mitte\/22438153_Geheimtipps-in-Bielefeld-Diese-10-Orte-muss-jeder-gesehen-haben-ET.html\" target=\"_blank\" rel=\"noopener\">Zehn Orte<\/a>, die man in Bielefeld gesehen haben muss, wenn man Sparrenburg, Teutoburger Wald und Co. schon oft genug bewundert hat.<\/p>\n<p id=\"absatz101\" class=\"em_text\">Wer doch lieber mit Freunden und Familie ein gem\u00fctliches Grillen veranstalten will, findet in OWL viele Grillfleischautomaten \u2013 sollte die Idee spontan kommen und der Metzger schon geschlossen haben:<\/p>\n<p id=\"absatz102\">\ud83d\udc49<b class=\"bold\">Grillfleisch to go:<\/b> <a href=\"https:\/\/www.nw.de\/nachrichten\/zwischen_weser_und_rhein\/21830173_Grillwurst-to-go-Hier-finden-Sie-in-OWL-Fleischautomaten.html\" target=\"_blank\" rel=\"noopener\">Hier finden Sie in OWL Fleischautomaten<\/a><\/p>\n<p id=\"absatz103\" class=\"em_text\">\u00dcber Konzerte und Comedy bis zu Theaterst\u00fccken und Kunstausstellungen: Das Eventportal \u201e<a href=\"https:\/\/www.nw.de\/events\" target=\"_blank\" rel=\"noopener\">Erwin<\/a>\u201c bietet eine \u00dcbersicht zu vielen Veranstaltungen in der Region. Veranstaltungen und Events in den Regionen:<\/p>\n<p id=\"absatz104\" class=\"em_text\"><a href=\"https:\/\/www.nw.de\/events\/city\/bielefeld\" target=\"_blank\" rel=\"noopener\">Veranstaltungen und Events \ud83c\udfab in Bielefeld<\/a><\/p>\n<p id=\"absatz105\" class=\"em_text\"><a href=\"https:\/\/www.nw.de\/events\/city\/guetersloh\" target=\"_blank\" rel=\"noopener\">Veranstaltungen und Events \ud83c\udfab in G\u00fctersloh<\/a><\/p>\n<p id=\"absatz106\" class=\"em_text\"><a href=\"https:\/\/www.nw.de\/events\/city\/herford\" target=\"_blank\" rel=\"noopener\">Veranstaltungen und Events \ud83c\udfab in Herford<\/a>, <a href=\"https:\/\/www.nw.de\/events\/city\/bad-oeynhausen\" target=\"_blank\" rel=\"noopener\">Bad Oeynhausen<\/a>, <a href=\"https:\/\/www.nw.de\/events\/city\/luebbecke\" target=\"_blank\" rel=\"noopener\">L\u00fcbbecke<\/a> und <a href=\"https:\/\/www.nw.de\/events\/city\/minden\" target=\"_blank\" rel=\"noopener\">Minden<\/a><\/p>\n<p id=\"absatz107\" class=\"em_text\"><a href=\"https:\/\/www.nw.de\/events\/search?term=h%C3%B6xter\" target=\"_blank\" rel=\"noopener\">Veranstaltungen und Events \ud83c\udfab in H\u00f6xter<\/a><\/p>\n<p id=\"absatz108\" class=\"em_text\"><a href=\"https:\/\/www.nw.de\/events\/city\/paderborn\" target=\"_blank\" rel=\"noopener\">Veranstaltungen und Events \ud83c\udfab in Paderborn<\/a> <\/p>\n","protected":false},"excerpt":{"rendered":"In Sachen Veranstaltungen und Events ist in Ostwestfalen-Lippe das ganze Jahr viel los, egal ob Kultur in einer&hellip;\n","protected":false},"author":2,"featured_media":245722,"comment_status":"","ping_status":"","sticky":false,"template":"","format":"standard","meta":{"footnotes":""},"categories":[1841],"tags":[1605,9344,3364,16397,29,4115,1234,553,76078,985,10120,30,22056,76082,23442,16398,25556,22051,25700,9311,9307,730,16359,1609,2379,9308,2377,1608,16896,9309,13372,16466,2381,9312,16362,22055,16395,45980,1209,76081,22058,22059,727,6415,76079,22054,10123,26099,76083,7764,13967,76080,16455],"class_list":{"0":"post-245721","1":"post","2":"type-post","3":"status-publish","4":"format-standard","5":"has-post-thumbnail","7":"category-bielefeld","8":"tag-bielefeld","9":"tag-bwg","10":"tag-de","11":"tag-detmold","12":"tag-deutschland","13":"tag-event","14":"tag-fahrrad","15":"tag-familie","16":"tag-familienspielfest","17":"tag-feuerwehr","18":"tag-gtersloh","19":"tag-germany","20":"tag-hxter","21":"tag-hllhorst","22":"tag-helikopter","23":"tag-herford","24":"tag-kesselbrink","25":"tag-kletterpark","26":"tag-kreis-paderborn","27":"tag-label_familie-freizeit","28":"tag-label_foto","29":"tag-label_grafik","30":"tag-label_inspiriere-mich","31":"tag-label_plus-ok","32":"tag-label_push","33":"tag-label_republish","34":"tag-label_startseite","35":"tag-label_top-news","36":"tag-label_xl-160","37":"tag-label_zeitboost","38":"tag-lemgo","39":"tag-meta_artikelklasse_service","40":"tag-meta_copyrights_rgowl_freier_mitarbeiter","41":"tag-meta_themen_familie_bildung_freizeit","42":"tag-meta_userneeds_inspirieremich","43":"tag-minden","44":"tag-neue-westflische","45":"tag-nieheim","46":"tag-nordrhein-westfalen","47":"tag-oberbauerschaft","48":"tag-ostwestfalen-lippe","49":"tag-owl","50":"tag-paderborn","51":"tag-paypal","52":"tag-radio-gtersloh","53":"tag-rietberg","54":"tag-serie_nlmittagsnotiz","55":"tag-streetfood","56":"tag-tokyo","57":"tag-uhrzeit","58":"tag-united","59":"tag-volker-rosin","60":"tag-wochenendtipp"},"share_on_mastodon":{"url":"","error":"Validation failed: Text character limit of 500 exceeded"},"_links":{"self":[{"href":"https:\/\/www.europesays.com\/de\/wp-json\/wp\/v2\/posts\/245721","targetHints":{"allow":["GET"]}}],"collection":[{"href":"https:\/\/www.europesays.com\/de\/wp-json\/wp\/v2\/posts"}],"about":[{"href":"https:\/\/www.europesays.com\/de\/wp-json\/wp\/v2\/types\/post"}],"author":[{"embeddable":true,"href":"https:\/\/www.europesays.com\/de\/wp-json\/wp\/v2\/users\/2"}],"replies":[{"embeddable":true,"href":"https:\/\/www.europesays.com\/de\/wp-json\/wp\/v2\/comments?post=245721"}],"version-history":[{"count":0,"href":"https:\/\/www.europesays.com\/de\/wp-json\/wp\/v2\/posts\/245721\/revisions"}],"wp:featuredmedia":[{"embeddable":true,"href":"https:\/\/www.europesays.com\/de\/wp-json\/wp\/v2\/media\/245722"}],"wp:attachment":[{"href":"https:\/\/www.europesays.com\/de\/wp-json\/wp\/v2\/media?parent=245721"}],"wp:term":[{"taxonomy":"category","embeddable":true,"href":"https:\/\/www.europesays.com\/de\/wp-json\/wp\/v2\/categories?post=245721"},{"taxonomy":"post_tag","embeddable":true,"href":"https:\/\/www.europesays.com\/de\/wp-json\/wp\/v2\/tags?post=245721"}],"curies":[{"name":"wp","href":"https:\/\/api.w.org\/{rel}","templated":true}]}}