{"id":245725,"date":"2025-07-06T02:02:09","date_gmt":"2025-07-06T02:02:09","guid":{"rendered":"https:\/\/www.europesays.com\/de\/245725\/"},"modified":"2025-07-06T02:02:09","modified_gmt":"2025-07-06T02:02:09","slug":"fussgaenger-geraet-in-wuppertal-unter-bus","status":"publish","type":"post","link":"https:\/\/www.europesays.com\/de\/245725\/","title":{"rendered":"Fu\u00dfg\u00e4nger ger\u00e4t in Wuppertal unter Bus"},"content":{"rendered":"<p>Ein Senior ist in Wuppertal unter einen Bus geraten und lebensgef\u00e4hrlich verletzt worden. Der 65-J\u00e4hrige war nach Angaben der Polizei an der Bushaltestelle Friedhof Unterbarmen ausgestiegen, als es am sp\u00e4ten Samstagabend zu dem Unfall kam. Der Mann st\u00fcrzte wohl, als der Bus gerade wieder anfuhr &#8211; er geriet unter die R\u00e4der. Der 65-J\u00e4hrige wurde in eine Klinik gebracht. Der Busfahrer wurde aufgrund eines Schocks betreut. <\/p>\n","protected":false},"excerpt":{"rendered":"Ein Senior ist in Wuppertal unter einen Bus geraten und lebensgef\u00e4hrlich verletzt worden. Der 65-J\u00e4hrige war nach Angaben&hellip;\n","protected":false},"author":2,"featured_media":245726,"comment_status":"","ping_status":"","sticky":false,"template":"","format":"standard","meta":{"footnotes":""},"categories":[1840],"tags":[3364,29,30,1209,15617,601,4418],"class_list":{"0":"post-245725","1":"post","2":"type-post","3":"status-publish","4":"format-standard","5":"has-post-thumbnail","7":"category-wuppertal","8":"tag-de","9":"tag-deutschland","10":"tag-germany","11":"tag-nordrhein-westfalen","12":"tag-unflle","13":"tag-verkehr","14":"tag-wuppertal"},"share_on_mastodon":{"url":"https:\/\/pubeurope.com\/@de\/114803831277104185","error":""},"_links":{"self":[{"href":"https:\/\/www.europesays.com\/de\/wp-json\/wp\/v2\/posts\/245725","targetHints":{"allow":["GET"]}}],"collection":[{"href":"https:\/\/www.europesays.com\/de\/wp-json\/wp\/v2\/posts"}],"about":[{"href":"https:\/\/www.europesays.com\/de\/wp-json\/wp\/v2\/types\/post"}],"author":[{"embeddable":true,"href":"https:\/\/www.europesays.com\/de\/wp-json\/wp\/v2\/users\/2"}],"replies":[{"embeddable":true,"href":"https:\/\/www.europesays.com\/de\/wp-json\/wp\/v2\/comments?post=245725"}],"version-history":[{"count":0,"href":"https:\/\/www.europesays.com\/de\/wp-json\/wp\/v2\/posts\/245725\/revisions"}],"wp:featuredmedia":[{"embeddable":true,"href":"https:\/\/www.europesays.com\/de\/wp-json\/wp\/v2\/media\/245726"}],"wp:attachment":[{"href":"https:\/\/www.europesays.com\/de\/wp-json\/wp\/v2\/media?parent=245725"}],"wp:term":[{"taxonomy":"category","embeddable":true,"href":"https:\/\/www.europesays.com\/de\/wp-json\/wp\/v2\/categories?post=245725"},{"taxonomy":"post_tag","embeddable":true,"href":"https:\/\/www.europesays.com\/de\/wp-json\/wp\/v2\/tags?post=245725"}],"curies":[{"name":"wp","href":"https:\/\/api.w.org\/{rel}","templated":true}]}}