{"id":245731,"date":"2025-07-06T02:05:39","date_gmt":"2025-07-06T02:05:39","guid":{"rendered":"https:\/\/www.europesays.com\/de\/245731\/"},"modified":"2025-07-06T02:05:39","modified_gmt":"2025-07-06T02:05:39","slug":"fall-in-bochum-mama-der-boese-mann-ist-wieder-da-neben-der-kita-steht-eine-gefaehrliche-unterkunft","status":"publish","type":"post","link":"https:\/\/www.europesays.com\/de\/245731\/","title":{"rendered":"Fall in Bochum &#8211; &#8222;Mama, der b\u00f6se Mann ist wieder da&#8220;: Neben der Kita steht eine gef\u00e4hrliche Unterkunft"},"content":{"rendered":"<p>In Bochum gibt es derzeit Aufregung wegen des Standorts einer Kita: Diese befindet sich laut &#8222;<a href=\"https:\/\/www.waz.de\/lokales\/bochum\/article409367065\/kita-neben-sammelunterkunft-eltern-klagen-ueber-massive-gefahr.html\" rel=\"nofollow noopener\" target=\"_blank\" data-ylk=\"slk:Westdeutscher Allgemeiner Zeitung;elm:context_link;itc:0;sec:content-canvas\" class=\"link \">Westdeutscher Allgemeiner Zeitung<\/a>&#8220; (WAZ) direkt neben einer Unterkunft, in der Gefl\u00fcchtete, Wohnungslose, suchtkranke und psychisch belastete Menschen leben. Lediglich ein Zaun trennt die Kinder von den Bewohnern, was Eltern beunruhigt.<\/p>\n<p>Kita liegt direkt neben Unterkunft f\u00fcr psychisch belastete Menschen<\/p>\n<p>Die Eltern berichten von Bedrohungen, Steinw\u00fcrfen und einem Gef\u00fchl st\u00e4ndiger Unsicherheit. Um mit der Situation umzugehen, benutzen die Erzieherinnen drau\u00dfen Trillerpfeifen: &#8222;Sobald Gefahr ist. Sprich: Jemand kommt an den Zaun, dann wird gepfiffen. Die Kinder wissen genau, dass sie reinrennen m\u00fcssen\u201c, erkl\u00e4rt eine Mutter laut <a href=\"https:\/\/www.rtl.de\/rtl-west\/eltern-haben-angst-ihre-kinder-in-die-kita-zu-bringen-id4477921.html\" rel=\"nofollow noopener\" target=\"_blank\" data-ylk=\"slk:RTL;elm:context_link;itc:0;sec:content-canvas\" class=\"link \">RTL<\/a>.<\/p>\n<p>Fr\u00fcher wurden beide Unterk\u00fcnfte von der Arbeiterwohlfahrt (AWO) betrieben, doch im Februar hat die Stadt Bochum die Unterkunft \u00fcbernommen. Seitdem wohnen dort auch Obdachlose, ehemalige Strafgefangene und Menschen mit psychischen Erkrankungen, so die &#8222;WAZ&#8220;.<\/p>\n<p>Ein Mann hat Steine \u00fcber den Zaun geworfen<\/p>\n<p>Eine Mutter berichtet gegen\u00fcber der &#8222;WAZ&#8220; von einem offensichtlich psychisch kranken Mann. Dieser w\u00fcrde am Zaun entlanggehen und die Erzieherinnen bedrohen. Angeblich glaubt er, die Kinder vor den Erziehern sch\u00fctzen zu m\u00fcssen. Eine andere Mutter erz\u00e4hlt, dass ihre Tochter deshalb schon einmal gesagt habe: &#8222;Mama, der b\u00f6se Mann ist wieder da.&#8220;<\/p>\n<p>Auch gegen\u00fcber dem <a href=\"https:\/\/www1.wdr.de\/nachrichten\/ruhrgebiet\/aerger-kita-sammelunterkunft-bochum-100.html\" rel=\"nofollow noopener\" target=\"_blank\" data-ylk=\"slk:WDR;elm:context_link;itc:0;sec:content-canvas\" class=\"link \">WDR<\/a> berichtet ein Elternteil von massiven verbalen \u00dcbergriffen auf das Kita-Personal durch Bewohnerinnen und Bewohner. In einem anderen Fall sei eine offenbar berauschte Frau \u00fcber den Zaun gesprungen und habe &#8222;eine T\u00fcr gesucht, die noch nie da war&#8220;.<\/p>\n<p>&#8222;Wiederholte, untragbare Zust\u00e4nde&#8220; in Kita neben Einrichtung<\/p>\n<p>In einer Stellungnahme spricht die Stadt Bochum jedoch von einem Einzellfall. \u00a0&#8222;Die Person ist aus der Unterkunft verlegt worden, sie darf das Gel\u00e4nde nicht mehr betreten. Der an sieben Tagen in der Woche 24 Stunden rund um die Uhr eingesetzte Sicherheitsdienst ist angewiesen worden, die Grundst\u00fccksgrenzen verst\u00e4rkt im Auge zu behalten.&#8220;<\/p>\n<p>Die Eltern finden laut RTL: &#8222;Es geht hier nicht um einen Einzelfall, sondern um wiederholte, untragbare Zust\u00e4nde, die endlich ernst genommen werden m\u00fcssen.&#8220;<\/p>\n<p>Deutsche Kitas stehen vor dem Kollaps<\/p>\n<p>Die Lage in deutschen Kitas, wo viele Familien wie Jannis und Leslie <a href=\"https:\/\/www.focus.de\/familie\/vorsicht-eltern-unser-kita-system-fliegt-uns-bald-um-die-ohren_0eecc9ef-e227-4978-94c3-57bdffb08a74.html\" rel=\"nofollow noopener\" target=\"_blank\" data-ylk=\"slk:mit einem bedenklichen Betreuungssystem konfrontiert sind;elm:context_link;itc:0;sec:content-canvas\" class=\"link \">mit einem bedenklichen Betreuungssystem konfrontiert sind<\/a>, wird immer kritischer. Trotz der Freude \u00fcber einen Platz in ihrer Wunsch-Kita, zeigt sich bald, dass das Personal ausgelaugt und \u00fcberfordert ist.<\/p>\n<p>Laut Dr. Anke Elisabeth Ballmann, P\u00e4dagogin und Psychologin, herrscht ein eklatanter Personalmangel sowie unzureichend qualifiziertes Personal, was das System an den Rand des Zusammenbruchs bringt. &#8222;Wir haben einen Personalmangel. Und wir haben mangelhaftes Personal. Zusammen ergibt das eine Gemengelage, die uns in absehbarer Zeit um die Ohren fliegen wird.&#8220;<\/p>\n","protected":false},"excerpt":{"rendered":"In Bochum gibt es derzeit Aufregung wegen des Standorts einer Kita: Diese befindet sich laut &#8222;Westdeutscher Allgemeiner Zeitung&#8220;&hellip;\n","protected":false},"author":2,"featured_media":245732,"comment_status":"","ping_status":"","sticky":false,"template":"","format":"standard","meta":{"footnotes":""},"categories":[1839],"tags":[7507,3364,29,1459,30,1209,15660],"class_list":{"0":"post-245731","1":"post","2":"type-post","3":"status-publish","4":"format-standard","5":"has-post-thumbnail","7":"category-bochum","8":"tag-bochum","9":"tag-de","10":"tag-deutschland","11":"tag-eltern","12":"tag-germany","13":"tag-nordrhein-westfalen","14":"tag-unterkunft"},"share_on_mastodon":{"url":"https:\/\/pubeurope.com\/@de\/114803843016059799","error":""},"_links":{"self":[{"href":"https:\/\/www.europesays.com\/de\/wp-json\/wp\/v2\/posts\/245731","targetHints":{"allow":["GET"]}}],"collection":[{"href":"https:\/\/www.europesays.com\/de\/wp-json\/wp\/v2\/posts"}],"about":[{"href":"https:\/\/www.europesays.com\/de\/wp-json\/wp\/v2\/types\/post"}],"author":[{"embeddable":true,"href":"https:\/\/www.europesays.com\/de\/wp-json\/wp\/v2\/users\/2"}],"replies":[{"embeddable":true,"href":"https:\/\/www.europesays.com\/de\/wp-json\/wp\/v2\/comments?post=245731"}],"version-history":[{"count":0,"href":"https:\/\/www.europesays.com\/de\/wp-json\/wp\/v2\/posts\/245731\/revisions"}],"wp:featuredmedia":[{"embeddable":true,"href":"https:\/\/www.europesays.com\/de\/wp-json\/wp\/v2\/media\/245732"}],"wp:attachment":[{"href":"https:\/\/www.europesays.com\/de\/wp-json\/wp\/v2\/media?parent=245731"}],"wp:term":[{"taxonomy":"category","embeddable":true,"href":"https:\/\/www.europesays.com\/de\/wp-json\/wp\/v2\/categories?post=245731"},{"taxonomy":"post_tag","embeddable":true,"href":"https:\/\/www.europesays.com\/de\/wp-json\/wp\/v2\/tags?post=245731"}],"curies":[{"name":"wp","href":"https:\/\/api.w.org\/{rel}","templated":true}]}}