{"id":245811,"date":"2025-07-06T02:53:16","date_gmt":"2025-07-06T02:53:16","guid":{"rendered":"https:\/\/www.europesays.com\/de\/245811\/"},"modified":"2025-07-06T02:53:16","modified_gmt":"2025-07-06T02:53:16","slug":"prinz-william-setzt-auf-lady-louise-und-james-als-nachwuchs-royals","status":"publish","type":"post","link":"https:\/\/www.europesays.com\/de\/245811\/","title":{"rendered":"Prinz William setzt auf Lady Louise und James als Nachwuchs-Royals"},"content":{"rendered":"<ol class=\"id-DonaldBreadcrumb lp_west_breadcrumb id-DonaldBreadcrumb--default\" data-k5a-pos=\"west_breadcrumb\">\n<li class=\"id-Breadcrumb-item\"><a href=\"https:\/\/www.merkur.de\/\" class=\"id-Breadcrumb-link\" data-id-ec=\"{\" shn=\"\" textlink=\"\" data-k5a-pos=\"1_startseite\" rel=\"nofollow noopener\" target=\"_blank\">Startseite<\/a><\/li>\n<li class=\"id-Breadcrumb-item\"><a href=\"https:\/\/www.merkur.de\/boulevard\/\" class=\"id-Breadcrumb-link\" data-id-ec=\"{\" shn=\"\" textlink=\"\" tv=\"\" data-k5a-pos=\"2_starsTv\" rel=\"nofollow noopener\" target=\"_blank\">Stars &amp; TV<\/a><\/li>\n<\/ol>\n<p class=\"id-Story-timestamp id-Story-timestamp--default\">Stand: 06.07.2025, 04:46 Uhr<\/p>\n<p class=\"id-Story-authors id-Story-authors--default\">Von: <a class=\"id-Story-authors-link lp_west_author\" href=\"https:\/\/www.merkur.de\/autor\/annemarie-goebbel-m3yqyoyjm.html\" title=\"Zur Autorenseite von Annemarie G&#xF6;bbel\" data-id-ec=\"{\" shn=\"\" author-link=\"\" g=\"\" data-k5a-pos=\"west_author\" rel=\"nofollow noopener\" target=\"_blank\">Annemarie G\u00f6bbel<\/a><\/p>\n<p class=\"id-Story-interactionBar id-Story-interactionBar--default\">DruckenTeilen<\/p>\n<p class=\"id-StoryElement-leadText\">Die Geschwister k\u00f6nnten bald Vollzeit-Royals werden \u2013 wenn sie Prinz Williams Angebot annehmen.<\/p>\n<p class=\"id-StoryElement-paragraph\">London \u2013 <a href=\"https:\/\/www.24royal.de\/grossbritannien\/prinz-william\/\" class=\"id-import-Link id-pageApi-Link--externalDomain\" title=\"Prinz William\" data-id-ec=\"{&quot;sht&quot;:&quot;Container&quot;,&quot;shn&quot;:&quot;Story&quot;,&quot;p&quot;:{&quot;containerType&quot;:&quot;Paragraph&quot;,&quot;displayType&quot;:&quot;Paragraph InlineLink&quot;,&quot;type&quot;:&quot;INLINE_LINK&quot;,&quot;value&quot;:&quot;Prinz William&quot;,&quot;variant&quot;:&quot;standardLink&quot;,&quot;sponsored&quot;:false,&quot;linkHref&quot;:&quot;https:\/\/www.24royal.de\/grossbritannien\/prinz-william\/&quot;,&quot;storyElementPosition&quot;:8,&quot;storyElementCount&quot;:22}}\" rel=\"nofollow noopener\" target=\"_blank\">Prinz William<\/a> (43) will vorbereitet sein, wenn er irgendwann in der Zukunft K\u00f6nig sein wird. In dieser Hinsicht hat er sich offenbar auch Gedanken gemacht, welche Royals er in erster Reihe neben sich und seiner k\u00fcnftigen K\u00f6nigin Catherine (43) begr\u00fc\u00dfen will. Wie schnell Engp\u00e4sse entstehen k\u00f6nnen, hat der Thronfolger in den letzten Monaten mit den Krebserkrankungen seines Vaters K\u00f6nig Charles (76) und seiner Frau Prinzessin Kate am eigenen Leib erfahren m\u00fcssen.<\/p>\n<p>Prinz William plant einige Ver\u00e4nderungen f\u00fcr die Zukunft der Monarchie<\/p>\n<p class=\"id-StoryElement-paragraph\">Offenbar will sich der Prinz von Wales breiter aufstellen, als <a href=\"https:\/\/www.merkur.de\/boulevard\/geschwister-geheimnis-so-nennt-prinzessin-anne-ihren-bruder-koenig-charles-zr-93789586.html\" class=\"id-import-Link\" data-id-ec=\"{&quot;sht&quot;:&quot;Container&quot;,&quot;shn&quot;:&quot;Story&quot;,&quot;p&quot;:{&quot;containerType&quot;:&quot;Paragraph&quot;,&quot;displayType&quot;:&quot;Paragraph InlineLink&quot;,&quot;type&quot;:&quot;INLINE_LINK&quot;,&quot;value&quot;:&quot;K&#xF6;nig Charles es mit der Verschlankung der Monarchie versucht hat&quot;,&quot;variant&quot;:&quot;standardLink&quot;,&quot;sponsored&quot;:false,&quot;linkHref&quot;:&quot;https:\/\/www.merkur.de\/boulevard\/geschwister-geheimnis-so-nennt-prinzessin-anne-ihren-bruder-koenig-charles-zr-93789586.html&quot;,&quot;storyElementPosition&quot;:11,&quot;storyElementCount&quot;:22}}\" rel=\"nofollow noopener\" target=\"_blank\">K\u00f6nig Charles es mit der Verschlankung der Monarchie versucht hat<\/a>. Im Visier hat William laut der Entertainment-Seite ohmymag.co.uk die eigene Familie: Lady Louise Mountbatten-Windsor (21) und ihr Bruder James, Earl of Wessex (17), stehen damit vor einer lebensver\u00e4ndernden Entscheidung. Die Kinder von Prinz Edward (61) und Herzogin Sophie von Edinburgh (60) k\u00f6nnten schon bald eine zentrale Rolle in der britischen Monarchie \u00fcbernehmen.<\/p>\n<p>Nachwuchs-Royals: Die n\u00e4chste Generation der K\u00f6nigsh\u00e4user Europas steht in den Startl\u00f6chern\u00a0<img decoding=\"async\" class=\"id-RatioPlaceholder-element wv_story_el_interstitialImage\" src=\"https:\/\/www.europesays.com\/de\/wp-content\/uploads\/2025\/05\/32128727-der-royale-nachwuchs-macht-sich-bereit-in-europas-koenigshaeusern-waechst-die-junge-adelsge.jpeg\" loading=\"lazy\"   height=\"2160\" width=\"3240\" alt=\"Der royale Nachwuchs macht sich bereit: In Europas K&#xF6;nigsh&#xE4;usern w&#xE4;chst die junge Adelsgeneration heran: Wer ist wer beim Wechselspiel der Throne? (Fotomontage)\"\/><a href=\"https:\/\/www.merkur.de\/boulevard\/europas-steht-startloechern-nachwuchs-royals-naechste-generation-koenigshaeuser-zr-92372054.html\" class=\"id-StoryElement-intestitialLink-link\" data-id-ec=\"{\" shn=\"\" ansehen=\"\" data-k5a-pos=\"west_story_12_photoGalleryLink\" title=\"Zur Fotostrecke: Nachwuchs-Royals: Die n&#xE4;chste Generation der K&#xF6;nigsh&#xE4;user Europas steht in den Startl&#xF6;chern&#xA0;\" rel=\"nofollow noopener\" target=\"_blank\">Fotostrecke ansehen<\/a><\/p>\n<p class=\"id-StoryElement-paragraph\">Aus der Welt der Unterhaltung gibt es in unserer neuen <a href=\"https:\/\/app.adjust.com\/16d4q52m?campaign=merkur&amp;adgroup=ressort_unterhaltung&amp;creative=11_23\" rel=\"nofollow noopener\" target=\"_blank\" class=\"id-import-Link id-pageApi-Link--externalDomain\" data-id-ec=\"{&quot;sht&quot;:&quot;Container&quot;,&quot;shn&quot;:&quot;Story&quot;,&quot;p&quot;:{&quot;containerType&quot;:&quot;Paragraph&quot;,&quot;displayType&quot;:&quot;Paragraph InlineLink&quot;,&quot;type&quot;:&quot;INLINE_LINK&quot;,&quot;value&quot;:&quot;Merkur.de-App&quot;,&quot;variant&quot;:&quot;standardLink&quot;,&quot;sponsored&quot;:false,&quot;linkHref&quot;:&quot;https:\/\/app.adjust.com\/16d4q52m?campaign=merkur&amp;adgroup=ressort_unterhaltung&amp;creative=11_23&quot;,&quot;storyElementPosition&quot;:14,&quot;storyElementCount&quot;:22}}\">Merkur.de-App<\/a>. Weitere Informationen zur App gibt es <a href=\"https:\/\/www.merkur.de\/multimedia\/iphone-android-merkur-onlinede-2991517.html\" class=\"id-import-Link\" data-id-ec=\"{&quot;sht&quot;:&quot;Container&quot;,&quot;shn&quot;:&quot;Story&quot;,&quot;p&quot;:{&quot;containerType&quot;:&quot;Paragraph&quot;,&quot;displayType&quot;:&quot;Paragraph InlineLink&quot;,&quot;type&quot;:&quot;INLINE_LINK&quot;,&quot;value&quot;:&quot;hier&quot;,&quot;variant&quot;:&quot;standardLink&quot;,&quot;sponsored&quot;:false,&quot;linkHref&quot;:&quot;https:\/\/www.merkur.de\/multimedia\/iphone-android-merkur-onlinede-2991517.html&quot;,&quot;storyElementPosition&quot;:14,&quot;storyElementCount&quot;:22}}\" rel=\"nofollow noopener\" target=\"_blank\">hier<\/a>.\u00a0Alternativ bietet auch unser neuer <a href=\"https:\/\/www.whatsapp.com\/channel\/0029Va7zOvTCRs1vOYQLzZ3o\" rel=\"nofollow noopener\" target=\"_blank\" class=\"id-import-Link id-pageApi-Link--externalDomain\" data-id-ec=\"{&quot;sht&quot;:&quot;Container&quot;,&quot;shn&quot;:&quot;Story&quot;,&quot;p&quot;:{&quot;containerType&quot;:&quot;Paragraph&quot;,&quot;displayType&quot;:&quot;Paragraph InlineLink&quot;,&quot;type&quot;:&quot;INLINE_LINK&quot;,&quot;value&quot;:&quot;Whatsapp-Kanal&quot;,&quot;variant&quot;:&quot;standardLink&quot;,&quot;sponsored&quot;:false,&quot;linkHref&quot;:&quot;https:\/\/www.whatsapp.com\/channel\/0029Va7zOvTCRs1vOYQLzZ3o&quot;,&quot;storyElementPosition&quot;:14,&quot;storyElementCount&quot;:22}}\">Whatsapp-Kanal<\/a> beste Unterhaltung.<\/p>\n<p class=\"id-StoryElement-paragraph\">Laut dem britischen Boulevardblatt Scottish Daily Express erw\u00e4gt der Thronfolger, seine Cousine und seinen Cousin zu vollwertigen arbeitenden Royals zu bef\u00f6rdern. Dies w\u00fcrde bedeuten, dass Lady Louise und James \u00f6ffentliche Gelder aus dem \u201eSovereign Grant\u201c erhalten und offizielle Termine im Namen der Krone wahrnehmen w\u00fcrden.<\/p>\n<p>Thronfolge-Regelung in Gro\u00dfbritannien<\/p>\n<p class=\"id-StoryElement-factBox-paragraph\">Die britische Thronfolge folgt seit dem Succession to the Crown Act von 2013 dem Prinzip der \u201eabsoluten Primogenitur\u201c, bei der das erstgeborene Kind unabh\u00e4ngig vom Geschlecht den Thron erbt. Dieses wegweisende Gesetz schaffte die jahrhundertealte m\u00e4nnliche Bevorzugung ab und stellte S\u00f6hne und T\u00f6chter in der Erbfolge gleich. Prinzessin Charlotte (10) steht daher vor ihrem j\u00fcngeren Bruder Louis (7) in der Thronfolge.<\/p>\n<p>Prinz William setzt auf bew\u00e4hrte Unterst\u00fctzung in schwierigen Zeiten<\/p>\n<p class=\"id-StoryElement-paragraph\">Laut der offiziellen k\u00f6niglichen Webseite stehen die beiden Geschwister auf Platz 16 (James) und 17 (Louise) der Thronfolge. Ihre Eltern verzichteten bewusst darauf, ihnen von Geburt an royale Titel zu verleihen. Als Lady Louise vollj\u00e4hrig wurde, hatte sie die M\u00f6glichkeit, den Titel \u201ePrinzessin\u201c anzunehmen \u2013 lehnte jedoch ab. Auch James muss eine Entscheidung treffen, wenn er am 17. Dezember 2025 vollj\u00e4hrig wird.<\/p>\n<p><img decoding=\"async\" class=\"id-RatioPlaceholder-element wv_story_el_image\" src=\"https:\/\/www.europesays.com\/de\/wp-content\/uploads\/2025\/07\/38709278-prinz-william-will-sie-nach-seiner-kroenung-im-team-haben-lady-louise-und-james-fotomontage.jpeg\" loading=\"lazy\"   height=\"733\" width=\"1100\" alt=\"Prinz William will sie nach seiner Kr&#xF6;nung im Team haben: Lady Louise und James (Fotomontage).\"\/>Prinz William will sie nach seiner Kr\u00f6nung im Team haben: Lady Louise und James (Fotomontage). \u00a9\u00a0IMAGO \/ Paul Marriott &amp; Adam Davy\/dpa<\/p>\n<p class=\"id-StoryElement-paragraph\">Prinz Edward und Herzogin Sophie haben sich als zuverl\u00e4ssige St\u00fctzen der Monarchie erwiesen. Royal-Experte Tom Sykes des US-amerikanischen News-Portals The Daily Beast betont, dass das Paar \u201edas Vertrauen und die Zuneigung von Prinz William und Prinzessin Kate gewonnen\u201c habe. Besonders die beiden <a href=\"https:\/\/www.merkur.de\/boulevard\/lippenleserin-deckt-auf-prinzessin-kate-spendet-herzogin-sophie-troestende-worte-zr-93789103.html\" class=\"id-import-Link\" data-id-ec=\"{&quot;sht&quot;:&quot;Container&quot;,&quot;shn&quot;:&quot;Story&quot;,&quot;p&quot;:{&quot;containerType&quot;:&quot;Paragraph&quot;,&quot;displayType&quot;:&quot;Paragraph InlineLink&quot;,&quot;type&quot;:&quot;INLINE_LINK&quot;,&quot;value&quot;:&quot;Frauen haben ein enges Verh&#xE4;ltnis, wie zuletzt am Garter Day zu sehen war, als sie lachend und plaudernd der traditionellen Prozession&quot;,&quot;variant&quot;:&quot;standardLink&quot;,&quot;sponsored&quot;:false,&quot;linkHref&quot;:&quot;https:\/\/www.merkur.de\/boulevard\/lippenleserin-deckt-auf-prinzessin-kate-spendet-herzogin-sophie-troestende-worte-zr-93789103.html&quot;,&quot;storyElementPosition&quot;:22,&quot;storyElementCount&quot;:22}}\" rel=\"nofollow noopener\" target=\"_blank\">Frauen haben ein enges Verh\u00e4ltnis, wie zuletzt am Garter Day zu sehen war, als sie lachend und plaudernd der traditionellen Prozession<\/a> beiwohnten. <strong>Verwendete Quellen: <\/strong>Scottish Daily Express, ohmymag.co.uk, royal.uk<\/p>\n","protected":false},"excerpt":{"rendered":"Startseite Stars &amp; TV Stand: 06.07.2025, 04:46 Uhr Von: Annemarie G\u00f6bbel DruckenTeilen Die Geschwister k\u00f6nnten bald Vollzeit-Royals werden&hellip;\n","protected":false},"author":2,"featured_media":245812,"comment_status":"","ping_status":"","sticky":false,"template":"","format":"standard","meta":{"footnotes":""},"categories":[1776],"tags":[1801,29,214,30,1802,215],"class_list":{"0":"post-245811","1":"post","2":"type-post","3":"status-publish","4":"format-standard","5":"has-post-thumbnail","7":"category-prominente","8":"tag-celebrities","9":"tag-deutschland","10":"tag-entertainment","11":"tag-germany","12":"tag-prominente","13":"tag-unterhaltung"},"share_on_mastodon":{"url":"https:\/\/pubeurope.com\/@de\/114804031736054116","error":""},"_links":{"self":[{"href":"https:\/\/www.europesays.com\/de\/wp-json\/wp\/v2\/posts\/245811","targetHints":{"allow":["GET"]}}],"collection":[{"href":"https:\/\/www.europesays.com\/de\/wp-json\/wp\/v2\/posts"}],"about":[{"href":"https:\/\/www.europesays.com\/de\/wp-json\/wp\/v2\/types\/post"}],"author":[{"embeddable":true,"href":"https:\/\/www.europesays.com\/de\/wp-json\/wp\/v2\/users\/2"}],"replies":[{"embeddable":true,"href":"https:\/\/www.europesays.com\/de\/wp-json\/wp\/v2\/comments?post=245811"}],"version-history":[{"count":0,"href":"https:\/\/www.europesays.com\/de\/wp-json\/wp\/v2\/posts\/245811\/revisions"}],"wp:featuredmedia":[{"embeddable":true,"href":"https:\/\/www.europesays.com\/de\/wp-json\/wp\/v2\/media\/245812"}],"wp:attachment":[{"href":"https:\/\/www.europesays.com\/de\/wp-json\/wp\/v2\/media?parent=245811"}],"wp:term":[{"taxonomy":"category","embeddable":true,"href":"https:\/\/www.europesays.com\/de\/wp-json\/wp\/v2\/categories?post=245811"},{"taxonomy":"post_tag","embeddable":true,"href":"https:\/\/www.europesays.com\/de\/wp-json\/wp\/v2\/tags?post=245811"}],"curies":[{"name":"wp","href":"https:\/\/api.w.org\/{rel}","templated":true}]}}