{"id":245821,"date":"2025-07-06T03:00:10","date_gmt":"2025-07-06T03:00:10","guid":{"rendered":"https:\/\/www.europesays.com\/de\/245821\/"},"modified":"2025-07-06T03:00:10","modified_gmt":"2025-07-06T03:00:10","slug":"dfb-kapitaenin-gwinn-faellt-fuer-gesamte-fussball-em-aus","status":"publish","type":"post","link":"https:\/\/www.europesays.com\/de\/245821\/","title":{"rendered":"DFB-Kapit\u00e4nin Gwinn f\u00e4llt f\u00fcr gesamte Fu\u00dfball-EM aus"},"content":{"rendered":"<p class=\"metatextline\">Stand: 05.07.2025 16:13 Uhr<\/p>\n<p class=\"textabsatz columns twelve  m-ten  m-offset-one l-eight l-offset-two\">\n        <strong>Die deutsche Frauen-Nationalmannschaft muss bei der EM auf ihre Kapit\u00e4nin verzichten. Der Verband best\u00e4tigte eine Knieverletzung von Giulia Gwinn. So schlimm wie bef\u00fcrchtet ist ihre Verletzung aber nicht.<\/strong>\n    <\/p>\n<p class=\"textabsatz m-ten m-offset-one l-eight l-offset-two columns twelve\">\nDie DFB-Frauen m\u00fcssen die Europameisterschaft in der Schweiz fortan ohne ihre bisherige Kapit\u00e4nin Giulia Gwinn bestreiten. Nachdem die 26-J\u00e4hrige beim Auftaktspiel gegen Polen in der ersten Halbzeit verletzt ausgewechselt wurde, hat der Verband jetzt die Ergebnisse der Untersuchung \u00f6ffentlich gemacht: Die Spielerin vom FC Bayern habe sich eine Innenbandverletzung im linken Knie zugezogen, teilte der DFB mit.\u00a0<\/p>\n<p class=\"textabsatz m-ten m-offset-one l-eight l-offset-two columns twelve\">\nZun\u00e4chst war bef\u00fcrchtet worden, dass Gwinn zum dritten Mal einen Kreuzbandriss erlitten haben k\u00f6nnte. Die M\u00fcnchnerin riss sich bereits im September 2020 im EM-Quali-Spiel gegen Irland das rechte und im DFB-Training im Oktober 2022 das linke Kreuzband. Deshalb verpasste sie auch die WM 2023 in Australien. Doch die Bef\u00fcrchtung best\u00e4tigte sich nicht.<\/p>\n<p>    Gwinn f\u00e4llt mehrere Wochen aus<\/p>\n<p class=\"textabsatz m-ten m-offset-one l-eight l-offset-two columns twelve\">\nTrotzdem bedeutet die Verletzung das EM-Aus f\u00fcr die Kapit\u00e4nin: &#8222;Die Ausfallzeit betr\u00e4gt voraussichtlich mehrere Wochen. Das weitere Vorgehen wird mit allen Beteiligten besprochen&#8220;, hie\u00df es nach einer MRT-Untersuchung bei Gwinn in einem Krankenhaus in Z\u00fcrich. Die Nachfolgerin von Alexandra Popp gilt als popul\u00e4rste Spielerin in der DFB-Auswahl.\u00a0<\/p>\n<p class=\"textabsatz m-ten m-offset-one l-eight l-offset-two columns twelve\">\nEine Nachnominierung f\u00fcr den DFB in der Schweiz ist ausgeschlossen, da aufgrund der UEFA-Regularien eine Feldspielerin aus medizinischen Gr\u00fcnden nur bis 24 Stunden vor dem ersten Spieltag ersetzt werden darf.<\/p>\n<p class=\"textabsatz m-ten m-offset-one l-eight l-offset-two columns twelve\">Mehr zum EM-Aus von Gwinn lesen Sie auf <a href=\"https:\/\/www.sportschau.de\/fussball\/frauen-em\/em-aus-fuer-dfb-kapitaenin-gwinn,uefafrauenem-giulia-gwinn-100.html\" title=\"Innenbandverletzung: EM-Aus f\u00fcr DFB-Kapit\u00e4nin Giulia Gwinn\" class=\"textlink--extern\" target=\"_blank\" rel=\"noopener\">sportschau.de.<\/a><\/p>\n","protected":false},"excerpt":{"rendered":"Stand: 05.07.2025 16:13 Uhr Die deutsche Frauen-Nationalmannschaft muss bei der EM auf ihre Kapit\u00e4nin verzichten. Der Verband best\u00e4tigte&hellip;\n","protected":false},"author":2,"featured_media":245822,"comment_status":"","ping_status":"","sticky":false,"template":"","format":"standard","meta":{"footnotes":""},"categories":[136],"tags":[29,1764,30,265],"class_list":{"0":"post-245821","1":"post","2":"type-post","3":"status-publish","4":"format-standard","5":"has-post-thumbnail","7":"category-sport","8":"tag-deutschland","9":"tag-eilmeldung","10":"tag-germany","11":"tag-sport"},"share_on_mastodon":{"url":"https:\/\/pubeurope.com\/@de\/114804059209364632","error":""},"_links":{"self":[{"href":"https:\/\/www.europesays.com\/de\/wp-json\/wp\/v2\/posts\/245821","targetHints":{"allow":["GET"]}}],"collection":[{"href":"https:\/\/www.europesays.com\/de\/wp-json\/wp\/v2\/posts"}],"about":[{"href":"https:\/\/www.europesays.com\/de\/wp-json\/wp\/v2\/types\/post"}],"author":[{"embeddable":true,"href":"https:\/\/www.europesays.com\/de\/wp-json\/wp\/v2\/users\/2"}],"replies":[{"embeddable":true,"href":"https:\/\/www.europesays.com\/de\/wp-json\/wp\/v2\/comments?post=245821"}],"version-history":[{"count":0,"href":"https:\/\/www.europesays.com\/de\/wp-json\/wp\/v2\/posts\/245821\/revisions"}],"wp:featuredmedia":[{"embeddable":true,"href":"https:\/\/www.europesays.com\/de\/wp-json\/wp\/v2\/media\/245822"}],"wp:attachment":[{"href":"https:\/\/www.europesays.com\/de\/wp-json\/wp\/v2\/media?parent=245821"}],"wp:term":[{"taxonomy":"category","embeddable":true,"href":"https:\/\/www.europesays.com\/de\/wp-json\/wp\/v2\/categories?post=245821"},{"taxonomy":"post_tag","embeddable":true,"href":"https:\/\/www.europesays.com\/de\/wp-json\/wp\/v2\/tags?post=245821"}],"curies":[{"name":"wp","href":"https:\/\/api.w.org\/{rel}","templated":true}]}}