{"id":245861,"date":"2025-07-06T03:24:11","date_gmt":"2025-07-06T03:24:11","guid":{"rendered":"https:\/\/www.europesays.com\/de\/245861\/"},"modified":"2025-07-06T03:24:11","modified_gmt":"2025-07-06T03:24:11","slug":"verkehrsunfallflucht-mit-bus-und-personenschaden-zeugen-gesucht","status":"publish","type":"post","link":"https:\/\/www.europesays.com\/de\/245861\/","title":{"rendered":"Verkehrsunfallflucht mit Bus und Personenschaden &#8211; Zeugen gesucht"},"content":{"rendered":"<p class=\"bodytext\">SB \/ Bielefeld \/ Mitte &#8211; Wegen eines abbiegenden PKW soll der Fahrer eines Linienbusses an Donnerstag, 03.07.2025, eine Gefahrenbremsung durchf\u00fchren haben. Hierbei wurden zwei Frauen verletzt. Die Polizei sucht Zeugen.<\/p>\n<p>Gegen 14:10 Uhr befuhr ein Linienbus die Bleichstra\u00dfe in Fahrtrichtung Ziegelstra\u00dfe. Nach den bisherigen Erkenntnissen soll auf H\u00f6he der Einm\u00fcndung Lohbreite ein PKW vor dem Bus eingebogen sein. Daraufhin leitete der Busfahrer eine Gefahrenbremsung ein. Hierbei st\u00fcrzten zwei Bielefelderinnen und verletzten sich leicht. Es handelt sich um eine 52- und eine 61-J\u00e4hrige. Der PKW entfernte sich unerlaubt von der Unfall\u00f6rtlichkeit in Richtung der Ziegelstra\u00dfe. Bei dem fl\u00fcchtigen PKW soll es sich um einen blauen Mini Cooper \u00e4lteren Baujahrs handeln. Die Polizei sucht Zeugen, die Angaben zum Unfallverursacher machen k\u00f6nnen.<\/p>\n<p>Zeugenhinweise nimmt das Verkehrskommissariat 1 des Polizeipr\u00e4sidiums Bielefeld unter 0521-545-0 entgegen.<\/p>\n<p>R\u00fcckfragen von Journalisten bitte an:<\/p>\n<p>Polizeipr\u00e4sidium Bielefeld Leitungsstab\/ Presse- und \u00d6ffentlichkeitsarbeit Kurt-Schumacher-Stra\u00dfe 46 33615 Bielefeld<\/p>\n<p>Sonja Rehmert (SR), Tel. 0521\/545-3020 Katja K\u00fcster (KK), Tel. 0521\/545-3195 Sarah Siedschlag (SI), Tel. 0521\/545-3021 Michael K\u00f6tter (MK), Tel. 0521\/545-3022 Hella Christoph (HC), Tel. 0521\/545-3023 Fabian Rickel (FR), Tel. 0521\/545-3024 Caroline Steffen (CS), Tel. 0521\/545-3026 Lukas Reker (LR), Tel. 0521\/545-3222 Jan Grote (JG), Tel. 0521\/545-3235<\/p>\n<p>E-Mail: pressestelle.bielefeld@polizei.nrw.de <a href=\"https:\/\/bielefeld.polizei.nrw\/\" target=\"_blank\" rel=\"nofollow noopener\">bielefeld.polizei.nrw<\/a><\/p>\n<p>Au\u00dferhalb der B\u00fcrodienstzeit: Leitstelle, Tel. 0521\/545-0<\/p>\n<p> Original-Content von: Polizei Bielefeld, \u00fcbermittelt durch news aktuell<\/p>\n","protected":false},"excerpt":{"rendered":"SB \/ Bielefeld \/ Mitte &#8211; Wegen eines abbiegenden PKW soll der Fahrer eines Linienbusses an Donnerstag, 03.07.2025,&hellip;\n","protected":false},"author":2,"featured_media":29613,"comment_status":"","ping_status":"","sticky":false,"template":"","format":"standard","meta":{"footnotes":""},"categories":[1841],"tags":[1605,3364,29,30,1209,12925],"class_list":{"0":"post-245861","1":"post","2":"type-post","3":"status-publish","4":"format-standard","5":"has-post-thumbnail","7":"category-bielefeld","8":"tag-bielefeld","9":"tag-de","10":"tag-deutschland","11":"tag-germany","12":"tag-nordrhein-westfalen","13":"tag-polizeimeldungen"},"share_on_mastodon":{"url":"https:\/\/pubeurope.com\/@de\/114804153749761730","error":""},"_links":{"self":[{"href":"https:\/\/www.europesays.com\/de\/wp-json\/wp\/v2\/posts\/245861","targetHints":{"allow":["GET"]}}],"collection":[{"href":"https:\/\/www.europesays.com\/de\/wp-json\/wp\/v2\/posts"}],"about":[{"href":"https:\/\/www.europesays.com\/de\/wp-json\/wp\/v2\/types\/post"}],"author":[{"embeddable":true,"href":"https:\/\/www.europesays.com\/de\/wp-json\/wp\/v2\/users\/2"}],"replies":[{"embeddable":true,"href":"https:\/\/www.europesays.com\/de\/wp-json\/wp\/v2\/comments?post=245861"}],"version-history":[{"count":0,"href":"https:\/\/www.europesays.com\/de\/wp-json\/wp\/v2\/posts\/245861\/revisions"}],"wp:featuredmedia":[{"embeddable":true,"href":"https:\/\/www.europesays.com\/de\/wp-json\/wp\/v2\/media\/29613"}],"wp:attachment":[{"href":"https:\/\/www.europesays.com\/de\/wp-json\/wp\/v2\/media?parent=245861"}],"wp:term":[{"taxonomy":"category","embeddable":true,"href":"https:\/\/www.europesays.com\/de\/wp-json\/wp\/v2\/categories?post=245861"},{"taxonomy":"post_tag","embeddable":true,"href":"https:\/\/www.europesays.com\/de\/wp-json\/wp\/v2\/tags?post=245861"}],"curies":[{"name":"wp","href":"https:\/\/api.w.org\/{rel}","templated":true}]}}