{"id":245888,"date":"2025-07-06T03:42:32","date_gmt":"2025-07-06T03:42:32","guid":{"rendered":"https:\/\/www.europesays.com\/de\/245888\/"},"modified":"2025-07-06T03:42:32","modified_gmt":"2025-07-06T03:42:32","slug":"public-viewing-dfb-frauen-und-konzerte","status":"publish","type":"post","link":"https:\/\/www.europesays.com\/de\/245888\/","title":{"rendered":"Public Viewing DFB Frauen und Konzerte"},"content":{"rendered":"<p>Franz\u00f6sische Literatur aus dem Bus      <\/p>\n<p class=\"text_ohne_einzug richtext text-em-55 !leading-serif mx-6 desktop:mx-0\">Am Dienstag, 8. Juli, macht der Bibliobus von 12 bis 17 Uhr wieder Halt auf dem Theatervorplatz in <a href=\"https:\/\/rp-online.de\/thema\/duisburg\/\" rel=\"nofollow noopener\" target=\"_blank\">Duisburg<\/a>. Dieses mobile Angebot findet jeden zweiten Dienstag im Monat statt, mit Ausnahme des Augusts. Der B\u00fccherbus hat mehr als 2000 franz\u00f6sische Medien im Gep\u00e4ck, darunter Literatur, Filme und Musik. Dar\u00fcber hinaus erhalten Besucher Zugang zur gesamten digitalen Mediathek des Institut Fran\u00e7ais. Als besonderes Kooperationsprojekt mit der Stadtbibliothek Duisburg k\u00f6nnen die ausgeliehenen Medien bequem dort zur\u00fcckgegeben werden.<\/p>\n<p class=\"text_ohne_einzug richtext text-em-55 !leading-serif mx-6 desktop:mx-0\">Einmal wurde das neue Afterwork-Format am Walsumer Brauhaus Urfels bereits getestet, nun geht es in die zweite Runde: Am Donnerstag, 10. Juli, l\u00e4dt die Afterworkparty-Reihe \u201eDU Durst DU wein DU Tanz&#8220; alle Feierabendhungrigen von 16.30 bis 0 Uhr zu einem entspannten und unterhaltsamen Abend ein. Diese Veranstaltung bietet den perfekten Rahmen, um nach einem langen Arbeitstag im Kreise von Freunden oder neuen Bekanntschaften aus der Region zu entspannen und zu feiern. Unter dem Motto \u201eDuisburg verbindet Generationen&#8220; sorgt ein DJ mit einer Mischung aus Hits der 80er, 90er, House, Welthits und Charts f\u00fcr die musikalische Untermalung.<\/p>\n<p>B\u00fcrgerfest im Bezirk S\u00fcd      <\/p>\n<p class=\"text_ohne_einzug richtext text-em-55 !leading-serif mx-6 desktop:mx-0\">Am Freitag, 11. Juli, l\u00e4dt Bezirksb\u00fcrgermeisterin Beate Lieske gemeinsam mit der gesamten Bezirksvertretung S\u00fcd zu einem fr\u00f6hlichen B\u00fcrgerfest \u201eRund um das Bezirksamt S\u00fcd\u201c ein. Zwischen 18 und 22 Uhr wird im Duisburger S\u00fcden ein geselliger Abend f\u00fcr die ganze Familie geboten. Traditionell wird die Feier mit dem Fassbieranstich durch die Bezirksb\u00fcrgermeisterin er\u00f6ffnet. Die \u201eMelody-Dancing-Band\u201c und die \u201eRuhrpott-Guggis\u201c, die um 19 Uhr ihren Gastauftritt haben, werden f\u00fcr Musik sorgen. Der Erl\u00f6s des Festes wird einem wohlt\u00e4tigen Zweck zugef\u00fchrt.<\/p>\n<p>Public Viewing zur Frauen-EM      <\/p>\n<p class=\"text_ohne_einzug richtext text-em-55 !leading-serif mx-6 desktop:mx-0\">Nach dem ersten Gruppenspiel gegen <a href=\"https:\/\/rp-online.de\/thema\/polen\/\" rel=\"nofollow noopener\" target=\"_blank\">Polen<\/a> geht es f\u00fcr die DFB-Frauen n\u00e4chste Woche auch gegen D\u00e4nemark (8. Juli) und <a href=\"https:\/\/rp-online.de\/thema\/schweden\/\" rel=\"nofollow noopener\" target=\"_blank\">Schweden<\/a> (12. Juli) um den Viertelfinaleinzug. Auch dazu plant das Webster Brauhaus am Dellplatz 14 am Dienstag von 17 bis 21 Uhr und am Samstag von 19 bis 23 Uhr jeweils ein Public Viewing. Bei gutem Wetter findet das Rudelgucken im <a href=\"https:\/\/rp-online.de\/thema\/biergarten\/\" rel=\"nofollow noopener\" target=\"_blank\">Biergarten<\/a> statt, bei Regenwetter wird in die Braustube umgezogen. Die Besucher haben die M\u00f6glichkeit, Pl\u00e4tze vorher \u00fcber ein Online-Formular unter <a href=\"https:\/\/www.webster-brauhaus.de\/reservieren\" target=\"_blank\" rel=\"nofollow noopener\">www.webster-brauhaus.de\/reservieren<\/a> zu reservieren. Zus\u00e4tzlich k\u00f6nnen Interessierte am Kicktipp-Tippspiel zur EM teilnehmen.<\/p>\n<p>\u201eFabolous Friday\u201c mit Live-Musik      <\/p>\n<p class=\"text_ohne_einzug richtext text-em-55 !leading-serif mx-6 desktop:mx-0\">Am Freitag, den 11. Juli, findet der \u201eFabulous Friday\u201c mit Live-Musik von den Parakeets im kalt.weiss.trocken (Meidericher Str. 6-8) statt. Das Geschwister-Duo, bestehend aus Julius und Merle Eckardt, gr\u00fcndete sich 2016, seitdem haben sie sich als feste Gr\u00f6\u00dfe in der Musikszene des Ruhrgebiets etabliert und Erfolge gefeiert, unter anderem als Tour-Support f\u00fcr bekannte K\u00fcnstler und durch ihre Nominierung f\u00fcr den popNRW-Preis 2021. Ihre aktuelle Single hei\u00dft \u201eHosomaki Lunch Break\u201c. Die Veranstaltung startet um 18 Uhr.<\/p>\n<p>Beach Party mit der Plattenk\u00fcche      <\/p>\n<p class=\"text_ohne_einzug richtext text-em-55 !leading-serif mx-6 desktop:mx-0\">Am Samstag, 12. Juli, l\u00e4dt die Plattenk\u00fcche Beach Party alle Tanzbegeisterten von 17 bis 23 Uhr in den Mezzomar Beach an der Wedau ein. DJ Eric Smax sorgt bei der Open-Air-Veranstaltung am Wasser f\u00fcr die richtige musikalische Mischung aus House, aktuellen Hits, Classics, Afro-House und ReEdits. Teilnehmer k\u00f6nnen bei Sonnenuntergang und im Sand kalte Getr\u00e4nke sowie ein neues Weinkonzept genie\u00dfen. Die Eintrittskarten kosten im Vorverkauf 12 Euro, an der Abendkasse betr\u00e4gt der Preis 15 Euro. Tickets gibt es unter <a href=\"https:\/\/www.plattenkueche.com\/tickets\" target=\"_blank\" rel=\"nofollow noopener\">www.plattenkueche.com\/tickets<\/a><\/p>\n<p class=\"richtext text-em-55 !leading-serif mx-6 desktop:mx-0\">Am 12. Juli feiern die Jazzis im Rahmen der \u201eAusgerufen\u201c-Konzertreihe am Plus am Neumarkt ihr zehn-j\u00e4hriges Jubil\u00e4um von 19 bis 21 Uhr. Die f\u00fcnf-k\u00f6pfige Band aus dem Raum Dortmund spielt moderne Jazzst\u00fccke von K\u00fcnstlern wie <a href=\"https:\/\/rp-online.de\/thema\/bob\/\" rel=\"nofollow noopener\" target=\"_blank\">Bob<\/a> James, Fourplay und Pat Metheny, ebenso wie ausgew\u00e4hlte Latin-Jazz-Titel und Eigenkompositionen. Der Eintritt ist frei, Spenden werden als Hutveranstaltung erbeten.<\/p>\n","protected":false},"excerpt":{"rendered":"Franz\u00f6sische Literatur aus dem Bus Am Dienstag, 8. Juli, macht der Bibliobus von 12 bis 17 Uhr wieder&hellip;\n","protected":false},"author":2,"featured_media":245889,"comment_status":"","ping_status":"","sticky":false,"template":"","format":"standard","meta":{"footnotes":""},"categories":[1838],"tags":[48,6329,27460,27456,27458,27459,3364,29,3715,4788,30,15107,1209,27457,9717],"class_list":{"0":"post-245888","1":"post","2":"type-post","3":"status-publish","4":"format-standard","5":"has-post-thumbnail","7":"category-duisburg","8":"tag-48","9":"tag-band","10":"tag-bandkollektiv","11":"tag-barry-white","12":"tag-brass","13":"tag-bride","14":"tag-de","15":"tag-deutschland","16":"tag-duisburg","17":"tag-euro","18":"tag-germany","19":"tag-love","20":"tag-nordrhein-westfalen","21":"tag-soul","22":"tag-uhr"},"share_on_mastodon":{"url":"https:\/\/pubeurope.com\/@de\/114804224372338090","error":""},"_links":{"self":[{"href":"https:\/\/www.europesays.com\/de\/wp-json\/wp\/v2\/posts\/245888","targetHints":{"allow":["GET"]}}],"collection":[{"href":"https:\/\/www.europesays.com\/de\/wp-json\/wp\/v2\/posts"}],"about":[{"href":"https:\/\/www.europesays.com\/de\/wp-json\/wp\/v2\/types\/post"}],"author":[{"embeddable":true,"href":"https:\/\/www.europesays.com\/de\/wp-json\/wp\/v2\/users\/2"}],"replies":[{"embeddable":true,"href":"https:\/\/www.europesays.com\/de\/wp-json\/wp\/v2\/comments?post=245888"}],"version-history":[{"count":0,"href":"https:\/\/www.europesays.com\/de\/wp-json\/wp\/v2\/posts\/245888\/revisions"}],"wp:featuredmedia":[{"embeddable":true,"href":"https:\/\/www.europesays.com\/de\/wp-json\/wp\/v2\/media\/245889"}],"wp:attachment":[{"href":"https:\/\/www.europesays.com\/de\/wp-json\/wp\/v2\/media?parent=245888"}],"wp:term":[{"taxonomy":"category","embeddable":true,"href":"https:\/\/www.europesays.com\/de\/wp-json\/wp\/v2\/categories?post=245888"},{"taxonomy":"post_tag","embeddable":true,"href":"https:\/\/www.europesays.com\/de\/wp-json\/wp\/v2\/tags?post=245888"}],"curies":[{"name":"wp","href":"https:\/\/api.w.org\/{rel}","templated":true}]}}