{"id":245914,"date":"2025-07-06T03:57:12","date_gmt":"2025-07-06T03:57:12","guid":{"rendered":"https:\/\/www.europesays.com\/de\/245914\/"},"modified":"2025-07-06T03:57:12","modified_gmt":"2025-07-06T03:57:12","slug":"bundesliga-warum-rb-leipzig-frederik-jaekel-sechsmal-verleiht-sport","status":"publish","type":"post","link":"https:\/\/www.europesays.com\/de\/245914\/","title":{"rendered":"Bundesliga: Warum RB Leipzig Frederik J\u00e4kel sechsmal (!) verleiht | Sport"},"content":{"rendered":"<p>\u201eNiemals geht man so ganz&#8230;\u201c <\/p>\n<p><b>Auf kaum einen deutschen Fu\u00dfballprofi trifft der Kultschlager von Trude Herr (\u202063) derzeit besser zu, als auf Frederik J\u00e4kel (24). Der Innenverteidiger verl\u00e4sst RB Leipzig zum sechsten Mal \u2013 und das erneut per Leihe!<\/b><\/p>\n<p>Der fr\u00fchere U21-Nationalspieler wechselt zu Zweitligist Eintracht Braunschweig. Zuvor kickte J\u00e4kel bereits zwei Jahre f\u00fcr Belgien-Erstligist Oostende, in Bielefeld und zuletzt zwei Spielzeiten in Elversberg.<\/p>\n<p>Lesen Sie auch<\/p>\n<p>Die LEIHden des jungen J\u00e4kel!<\/p>\n<p><b>Seit 2013 im Verein, l\u00e4sst Leipzig den geb\u00fcrtigen Sachsen nie endg\u00fcltig ziehen. Nach BILD-Informationen sieht Leipzig weiter Bundesliga-Potenzial \u2013 vor allem, weil J\u00e4kel schon einmal auf diesem Weg war&#8230;<\/b><\/p>\n<p>In seinem ersten Elversberg-Jahr spielte J\u00e4kel stark und weckte das Interesse vieler Scouts. Dann der R\u00fcckschlag: Kreuzbandriss im Februar 2024. Nach einer langen Reha war auch die folgende Saison bis auf einen Mini-Einsatz futsch.<\/p>\n<p><img decoding=\"async\" width=\"992\" height=\"1346\" alt=\"Frederik J\u00e4kel 2019 im Nachwuchs von RB Leipzig. Bei den Profis durfte er bisher noch nie ran\" src=\"https:\/\/www.europesays.com\/de\/wp-content\/uploads\/2025\/07\/1bc2ae1ad17aa93b225df2ba6c6b8fc6,cac25705\"   class=\"dynamic\" loading=\"lazy\"\/><\/p>\n<p class=\"fig__caption__text\">Frederik J\u00e4kel 2019 im Nachwuchs von RB Leipzig. Bei den Profis durfte er bisher noch nie ran<\/p>\n<p>Foto: picture alliance \/ ZB<\/p>\n<p><b>Klappt es jetzt in Braunschweig? F\u00fcr die vermeintlich letzte Chance und um die sechste Leihe \u00fcberhaupt m\u00f6glich zu machen, musste RB J\u00e4kels noch bis 2026 laufenden Vertrag vorab erneut um ein Jahr verl\u00e4ngern. <\/b><\/p>\n<p>Braunschweig hat Kaufoption<\/p>\n<p>Sportgesch\u00e4ftsf\u00fchrer Marcel Sch\u00e4fer (41): \u201eNach seiner verletzungsbedingten Pause soll er in Braunschweig wieder vollst\u00e4ndig an seine Form ankn\u00fcpfen und Spielpraxis auf hohem Niveau sammeln.\u201c<\/p>\n<p><b>Vorteil <\/b><a href=\"https:\/\/www.bild.de\/sport\/fussball\/rb-leipzig\/startseite-leipzig-31148870.bild.html\" class=\"text-link\" rel=\"nofollow noopener\" target=\"_blank\"><b>RB Leipzig<\/b><\/a><b>:<\/b> Statt J\u00e4kels noch laufenden Kontrakt durch Zahlung einer Abfindung aufzul\u00f6sen, k\u00f6nnte der Abwehrmann in Zukunft noch Geld in die RB-Kasse sp\u00fclen. Denn Braunschweig verf\u00fcgt \u00fcber eine Kaufoption. Die Sachsen haben nach BILD-Informationen dazu noch eine R\u00fcckkauf-Klausel.<\/p>\n<p>EM-Star Asllani: Sie knackte DIESEN Ronaldo-Rekord<a href=\"https:\/\/www.bild.de\/sport\/fussball\/frauen-em-star-asllani-sie-knackte-diesen-ronaldo-rekord-6840b5f4660a5e1c2d9c07bb\" class=\"anchor\" rel=\"nofollow noopener\" target=\"_blank\"><img decoding=\"async\" width=\"992\" height=\"558\" alt=\"Teaser-Bild\" src=\"https:\/\/www.europesays.com\/de\/wp-content\/uploads\/2025\/07\/60abd6c4e93e42d40dd4f8163286bdc6,ba846313\"   class=\"landscape teaser__image\" loading=\"lazy\"\/><\/a><\/p>\n<p>Quelle: instagram: @asllani904.07.2025<\/p>\n<p>Eintracht-Boss Benjamin Kessel (37): \u201eWir sind \u00fcberzeugt davon, dass er bei uns neu durchstarten wird. Wir werden ihn schrittweise in das Mannschaftstraining integrieren. Frederik wird uns mit seiner Qualit\u00e4t sehr weiterhelfen und passt als Typ zu unserer Eintracht.\u201c<\/p>\n","protected":false},"excerpt":{"rendered":"\u201eNiemals geht man so ganz&#8230;\u201c Auf kaum einen deutschen Fu\u00dfballprofi trifft der Kultschlager von Trude Herr (\u202063) derzeit&hellip;\n","protected":false},"author":2,"featured_media":245915,"comment_status":"","ping_status":"","sticky":false,"template":"","format":"standard","meta":{"footnotes":""},"categories":[1832],"tags":[3364,29,8704,538,30,71,1655,859,803,3460,4581,45,784],"class_list":{"0":"post-245914","1":"post","2":"type-post","3":"status-publish","4":"format-standard","5":"has-post-thumbnail","7":"category-leipzig","8":"tag-de","9":"tag-deutschland","10":"tag-eintracht-braunschweig","11":"tag-erste-bundesliga","12":"tag-germany","13":"tag-leipzig","14":"tag-rb-leipzig","15":"tag-sachsen","16":"tag-spielertransfer","17":"tag-sport-leuchtturm-leipzig","18":"tag-sport-tag-im-ticker","19":"tag-texttospeech","20":"tag-zweite-bundesliga"},"share_on_mastodon":{"url":"https:\/\/pubeurope.com\/@de\/114804283458095068","error":""},"_links":{"self":[{"href":"https:\/\/www.europesays.com\/de\/wp-json\/wp\/v2\/posts\/245914","targetHints":{"allow":["GET"]}}],"collection":[{"href":"https:\/\/www.europesays.com\/de\/wp-json\/wp\/v2\/posts"}],"about":[{"href":"https:\/\/www.europesays.com\/de\/wp-json\/wp\/v2\/types\/post"}],"author":[{"embeddable":true,"href":"https:\/\/www.europesays.com\/de\/wp-json\/wp\/v2\/users\/2"}],"replies":[{"embeddable":true,"href":"https:\/\/www.europesays.com\/de\/wp-json\/wp\/v2\/comments?post=245914"}],"version-history":[{"count":0,"href":"https:\/\/www.europesays.com\/de\/wp-json\/wp\/v2\/posts\/245914\/revisions"}],"wp:featuredmedia":[{"embeddable":true,"href":"https:\/\/www.europesays.com\/de\/wp-json\/wp\/v2\/media\/245915"}],"wp:attachment":[{"href":"https:\/\/www.europesays.com\/de\/wp-json\/wp\/v2\/media?parent=245914"}],"wp:term":[{"taxonomy":"category","embeddable":true,"href":"https:\/\/www.europesays.com\/de\/wp-json\/wp\/v2\/categories?post=245914"},{"taxonomy":"post_tag","embeddable":true,"href":"https:\/\/www.europesays.com\/de\/wp-json\/wp\/v2\/tags?post=245914"}],"curies":[{"name":"wp","href":"https:\/\/api.w.org\/{rel}","templated":true}]}}