{"id":246081,"date":"2025-07-06T05:38:11","date_gmt":"2025-07-06T05:38:11","guid":{"rendered":"https:\/\/www.europesays.com\/de\/246081\/"},"modified":"2025-07-06T05:38:11","modified_gmt":"2025-07-06T05:38:11","slug":"zum-geburtstag-anna-maria-ferchichis-sohn-bekommt-luxus-geschenk","status":"publish","type":"post","link":"https:\/\/www.europesays.com\/de\/246081\/","title":{"rendered":"Zum Geburtstag: Anna-Maria Ferchichis Sohn bekommt Luxus-Geschenk"},"content":{"rendered":"<p>Anna-Maria Ferchichi hat eine ganz besondere \u00dcberraschung f\u00fcr ihren \u00e4ltesten Sohn: Montry hat nun einen neuen BMW.<\/p>\n<p>Die \u00dcberraschung steht <a href=\"https:\/\/www.focus.de\/kultur\/stars\/blonder-bob-und-ohne-ops-so-sah-bushidos-frau-anna-maria-ferchichi-frueher-aus_id_260323453.html\" rel=\"follow nofollow noopener\" target=\"_self\">Anna-Maria Ferchichis<\/a> (43) Sohn Montry (22) ins Gesicht geschrieben. In einem Video auf Instagram zeigt Anna-Maria, wie sie ihren \u00c4ltesten zu seinem Geburtstag beschenkt \u2013 und zwar mit einem Luxus-Auto.<\/p>\n<p>Nichts ahnend sitzt Montry in dem Video auf der R\u00fcckbank eines Autos, bis er seiner Mutter Sekunden sp\u00e4ter beim Anblick des XXL-Geschenks um den Hals f\u00e4llt. &#8222;Richtig krass&#8220; ist so ziemlich das einzige, was der sichtlich ger\u00fchrte, aber auch perplexe 22-J\u00e4hrige zun\u00e4chst herausbekommt.<\/p>\n<p>ANZEIGE<img decoding=\"async\" data-hk=\"009450a1903004010\" loading=\"lazy\"  src=\"https:\/\/www.europesays.com\/de\/wp-content\/uploads\/2025\/07\/1751780291_390_24bc3072-2bfd-4c56-80d2-51d1b28a3aac.a0182324-4694-4e82-af1a-aeffeb2a0633.png\"  alt=\"Anna-Maria Ferchichis Sohn Montry darf sich zum 23. Geburtstag \u00fcber einen neuen BMW freuen\" width=\"542\" height=\"720\"\/> Anna-Maria Ferchichis Sohn Montry darf sich zum 23. Geburtstag \u00fcber einen neuen BMW freuen  anna_maria_ferchichi \/ Instagram Anna-Maria Ferchichis Sohn f\u00e4hrt jetzt BMW<\/p>\n<p>Anna-Maria schreibt zu ihrem Post auf Instagram: &#8222;Mein Schatz, da wir w\u00e4hrend deines 23. Geburtstags im Urlaub sein werden, haben wir uns \u00fcberlegt, dich jetzt schon zu \u00fcberraschen. Wir w\u00fcnschen euch eine allzeit gute Fahrt und viel Spa\u00df mit deinem neuen Auto. Ich liebe dich, Mama&#8220;.<\/p>\n<p>Die Ehefrau von Rapper <a href=\"https:\/\/www.focus.de\/kultur\/stars\/vom-strassenrapper-zur-deutschen-musiklegende-alle-infos-zu-bushido_090df74e-ccd3-4a1b-a8dd-0dc57dc108e5.html\" rel=\"follow nofollow noopener\" target=\"_self\">Bushido<\/a> (45) und Mutter von acht Kindern hat ihrem \u00e4ltesten Sohn nicht einfach nur ein Auto geschenkt, sondern ein echtes Luxusmodell, das sicher alle Blicke auf sich zieht. Ein neuer BMW in Gr\u00fcn metallic.<\/p>\n<p>Anna-Maria Ferchichis Sohn hielt sich lange aus der \u00d6ffentlichkeit fern<\/p>\n<p>In seiner Instagram-Story kommentiert Montry das Video seiner Mutter Anna-Maria mit nur einem Wort: &#8222;Sprachlos&#8220;. Die Fans feiern das Geschenk in den Kommentaren und freuen sich f\u00fcr den \u00c4ltesten von Anna-Marias acht Kindern.\u00a0<\/p>\n<p>Bushidos Stiefsohn hatte sich lange aus der \u00d6ffentlichkeit herausgehalten. Vor etwa einem Jahr war damit allerdings Schluss. Dann machte Montry n\u00e4mlich sein Instagram-Profil \u00f6ffentlich und teilt seither immer mehr private Einblicke mit seinen Followern.<\/p>\n","protected":false},"excerpt":{"rendered":"Anna-Maria Ferchichi hat eine ganz besondere \u00dcberraschung f\u00fcr ihren \u00e4ltesten Sohn: Montry hat nun einen neuen BMW. Die&hellip;\n","protected":false},"author":2,"featured_media":246082,"comment_status":"","ping_status":"","sticky":false,"template":"","format":"standard","meta":{"footnotes":""},"categories":[1776],"tags":[1801,29,214,30,1802,215],"class_list":{"0":"post-246081","1":"post","2":"type-post","3":"status-publish","4":"format-standard","5":"has-post-thumbnail","7":"category-prominente","8":"tag-celebrities","9":"tag-deutschland","10":"tag-entertainment","11":"tag-germany","12":"tag-prominente","13":"tag-unterhaltung"},"share_on_mastodon":{"url":"https:\/\/pubeurope.com\/@de\/114804680527136681","error":""},"_links":{"self":[{"href":"https:\/\/www.europesays.com\/de\/wp-json\/wp\/v2\/posts\/246081","targetHints":{"allow":["GET"]}}],"collection":[{"href":"https:\/\/www.europesays.com\/de\/wp-json\/wp\/v2\/posts"}],"about":[{"href":"https:\/\/www.europesays.com\/de\/wp-json\/wp\/v2\/types\/post"}],"author":[{"embeddable":true,"href":"https:\/\/www.europesays.com\/de\/wp-json\/wp\/v2\/users\/2"}],"replies":[{"embeddable":true,"href":"https:\/\/www.europesays.com\/de\/wp-json\/wp\/v2\/comments?post=246081"}],"version-history":[{"count":0,"href":"https:\/\/www.europesays.com\/de\/wp-json\/wp\/v2\/posts\/246081\/revisions"}],"wp:featuredmedia":[{"embeddable":true,"href":"https:\/\/www.europesays.com\/de\/wp-json\/wp\/v2\/media\/246082"}],"wp:attachment":[{"href":"https:\/\/www.europesays.com\/de\/wp-json\/wp\/v2\/media?parent=246081"}],"wp:term":[{"taxonomy":"category","embeddable":true,"href":"https:\/\/www.europesays.com\/de\/wp-json\/wp\/v2\/categories?post=246081"},{"taxonomy":"post_tag","embeddable":true,"href":"https:\/\/www.europesays.com\/de\/wp-json\/wp\/v2\/tags?post=246081"}],"curies":[{"name":"wp","href":"https:\/\/api.w.org\/{rel}","templated":true}]}}