{"id":246215,"date":"2025-07-06T06:57:12","date_gmt":"2025-07-06T06:57:12","guid":{"rendered":"https:\/\/www.europesays.com\/de\/246215\/"},"modified":"2025-07-06T06:57:12","modified_gmt":"2025-07-06T06:57:12","slug":"veranstalter-besorgt-ueber-zunehmende-queerfeindlichkeit","status":"publish","type":"post","link":"https:\/\/www.europesays.com\/de\/246215\/","title":{"rendered":"Veranstalter besorgt \u00fcber zunehmende Queerfeindlichkeit"},"content":{"rendered":"<p>Demonstration am 26. Juli <\/p>\n<p>Steigende Queerfeindlichkeit besorgt Berliner CSD<\/p>\n<p>06.07.2025 &#8211; 08:33 UhrLesedauer: 2 Min.<\/p>\n<p><a href=\"#focus-0\" class=\"transition-colors duration-200 focus-within:text-magenta block text-current relative\" data-sctrack=\"FocusGalleryImage.Reference\"><img fetchpriority=\"high\" data-testid=\"Opener.Image\" style=\"--lqipURL:url('https:\/\/images.t-online.de\/2025\/07\/0VhY8H8tsy-C\/772x665:2456x1381\/fit-in\/150x0\/filters:blur(25)\/menschen-feiern-beim-berlin-pride-umzug-zum-christopher-street-day-archivbild-auch-in-diesem-jahr-rechnen-die-organisatoren-mit-hunderttausenden-teilnehmern.jpg')\"   loading=\"eager\" src=\"https:\/\/www.europesays.com\/de\/wp-content\/uploads\/2025\/07\/menschen-feiern-beim-berlin-pride-umzug-zum-christopher-street-day-archivbild-auch-in-diesem-jahr-re.jpeg\" alt=\"Menschen feiern beim Berlin Pride-Umzug zum Christopher Street Day (Archivbild): Auch in diesem Jahr rechnen die Organisatoren mit Hunderttausenden Teilnehmern.\" title=\"Menschen feiern beim Berlin Pride-Umzug zum Christopher Street Day (Archivbild): Auch in diesem Jahr rechnen die Organisatoren mit Hunderttausenden Teilnehmern.\" width=\"2456\" height=\"1381\" class=\"bg-[url:var(--lqipURL)] bg-cover bg-center flex h-full w-full max-w-full\" decoding=\"async\"\/><img style=\"--width:32;--height:32\" loading=\"lazy\" src=\"https:\/\/www.t-online.de\/s\/paper\/_next\/static\/media\/zoom-in.f7dae02f.svg\" alt=\"Vergr\u00f6\u00dfern des Bildes\" title=\"Vergr\u00f6\u00dfern des Bildes\" class=\"block h-[calc(var(--height)_\/_16_*_1rem)] w-[calc(var(--width)_\/_16_*_1rem)] max-w-none absolute bottom-8 right-8 rounded-4 bg-snow p-8\" decoding=\"async\"\/><\/a><\/p>\n<p>Menschen feiern beim Berlin Pride-Umzug zum Christopher Street Day (Archivbild): Auch in diesem Jahr rechnen die Organisatoren mit Hunderttausenden Teilnehmern. (Quelle: J\u00f6rg Carstensen\/dpa)<\/p>\n<p class=\"font-bold text-18 leading-17\">Die Organisatoren des Christopher Street Day in Berlin schlagen Alarm: Queere Menschen stehen unter Druck durch politische Signale und konkrete Bedrohungen.<\/p>\n<p class=\"text-18 leading-17\">Die Veranstalter des Berliner <a class=\"transition-colors duration-200 cursor-pointer text-inherit no-underline text-salemsfur md:hover:text-magenta md:hover:border-magenta md:focus:text-magenta border-current border-b border-solid break-words\" href=\"https:\/\/www.t-online.de\/themen\/christopher-street-day\/\" data-sctrack=\"BodyAnchor\" rel=\"nofollow noopener\" target=\"_blank\">Christopher Street Day<\/a> (CSD) haben wenige Wochen vor der Demonstration am 26. Juli ihre Besorgnis ge\u00e4u\u00dfert. Die queere Community stehe unter massivem Druck durch politische Signale und konkrete Bedrohungen, wie Thomas Voges, Vorstandsmitglied des Berliner CSD, sagte.<\/p>\n<p class=\"text-18 leading-17\">Viele haben gerade das Gef\u00fchl, wir werden im Stich gelassen&#8220;, sagte Voges. Die j\u00fcngsten Aussagen von CDU-Chef <a class=\"transition-colors duration-200 cursor-pointer text-inherit no-underline text-salemsfur md:hover:text-magenta md:hover:border-magenta md:focus:text-magenta border-current border-b border-solid break-words\" href=\"https:\/\/www.t-online.de\/themen\/friedrich-merz\/\" data-sctrack=\"BodyAnchor\" rel=\"nofollow noopener\" target=\"_blank\">Friedrich Merz<\/a> und Bundestagspr\u00e4sidentin Julia Kl\u00f6ckner zur Regenbogenflagge am Bundestag h\u00e4tten die Unsicherheit weiter versch\u00e4rft.<\/p>\n<p class=\"text-18 leading-17\">Merz hatte sich in der ARD-Talkshow &#8222;Maischberger&#8220; hinter Kl\u00f6ckners Entscheidung gestellt, die Regenbogenflagge zum CSD nicht auf dem Bundestag zu hissen. &#8222;Der Bundestag ist ja nun kein Zirkuszelt&#8220;, auf das man beliebig Fahnen hisse, sagte er. Kl\u00f6ckner hatte auf die Neutralit\u00e4t des Bundestages verwiesen.<\/p>\n<p class=\"text-18 leading-17\">Voges betonte, dass in einer Zeit, in der queere Menschen t\u00e4glich Angriffen ausgesetzt seien, er von der Politik Empathie und R\u00fcckhalt erwarte und keine Vergleiche mit einem Zirkuszelt.<\/p>\n<p class=\"text-18 leading-17\">Besonders besorgniserregend sei die Gesamtlage: Queere Schutzr\u00e4ume wie Clubs und Bars st\u00fcnden unter Druck durch steigende Mieten, ver\u00e4ndertes Ausgehverhalten und zuletzt auch durch Angriffe. &#8222;Wenn Orte wie das SchwuZ in finanzielle Schieflage geraten oder queere Bars schlie\u00dfen, bricht f\u00fcr viele ein St\u00fcck Sicherheit weg&#8220;, erkl\u00e4rte Voges.<\/p>\n<p class=\"text-18 leading-17\">Das SchwuZ, 1977 gegr\u00fcndet, gilt als Deutschlands \u00e4ltester queerer Club und gr\u00f6\u00dfte Kulturinstitution im queeren Bereich.<\/p>\n<p class=\"text-18 leading-17\">Trotz der angespannten Lage rechnen die Organisatoren auch in diesem Jahr mit mehreren hunderttausend Teilnehmern aus ganz Deutschland und dar\u00fcber hinaus. Die Polizei sei vorbereitet und die Stadtgesellschaft solidarisch.<\/p>\n<p class=\"text-18 leading-17\">&#8222;Allein die Gr\u00f6\u00dfe des CSD sch\u00fctzt uns und f\u00fchrt auch dazu, dass die Berliner Polizei sich auf viele Szenarien und auch auf die ver\u00e4ndernden Sicherheitsbedingungen vorbereitet&#8220;, erl\u00e4uterte Voges. Daher erwarte man keine gro\u00dfen Gegenbewegungen.<\/p>\n<p class=\"text-18 leading-17\">Thematisch setzt der CSD 2025 drei Schwerpunkte: die explizite Aufnahme queerer Menschen ins Grundgesetz, die Zukunft Berlins als &#8222;Regenbogenhauptstadt&#8220; und den Kampf gegen Hasskriminalit\u00e4t. Der Leitsatz lautet: &#8222;Wir h\u00f6ren nicht auf, bis alle geh\u00f6rt werden!&#8220;<\/p>\n<p class=\"text-18 leading-17\">Das Feiern soll dabei nicht zu kurz kommen. &#8222;Wir wollen auch eine gute Zeit miteinander haben, als Community zusammenkommen, zusammenr\u00fccken, gerade in der Zeit, wo wir einfach unter Druck geraten sind&#8220;, versprach Voges. Es werde trotzdem eine &#8222;sehr feucht, fr\u00f6hliche, gute Veranstaltung werden.&#8220;<\/p>\n","protected":false},"excerpt":{"rendered":"Demonstration am 26. Juli Steigende Queerfeindlichkeit besorgt Berliner CSD 06.07.2025 &#8211; 08:33 UhrLesedauer: 2 Min. Menschen feiern beim&hellip;\n","protected":false},"author":2,"featured_media":246216,"comment_status":"","ping_status":"","sticky":false,"template":"","format":"standard","meta":{"footnotes":""},"categories":[1825],"tags":[722,17161,223,296,1180,31,30485,507,29,775,30,28296,33550,76167],"class_list":{"0":"post-246215","1":"post","2":"type-post","3":"status-publish","4":"format-standard","5":"has-post-thumbnail","7":"category-berlin","8":"tag-722","9":"tag-17161","10":"tag-ard","11":"tag-berlin","12":"tag-bundestag","13":"tag-cdu","14":"tag-christopher-street-day","15":"tag-demonstration","16":"tag-deutschland","17":"tag-friedrich-merz","18":"tag-germany","19":"tag-julia-kloeckner","20":"tag-queerfeindlichkeit","21":"tag-thomas-voges"},"share_on_mastodon":{"url":"https:\/\/pubeurope.com\/@de\/114804991341228011","error":""},"_links":{"self":[{"href":"https:\/\/www.europesays.com\/de\/wp-json\/wp\/v2\/posts\/246215","targetHints":{"allow":["GET"]}}],"collection":[{"href":"https:\/\/www.europesays.com\/de\/wp-json\/wp\/v2\/posts"}],"about":[{"href":"https:\/\/www.europesays.com\/de\/wp-json\/wp\/v2\/types\/post"}],"author":[{"embeddable":true,"href":"https:\/\/www.europesays.com\/de\/wp-json\/wp\/v2\/users\/2"}],"replies":[{"embeddable":true,"href":"https:\/\/www.europesays.com\/de\/wp-json\/wp\/v2\/comments?post=246215"}],"version-history":[{"count":0,"href":"https:\/\/www.europesays.com\/de\/wp-json\/wp\/v2\/posts\/246215\/revisions"}],"wp:featuredmedia":[{"embeddable":true,"href":"https:\/\/www.europesays.com\/de\/wp-json\/wp\/v2\/media\/246216"}],"wp:attachment":[{"href":"https:\/\/www.europesays.com\/de\/wp-json\/wp\/v2\/media?parent=246215"}],"wp:term":[{"taxonomy":"category","embeddable":true,"href":"https:\/\/www.europesays.com\/de\/wp-json\/wp\/v2\/categories?post=246215"},{"taxonomy":"post_tag","embeddable":true,"href":"https:\/\/www.europesays.com\/de\/wp-json\/wp\/v2\/tags?post=246215"}],"curies":[{"name":"wp","href":"https:\/\/api.w.org\/{rel}","templated":true}]}}