{"id":246225,"date":"2025-07-06T07:03:16","date_gmt":"2025-07-06T07:03:16","guid":{"rendered":"https:\/\/www.europesays.com\/de\/246225\/"},"modified":"2025-07-06T07:03:16","modified_gmt":"2025-07-06T07:03:16","slug":"kelly-clarkson-cancelt-wenige-stunden-vor-start-ihr-konzert","status":"publish","type":"post","link":"https:\/\/www.europesays.com\/de\/246225\/","title":{"rendered":"Kelly Clarkson cancelt wenige Stunden vor Start ihr Konzert"},"content":{"rendered":"<p><img decoding=\"async\" src=\"https:\/\/www.europesays.com\/de\/wp-content\/uploads\/2025\/07\/8319879230568568.jpeg\" fetchpriority=\"high\" width=\"1997\" height=\"1286\" alt=\"NEW YORK, NEW YORK - NOVEMBER 08: Kelly Clarkson performs onstage during the SiriusXM Next Generation: Industry &amp; Press Preview at The Tisch Skylights at The Shed on November 08, 2023 in New York  ...\" data-image-id=\"8319879230568568\" class=\"watson-snippet__image bg-grey-10 block h-auto w-full \"\/><\/p>\n<p>Kelly Clarkson erkl\u00e4rt ihre Show-Absage.Bild: Mike Coppola\/Getty Images for SiriusXM<\/p>\n<p>Musik<\/p>\n<p>Derzeit h\u00e4ufen sich die Negativ-Schlagzeilen, dass Stars ihre Konzerte absagen. Ava Max, Usher oder auch Jennifer Lopez geh\u00f6ren dazu. In die Liste reiht sich nun auch Kelly Clarkson ein.<\/p>\n<p>05.07.2025, 13:5705.07.2025, 13:58<\/p>\n<p><img decoding=\"async\" src=\"https:\/\/www.europesays.com\/de\/wp-content\/uploads\/2025\/03\/2087825566335088.jpeg\" alt=\"Imke Gerriets\" width=\"50\" height=\"50\" loading=\"lazy\" class=\"h-auto w-14 rounded-full\"\/><\/p>\n<p>Folgen<\/p>\n<p class=\"watson-snippet__text my-6 text-[16px] lg:text-[18px] leading-normal md:w-3\/5\">Besonders bitter war gerade erst die Absage von Usher. Sein Tourstopp in Australien f\u00e4llt komplett aus, die Fans wurden nur per Nachricht vom Ticketanbieter dar\u00fcber informiert. Eine Begr\u00fcndung fehlt bislang. <strong>Die Fans zeigten sich besonders entt\u00e4uscht davon, zumal die Konzerte erst im November und Dezember stattfinden sollten.<\/strong><\/p>\n<p class=\"watson-snippet__text my-6 text-[16px] lg:text-[18px] leading-normal md:w-3\/5\">Jetzt ist es auch Kelly Clarkson, die kurz vor Beginn ihrer Auftaktshow einer kommenden Konzertreihe absagt.<strong> Im Gegensatz zu Usher folgt hier aber eine ausf\u00fchrliche Erkl\u00e4rung.<\/strong><\/p>\n<p>Kelly Clarkson erkl\u00e4rt sich nach Show-Absage<\/p>\n<p class=\"watson-snippet__text my-6 text-[16px] lg:text-[18px] leading-normal md:w-3\/5\">Kelly Clarkson gewann einst die erste Staffel der Castingshow &#8222;American Idol&#8220; und z\u00e4hlt heute zu den Weltstars. <strong>Mehrmals wurde sie mit einem Grammy ausgezeichnet.<\/strong> Mittlerweile hat sie mit &#8222;The Kelly Clarkson Show&#8220; ihre eigene Sendung, in der sie mit anderen ber\u00fchmten Personen spricht. <\/p>\n<p class=\"watson-snippet__text my-6 text-[16px] lg:text-[18px] leading-normal md:w-3\/5\">Die Musik steht bei ihr aber weiterhin im Fokus. Am 4. Juli sollte Kelly Clarkson eigentlich ihre erste Show im Rahmen der Konzertreihe &#8222;Studio Sessions \u2013 The Las Vegas Residency&#8220; spielen. Im Colosseum des Caesars Palace h\u00e4tte sie ihre gr\u00f6\u00dften Hits performen sollen. <strong>Nur kurz davor erfolgte allerdings die Absage.<\/strong><\/p>\n<p class=\"watson-snippet__text my-6 text-[16px] lg:text-[18px] leading-normal md:w-3\/5\">Auf ihrem Instagram-Account meldet sie sich dazu pers\u00f6nlich zu Wort. In einem Beitrag erkl\u00e4rt die S\u00e4ngerin: &#8222;Wir haben rund um die Uhr daran gearbeitet, Studio Sessions zur intimsten und au\u00dfergew\u00f6hnlichsten Erfahrung mit und f\u00fcr meine unglaublichen Fans zu machen.&#8220; Und weiter: <\/p>\n<p>&#8222;Ich bin \u00fcberaus dankbar, dass ihr immer f\u00fcr mich da seid und ich bin am Boden zerst\u00f6rt, dass ich die Er\u00f6ffnung heute Abend und die morgige Er\u00f6ffnung im Caesars verschieben muss. Die Vorbereitung und die Proben haben meine Stimme stark gefordert. Ich m\u00f6chte, dass die Shows perfekt f\u00fcr euch alle sind und ich muss mich davor sch\u00fctzen, ernsthaften Schaden anzurichten.&#8220;<\/p>\n<p class=\"watson-snippet__text my-6 text-[16px] lg:text-[18px] leading-normal md:w-3\/5\">Aus diesem Grund w\u00fcrde sich Kelly Clarkson dieses Wochenende und die n\u00e4chste Woche die Zeit nehmen, um sich auszuruhen, &#8222;damit wir das bieten k\u00f6nnen, was ihr alle verdient&#8220;. Die 43-J\u00e4hrige verspricht, dass die Show &#8222;wirklich unglaublich&#8220; sei.<\/p>\n<p>Kelly Clarkson will n\u00e4chste Woche wieder auf der B\u00fchne stehen<\/p>\n<p class=\"watson-snippet__text my-6 text-[16px] lg:text-[18px] leading-normal md:w-3\/5\">Abschlie\u00dfend betont die K\u00fcnstlerin: &#8222;Die Musiker und S\u00e4nger sind hervorragend, und ich m\u00f6chte, dass wir alle stark anfangen. <strong>Ich kann es kaum erwarten, n\u00e4chstes Wochenende zur\u00fcck zu sein und euch allen zu zeigen, woran wir gearbeitet haben.&#8220;<\/strong> <\/p>\n<p class=\"watson-snippet__text my-6 text-[16px] lg:text-[18px] leading-normal md:w-3\/5\">Ein User schreibt dazu: &#8222;Als Adele abgesagt hat, hatten wir immer noch eine tolle Zeit. Respekt daf\u00fcr, dass du dich um dich selbst k\u00fcmmerst.&#8220; Ein Fan meint mit Blick auf die kurzfristige Absage: &#8222;Ich war so aufgeregt wegen der Premiere. <strong>Wir waren alle so aufgeregt, den ganzen Tag in der Schlange zu stehen. Ich hoffe, es geht dir besser.&#8220;<\/strong><\/p>\n<p class=\"watson-snippet__text my-6 text-[16px] lg:text-[18px] leading-normal md:w-3\/5\">Kelly Clarkson bekommt weitere Genesungsw\u00fcnsche. Ein Konzertbesucher merkt an: &#8222;Ich habe mich so gefreut, dich morgen Abend zu sehen, aber deine Gesundheit und dein Wohlbefinden sind wichtiger. Nimm dir Zeit f\u00fcr dich und ruhe dich aus.&#8220; <strong>Insgesamt stehen 18 Konzerte in Las Vegas auf dem Plan, die ausgefallenen Termine m\u00fcssen nun nachgeholt werden. <\/strong><\/p>\n<p><a href=\"https:\/\/www.watson.de\/unterhaltung\/musik\/993623811-kelly-clarkson-cancelt-wenige-stunden-vor-start-ihr-konzert\" aria-label=\"Zur Story\" class=\"watson-next-story__link absolute inset-0 z-10\" rel=\"nofollow noopener\" target=\"_blank\"><\/p>\n<p>Derzeit h\u00e4ufen sich die Negativ-Schlagzeilen, dass Stars ihre Konzerte absagen. Ava Max, Usher oder auch Jennifer Lopez geh\u00f6ren dazu. In die Liste reiht sich nun auch Kelly Clarkson ein.<\/p>\n<p class=\"watson-snippet__text my-6 text-[16px] lg:text-[18px] leading-normal md:w-3\/5\">Besonders bitter war gerade erst die Absage von Usher. Sein Tourstopp in Australien f\u00e4llt komplett aus, die Fans wurden nur per Nachricht vom Ticketanbieter dar\u00fcber informiert. Eine Begr\u00fcndung fehlt bislang. <strong>Die Fans zeigten sich besonders entt\u00e4uscht davon, zumal die Konzerte erst im November und Dezember stattfinden sollten.<\/strong><\/p>\n","protected":false},"excerpt":{"rendered":"Kelly Clarkson erkl\u00e4rt ihre Show-Absage.Bild: Mike Coppola\/Getty Images for SiriusXM Musik Derzeit h\u00e4ufen sich die Negativ-Schlagzeilen, dass Stars&hellip;\n","protected":false},"author":2,"featured_media":246226,"comment_status":"","ping_status":"","sticky":false,"template":"","format":"standard","meta":{"footnotes":""},"categories":[1772],"tags":[29,214,30,1779,810,215],"class_list":{"0":"post-246225","1":"post","2":"type-post","3":"status-publish","4":"format-standard","5":"has-post-thumbnail","7":"category-musik","8":"tag-deutschland","9":"tag-entertainment","10":"tag-germany","11":"tag-music","12":"tag-musik","13":"tag-unterhaltung"},"share_on_mastodon":{"url":"https:\/\/pubeurope.com\/@de\/114805014951834244","error":""},"_links":{"self":[{"href":"https:\/\/www.europesays.com\/de\/wp-json\/wp\/v2\/posts\/246225","targetHints":{"allow":["GET"]}}],"collection":[{"href":"https:\/\/www.europesays.com\/de\/wp-json\/wp\/v2\/posts"}],"about":[{"href":"https:\/\/www.europesays.com\/de\/wp-json\/wp\/v2\/types\/post"}],"author":[{"embeddable":true,"href":"https:\/\/www.europesays.com\/de\/wp-json\/wp\/v2\/users\/2"}],"replies":[{"embeddable":true,"href":"https:\/\/www.europesays.com\/de\/wp-json\/wp\/v2\/comments?post=246225"}],"version-history":[{"count":0,"href":"https:\/\/www.europesays.com\/de\/wp-json\/wp\/v2\/posts\/246225\/revisions"}],"wp:featuredmedia":[{"embeddable":true,"href":"https:\/\/www.europesays.com\/de\/wp-json\/wp\/v2\/media\/246226"}],"wp:attachment":[{"href":"https:\/\/www.europesays.com\/de\/wp-json\/wp\/v2\/media?parent=246225"}],"wp:term":[{"taxonomy":"category","embeddable":true,"href":"https:\/\/www.europesays.com\/de\/wp-json\/wp\/v2\/categories?post=246225"},{"taxonomy":"post_tag","embeddable":true,"href":"https:\/\/www.europesays.com\/de\/wp-json\/wp\/v2\/tags?post=246225"}],"curies":[{"name":"wp","href":"https:\/\/api.w.org\/{rel}","templated":true}]}}