{"id":246377,"date":"2025-07-06T08:29:08","date_gmt":"2025-07-06T08:29:08","guid":{"rendered":"https:\/\/www.europesays.com\/de\/246377\/"},"modified":"2025-07-06T08:29:08","modified_gmt":"2025-07-06T08:29:08","slug":"tour-de-france-red-bull-verteidigt-sich-fuer-ueberraschende-strategie","status":"publish","type":"post","link":"https:\/\/www.europesays.com\/de\/246377\/","title":{"rendered":"Tour de France: Red Bull verteidigt sich f\u00fcr \u00fcberraschende Strategie"},"content":{"rendered":"<p>                    Folgen f\u00fcr die zwei Topfahrer<br \/>\n                Red Bull verteidigt sich f\u00fcr \u00fcberraschende Tour-Strategie<\/p>\n<p>\t\t\t\t              06.07.2025, 06:30 Uhr<\/p>\n<p><strong>Zum Auftakt der 112. Tour jubelt der Belgier Jasper Philipsen &#8211; und sichert sich eine besondere Auszeichnung. Das Red-Bull-Team um Hoffnungstr\u00e4ger Florian Lipowitz und den alten Meister Primoz Roglic kassiert gleich zum Auftakt einen D\u00e4mpfer.<\/strong><\/p>\n<p>Die Red-Bull-Radprofis um Primoz Roglic und den deutschen Tour-Deb\u00fctanten Florian Lipowitz verschwanden schnell im Teambus. Nach dem \u00fcberraschenden D\u00e4mpfer zum Auftakt der 112. Tour de France in Lille wollten die Fahrer des Rennstalls die erste Etappe wohl schnell vergessen. Gleich zu Beginn kassierte der slowenische Podium-Kandidat Roglic 39 Sekunden auf die Top-Stars Tadej Pogacar und Jonas Vingegaard.<\/p>\n<p>&#8222;Ist jetzt kein Weltuntergang, aber h\u00e4tte besser laufen k\u00f6nnen&#8220;, sagte Teamchef Ralph Denk. &#8222;Mund abwischen, weitermachen&#8220;, meinte der bedient wirkende 53-J\u00e4hrige. Sportchef Rolf Aldag sagte, das Team habe wegen der turbulenten Etappe &#8222;bewusst weniger Risiko&#8220; nehmen wollen. Bis zehn Kilometer vor dem Ziel sollten die Fahrer zusammenbleiben. &#8222;Das haben sie konsequent gemacht. Aber dann waren sie auch konsequenterweise hinten&#8220;, sagte Aldag. &#8222;Uns wird immer vorgeworfen, wir fallen so oft hin, dieses Mal haben wir es gut verhindert. Wir wissen, wie kompliziert die ersten Etappen sind. (&#8230;) Die 30 Sekunden werden nicht die Tour entscheiden, ein schwerer Sturz schon.&#8220;<\/p>\n<p>Dank der unruhigen Windverh\u00e4ltnisse hatten sich die Gesamtsieg-Favoriten Pogacar und Vingegaard in der f\u00fchrenden Gruppe um den sp\u00e4teren Tagessieger Jasper Philipsen aus Belgien wenige Kilometer vor dem Ziel in Lille abgesetzt &#8211; und Roglic sowie den belgischen Podium-Kandidaten Remco Evenepoel hinter sich gelassen. <\/p>\n<p>Fr\u00fche Reifenpanne bei Lipowitz<\/p>\n<p>Philipsen feierte in der N\u00e4he der imposanten Festungsanlage der nordfranz\u00f6sischen Stadt seinen zehnten Etappensieg. Doch nicht nur das: Der 27-J\u00e4hrige streifte sich das Gelbe Trikot \u00fcber und schaffte dadurch einen besonderen Erfolg, denn die schnellen M\u00e4nner haben nur selten die Aussicht auf das prestigetr\u00e4chtigste Dress der Radsportwelt.<\/p>\n<p>Gleich bei seiner Deb\u00fct-Etappe erlebte die deutsche Radsport-Hoffnung Lipowitz einen leichten Schreckmoment. Der 24-J\u00e4hrige \u00e4rgerte sich im Laufe des Rennens \u00fcber einen platten Reifen. Die Panne war zwar schnell behoben, aber der Gesamtdritte der Dauphin\u00e9-Rundfahrt musste knapp 40 Sekunden ohne Hilfe seiner Kollegen aufholen, ehe er wieder zum Hauptfeld stie\u00df.<\/p>\n<p>Die Profis schonten sich bei hohen Geschwindigkeiten nicht. Ein kurioser Sturz macht das deutlich. Die beiden franz\u00f6sischen Profis Benjamin Thomas und Matt\u00e9o Vercher sprinteten um einen einzigen Bergwertungspunkt. Kurz nachdem Thomas die Linie als Erster etwa 79 Kilometer vor dem Ziel \u00fcberquert hatte, st\u00fcrzte der 29-J\u00e4hrige und riss Vercher kurz darauf mit hinunter. Beide konnten aber weitermachen.<\/p>\n","protected":false},"excerpt":{"rendered":"Folgen f\u00fcr die zwei Topfahrer Red Bull verteidigt sich f\u00fcr \u00fcberraschende Tour-Strategie 06.07.2025, 06:30 Uhr Zum Auftakt der&hellip;\n","protected":false},"author":2,"featured_media":246378,"comment_status":"","ping_status":"","sticky":false,"template":"","format":"standard","meta":{"footnotes":""},"categories":[136],"tags":[29,30,9408,265,34902],"class_list":{"0":"post-246377","1":"post","2":"type-post","3":"status-publish","4":"format-standard","5":"has-post-thumbnail","7":"category-sport","8":"tag-deutschland","9":"tag-germany","10":"tag-radsport","11":"tag-sport","12":"tag-tour-de-france"},"share_on_mastodon":{"url":"https:\/\/pubeurope.com\/@de\/114805353020409244","error":""},"_links":{"self":[{"href":"https:\/\/www.europesays.com\/de\/wp-json\/wp\/v2\/posts\/246377","targetHints":{"allow":["GET"]}}],"collection":[{"href":"https:\/\/www.europesays.com\/de\/wp-json\/wp\/v2\/posts"}],"about":[{"href":"https:\/\/www.europesays.com\/de\/wp-json\/wp\/v2\/types\/post"}],"author":[{"embeddable":true,"href":"https:\/\/www.europesays.com\/de\/wp-json\/wp\/v2\/users\/2"}],"replies":[{"embeddable":true,"href":"https:\/\/www.europesays.com\/de\/wp-json\/wp\/v2\/comments?post=246377"}],"version-history":[{"count":0,"href":"https:\/\/www.europesays.com\/de\/wp-json\/wp\/v2\/posts\/246377\/revisions"}],"wp:featuredmedia":[{"embeddable":true,"href":"https:\/\/www.europesays.com\/de\/wp-json\/wp\/v2\/media\/246378"}],"wp:attachment":[{"href":"https:\/\/www.europesays.com\/de\/wp-json\/wp\/v2\/media?parent=246377"}],"wp:term":[{"taxonomy":"category","embeddable":true,"href":"https:\/\/www.europesays.com\/de\/wp-json\/wp\/v2\/categories?post=246377"},{"taxonomy":"post_tag","embeddable":true,"href":"https:\/\/www.europesays.com\/de\/wp-json\/wp\/v2\/tags?post=246377"}],"curies":[{"name":"wp","href":"https:\/\/api.w.org\/{rel}","templated":true}]}}