{"id":247081,"date":"2025-07-06T15:04:10","date_gmt":"2025-07-06T15:04:10","guid":{"rendered":"https:\/\/www.europesays.com\/de\/247081\/"},"modified":"2025-07-06T15:04:10","modified_gmt":"2025-07-06T15:04:10","slug":"berlin-brandenburg-ueber-1-000-menschen-erinnern-an-brandanschlag-gegen-aleviten","status":"publish","type":"post","link":"https:\/\/www.europesays.com\/de\/247081\/","title":{"rendered":"Berlin &#038; Brandenburg: \u00dcber 1.000 Menschen erinnern an Brandanschlag gegen Aleviten"},"content":{"rendered":"<p>                    Berlin &amp; Brandenburg<br \/>\n                \u00dcber 1.000 Menschen erinnern an Brandanschlag gegen Aleviten<\/p>\n<p>\t\t\t\t              06.07.2025, 16:28 Uhr<\/p>\n<p><strong>Bei einem Anschlag im Jahr 1993 sterben 37 Menschen in einer Stadt in der T\u00fcrkei &#8211; vor allem Aleviten, eine religi\u00f6se Minderheit. Ein Demonstrationszug in Berlin will daran erinnern.<\/strong><\/p>\n<p>Berlin (dpa\/bb) &#8211; Rund 1.100 Menschen haben in Berlin nach Polizeiangaben an einen t\u00f6dlichen Brandanschlag vor 32 Jahren gegen die Minderheit der Aleviten in der T\u00fcrkei erinnert. Die Demonstration stand unter dem Motto &#8222;Sivas 1993 &#8211; Pogrom an Aleviten&#8220;. Sie verlaufe st\u00f6rungsfrei, sagte eine Polizeisprecherin. Der Zug sollte vom Hermannplatz im Bezirk Neuk\u00f6lln zum Oranienplatz in Friedrichshain-Kreuzberg gehen.<\/p>\n<p>Vor 30 Jahren hatte ein von religi\u00f6sen Extremisten aufgehetzter islamistischer Mob ein Hotel im Stadtzentrum von Sivas in Brand gesteckt, in dem sich alevitische Schriftsteller, S\u00e4nger und Intellektuelle aufhielten. Dabei kamen 37 Menschen ums Leben, die meisten Opfer waren Aleviten, eine religi\u00f6se Minderheit in der T\u00fcrkei.\u00a0Seit mehreren Jahren finden Demonstrationen aus Anlass des Anschlags statt.<\/p>\n","protected":false},"excerpt":{"rendered":"Berlin &amp; Brandenburg \u00dcber 1.000 Menschen erinnern an Brandanschlag gegen Aleviten 06.07.2025, 16:28 Uhr Bei einem Anschlag im&hellip;\n","protected":false},"author":2,"featured_media":247082,"comment_status":"","ping_status":"","sticky":false,"template":"","format":"standard","meta":{"footnotes":""},"categories":[1816],"tags":[1960,1958,1959,1957,76344,296,1956,12941,1890,29,30,9834,11079],"class_list":{"0":"post-247081","1":"post","2":"type-post","3":"status-publish","4":"format-standard","5":"has-post-thumbnail","7":"category-brandenburg","8":"tag-aktuelle-nachrichten-aus-berlin-und-brandenburg","9":"tag-aktuelle-nachrichten-aus-brandenburg","10":"tag-aktuelle-news-aus-berlin-und-brandenburg","11":"tag-aktuelle-news-aus-brandenburg","12":"tag-aleviten","13":"tag-berlin","14":"tag-berlin-und-brandenburg","15":"tag-brandanschlag","16":"tag-brandenburg","17":"tag-deutschland","18":"tag-germany","19":"tag-menschen","20":"tag-uber"},"share_on_mastodon":{"url":"https:\/\/pubeurope.com\/@de\/114806906211282153","error":""},"_links":{"self":[{"href":"https:\/\/www.europesays.com\/de\/wp-json\/wp\/v2\/posts\/247081","targetHints":{"allow":["GET"]}}],"collection":[{"href":"https:\/\/www.europesays.com\/de\/wp-json\/wp\/v2\/posts"}],"about":[{"href":"https:\/\/www.europesays.com\/de\/wp-json\/wp\/v2\/types\/post"}],"author":[{"embeddable":true,"href":"https:\/\/www.europesays.com\/de\/wp-json\/wp\/v2\/users\/2"}],"replies":[{"embeddable":true,"href":"https:\/\/www.europesays.com\/de\/wp-json\/wp\/v2\/comments?post=247081"}],"version-history":[{"count":0,"href":"https:\/\/www.europesays.com\/de\/wp-json\/wp\/v2\/posts\/247081\/revisions"}],"wp:featuredmedia":[{"embeddable":true,"href":"https:\/\/www.europesays.com\/de\/wp-json\/wp\/v2\/media\/247082"}],"wp:attachment":[{"href":"https:\/\/www.europesays.com\/de\/wp-json\/wp\/v2\/media?parent=247081"}],"wp:term":[{"taxonomy":"category","embeddable":true,"href":"https:\/\/www.europesays.com\/de\/wp-json\/wp\/v2\/categories?post=247081"},{"taxonomy":"post_tag","embeddable":true,"href":"https:\/\/www.europesays.com\/de\/wp-json\/wp\/v2\/tags?post=247081"}],"curies":[{"name":"wp","href":"https:\/\/api.w.org\/{rel}","templated":true}]}}