{"id":247117,"date":"2025-07-06T15:23:10","date_gmt":"2025-07-06T15:23:10","guid":{"rendered":"https:\/\/www.europesays.com\/de\/247117\/"},"modified":"2025-07-06T15:23:10","modified_gmt":"2025-07-06T15:23:10","slug":"eintracht-frankfurt-wackelt-doan-transfer-wegen-dieser-klausel-sport","status":"publish","type":"post","link":"https:\/\/www.europesays.com\/de\/247117\/","title":{"rendered":"Eintracht Frankfurt: Wackelt Doan-Transfer wegen dieser Klausel? | Sport"},"content":{"rendered":"<p><b>Eintracht Frankfurt hat Jonathan Burkardt f\u00fcr 21 Millionen Euro von Mainz 05 verpflichtet. Nun steht Freiburgs Ritsu Doan im Fokus. Doch die Verhandlungen stocken wegen einer spannenden Klausel. Kann Eintracht durch clevere Verhandlungen den Preis senken? Lesen Sie mit BILDplus, ob Markus Kr\u00f6sche erneut sein Verhandlungsgeschick beweisen kann und wie Bayern M\u00fcnchen in die Situation eingreifen k\u00f6nnte.<\/b><\/p>\n","protected":false},"excerpt":{"rendered":"Eintracht Frankfurt hat Jonathan Burkardt f\u00fcr 21 Millionen Euro von Mainz 05 verpflichtet. Nun steht Freiburgs Ritsu Doan&hellip;\n","protected":false},"author":2,"featured_media":247118,"comment_status":"","ping_status":"","sticky":false,"template":"","format":"standard","meta":{"footnotes":""},"categories":[5],"tags":[460,538,13,7164,14,15,298,12,803,469,45,10,8,9,11,462],"class_list":{"0":"post-247117","1":"post","2":"type-post","3":"status-publish","4":"format-standard","5":"has-post-thumbnail","7":"category-nachrichten","8":"tag-eintracht-frankfurt","9":"tag-erste-bundesliga","10":"tag-headlines","11":"tag-kroesche-markus","12":"tag-nachrichten","13":"tag-news","14":"tag-sc-freiburg","15":"tag-schlagzeilen","16":"tag-spielertransfer","17":"tag-sport-leuchtturm-zentral","18":"tag-texttospeech","19":"tag-top-news","20":"tag-top-meldungen","21":"tag-topmeldungen","22":"tag-topnews","23":"tag-toppmoeller-dino"},"share_on_mastodon":{"url":"https:\/\/pubeurope.com\/@de\/114806981912319353","error":""},"_links":{"self":[{"href":"https:\/\/www.europesays.com\/de\/wp-json\/wp\/v2\/posts\/247117","targetHints":{"allow":["GET"]}}],"collection":[{"href":"https:\/\/www.europesays.com\/de\/wp-json\/wp\/v2\/posts"}],"about":[{"href":"https:\/\/www.europesays.com\/de\/wp-json\/wp\/v2\/types\/post"}],"author":[{"embeddable":true,"href":"https:\/\/www.europesays.com\/de\/wp-json\/wp\/v2\/users\/2"}],"replies":[{"embeddable":true,"href":"https:\/\/www.europesays.com\/de\/wp-json\/wp\/v2\/comments?post=247117"}],"version-history":[{"count":0,"href":"https:\/\/www.europesays.com\/de\/wp-json\/wp\/v2\/posts\/247117\/revisions"}],"wp:featuredmedia":[{"embeddable":true,"href":"https:\/\/www.europesays.com\/de\/wp-json\/wp\/v2\/media\/247118"}],"wp:attachment":[{"href":"https:\/\/www.europesays.com\/de\/wp-json\/wp\/v2\/media?parent=247117"}],"wp:term":[{"taxonomy":"category","embeddable":true,"href":"https:\/\/www.europesays.com\/de\/wp-json\/wp\/v2\/categories?post=247117"},{"taxonomy":"post_tag","embeddable":true,"href":"https:\/\/www.europesays.com\/de\/wp-json\/wp\/v2\/tags?post=247117"}],"curies":[{"name":"wp","href":"https:\/\/api.w.org\/{rel}","templated":true}]}}