{"id":247511,"date":"2025-07-06T19:01:11","date_gmt":"2025-07-06T19:01:11","guid":{"rendered":"https:\/\/www.europesays.com\/de\/247511\/"},"modified":"2025-07-06T19:01:11","modified_gmt":"2025-07-06T19:01:11","slug":"1-fc-koeln-feiert-beim-christopher-street-day-faszinierend-zu-sehen","status":"publish","type":"post","link":"https:\/\/www.europesays.com\/de\/247511\/","title":{"rendered":"1. FC K\u00f6ln feiert beim Christopher Street Day: &#8222;Faszinierend zu sehen&#8220;"},"content":{"rendered":"<p class=\"font-bold text-18 leading-17\">Der FC hat sich am Sonntag in das bunte Get\u00fcmmel in der Domstadt gest\u00fcrzt. Zusammen mit dem Fanklub &#8222;Andersrum rut-wiess&#8220; demonstrierte der Bundesligist beim CSD.<\/p>\n<p class=\"text-18 leading-17\">Bunt, lauter, lebensfroh: am Sonntag hat sich <a class=\"transition-colors duration-200 cursor-pointer text-inherit no-underline text-salemsfur md:hover:text-magenta md:hover:border-magenta md:focus:text-magenta border-current border-b border-solid break-words\" href=\"https:\/\/www.t-online.de\/region\/koeln\/\" data-sctrack=\"BodyAnchor\" target=\"_blank\" rel=\"noopener\">K\u00f6ln<\/a> erneut in ein Farbenmeer verwandelt. Beim gro\u00dfen Finale des ColognePride befand die Domstadt trotz str\u00f6mendem Regen im Ausnahmezustand \u2013 und mittendrin: der <a class=\"transition-colors duration-200 cursor-pointer text-inherit no-underline text-salemsfur md:hover:text-magenta md:hover:border-magenta md:focus:text-magenta border-current border-b border-solid break-words\" href=\"https:\/\/www.t-online.de\/themen\/1-fc-koeln\/\" data-sctrack=\"BodyAnchor\" target=\"_blank\" rel=\"noopener\">1. FC K\u00f6ln<\/a>, der einmal mehr Flagge f\u00fcr Vielfalt und Toleranz zeigte.<\/p>\n<p class=\"text-18 leading-17\">Bereits zum elften Mal rollte der Traditionsklub bei der CSD-Parade mit. F\u00fcr die vielen Teilnehmer war der FC an Wagenposition 48 zu sehen \u2013 eine Hommage an das FC-Gr\u00fcndungsjahr 1948. Mehr als eine Million Menschen s\u00e4umten die Stra\u00dfen, jubelten, tanzten, feierten. Und der 1. <a class=\"transition-colors duration-200 cursor-pointer text-inherit no-underline text-salemsfur md:hover:text-magenta md:hover:border-magenta md:focus:text-magenta border-current border-b border-solid break-words\" href=\"https:\/\/www.t-online.de\/themen\/1-fc-koeln\/\" data-sctrack=\"BodyAnchor\" target=\"_blank\" rel=\"noopener\">FC K\u00f6ln<\/a> war nicht nur Zaungast, sondern selbst mit jeder Menge Herzblut am Start.<\/p>\n<p class=\"text-18 leading-17\">Schon in den Tagen zuvor war der Bundesligist in K\u00f6lns Innenstadt pr\u00e4sent: Mit einer eigenen kleinen FC-Arena an der Ecke Pipinstra\u00dfe\/Vor St. Martin gab es Einblicke in Blindenfu\u00dfball und Diversity-Merch zum Anfassen.<\/p>\n<p class=\"text-18 leading-17\">Auf dem CSD-Wagen zeigten Pr\u00e4sident Werner Wolf, Vizepr\u00e4sident Carsten Wettich, Gesch\u00e4ftsf\u00fchrer Philipp T\u00fcroff, Abwehrspieler Timo H\u00fcbers, Frauen-Cheftrainerin Britta Carlson sowie Nationalspielerin Marina Hegering klare Kante gegen Ausgrenzung. Unterst\u00fctzt wurde der FC vom queeren Fanklub &#8222;Andersrum rut-wiess&#8220;, der seit Jahren mit buntem Einsatz begeistert.<\/p>\n<p class=\"text-18 leading-17\">Rund 350 FC-Fans, Mitglieder und Mitarbeiter marschierten stolz in rot-wei\u00dfen oder bunten Outfits, geschm\u00fcckt mit Regenbogen-Accessoires, durch die K\u00f6lner Innenstadt. Klare Botschaft: Vielfalt ist unsere St\u00e4rke. Der FC zeige nicht nur auf dem Platz Haltung, sondern auch auf der Stra\u00dfe \u2013 so ihr Motto.<\/p>\n<p class=\"text-18 leading-17\">&#8222;Der CSD ist jedes Jahr ein tolles Erlebnis&#8220;, sagte FC-Kapit\u00e4n H\u00fcbers, der schon zum wiederholten Male Teil der Parade war. &#8222;Es war sch\u00f6n zu sehen, wie viele Menschen trotz des schlechten Wetters an der CSD-Demo-Parade teilgenommen haben. Wir m\u00f6chten hier ein Zeichen setzen f\u00fcr Gleichberechtigung und Akzeptanz.&#8220;<\/p>\n<p class=\"text-18 leading-17\">Es sei faszinierend zu sehen, wie viele Menschen jedes Jahr diese Werte unterst\u00fctzten und die CSD-Demo zu einem bunten Fest verwandelten. Um 11.30 Uhr setzte sich die Parade am Sonntag auf der Deutzer Br\u00fccke in Bewegung. Danach ging es \u00fcber die Schildergasse und den Neumarkt mitten durch die Innenstadt. Insgesamt kamen 1,1 Millionen Menschen.<\/p>\n","protected":false},"excerpt":{"rendered":"Der FC hat sich am Sonntag in das bunte Get\u00fcmmel in der Domstadt gest\u00fcrzt. Zusammen mit dem Fanklub&hellip;\n","protected":false},"author":2,"featured_media":247512,"comment_status":"","ping_status":"","sticky":false,"template":"","format":"standard","meta":{"footnotes":""},"categories":[1828],"tags":[623,3175,3174,30485,29,3148,14516,30,1420,1209,3141,61],"class_list":{"0":"post-247511","1":"post","2":"type-post","3":"status-publish","4":"format-standard","5":"has-post-thumbnail","7":"category-koeln","8":"tag-1-fc-koeln","9":"tag-3175","10":"tag-3174","11":"tag-christopher-street-day","12":"tag-deutschland","13":"tag-domstadt","14":"tag-fanklub","15":"tag-germany","16":"tag-koeln","17":"tag-nordrhein-westfalen","18":"tag-timo-huebers","19":"tag-vielfalt"},"share_on_mastodon":{"url":"https:\/\/pubeurope.com\/@de\/114807838119237467","error":""},"_links":{"self":[{"href":"https:\/\/www.europesays.com\/de\/wp-json\/wp\/v2\/posts\/247511","targetHints":{"allow":["GET"]}}],"collection":[{"href":"https:\/\/www.europesays.com\/de\/wp-json\/wp\/v2\/posts"}],"about":[{"href":"https:\/\/www.europesays.com\/de\/wp-json\/wp\/v2\/types\/post"}],"author":[{"embeddable":true,"href":"https:\/\/www.europesays.com\/de\/wp-json\/wp\/v2\/users\/2"}],"replies":[{"embeddable":true,"href":"https:\/\/www.europesays.com\/de\/wp-json\/wp\/v2\/comments?post=247511"}],"version-history":[{"count":0,"href":"https:\/\/www.europesays.com\/de\/wp-json\/wp\/v2\/posts\/247511\/revisions"}],"wp:featuredmedia":[{"embeddable":true,"href":"https:\/\/www.europesays.com\/de\/wp-json\/wp\/v2\/media\/247512"}],"wp:attachment":[{"href":"https:\/\/www.europesays.com\/de\/wp-json\/wp\/v2\/media?parent=247511"}],"wp:term":[{"taxonomy":"category","embeddable":true,"href":"https:\/\/www.europesays.com\/de\/wp-json\/wp\/v2\/categories?post=247511"},{"taxonomy":"post_tag","embeddable":true,"href":"https:\/\/www.europesays.com\/de\/wp-json\/wp\/v2\/tags?post=247511"}],"curies":[{"name":"wp","href":"https:\/\/api.w.org\/{rel}","templated":true}]}}