{"id":247521,"date":"2025-07-06T19:06:10","date_gmt":"2025-07-06T19:06:10","guid":{"rendered":"https:\/\/www.europesays.com\/de\/247521\/"},"modified":"2025-07-06T19:06:10","modified_gmt":"2025-07-06T19:06:10","slug":"berlin-brandenburg-baerbock-ruft-zu-mehr-miteinander-unter-demokraten-auf","status":"publish","type":"post","link":"https:\/\/www.europesays.com\/de\/247521\/","title":{"rendered":"Berlin &#038; Brandenburg: Baerbock ruft zu mehr Miteinander unter Demokraten auf"},"content":{"rendered":"<p>                    Berlin &amp; Brandenburg<br \/>\n                Baerbock ruft zu mehr Miteinander unter Demokraten auf<\/p>\n<p>\t\t\t\t              06.07.2025, 20:46 Uhr<\/p>\n<p><strong>Vor ihrem Abschied f\u00fcr den neuen Job bei den Vereinten Nationen gibt Gr\u00fcnen-Politikerin Baerbock der deutschen Politik noch einen Rat mit. Sie zieht Bilanz.<\/strong><\/p>\n<p>Potsdam (dpa\/bb) &#8211; Die fr\u00fchere Au\u00dfenministerin Annalena Baerbock (Gr\u00fcne) hat die Politik kurz vor ihrem Wechsel zu den Vereinten Nationen zu mehr Miteinander aufgerufen. &#8222;Streit in der Sache ist wichtig, aber immer im Respekt und immer im Geiste f\u00fcr unsere Demokratie&#8220;, sagte die ehemalige Bundestagsabgeordnete bei ihrem Abschied in Potsdam. &#8222;Dieses Miteinander zwischen Demokratinnen und Demokraten &#8211; auch daf\u00fcr m\u00fcssen wir weiter k\u00e4mpfen.&#8220;<\/p>\n<p>Die Gr\u00fcnen-Politikerin wandte sich gegen Shitstorms und Hass im Internet und warnte vor m\u00f6glichen Folgen &#8211; einer Abwendung von Politik und der Angst vor Meinungs\u00e4u\u00dferungen. &#8222;Das ist brandgef\u00e4hrlich f\u00fcr unser Land, f\u00fcr unsere Gesellschaft&#8220;, sagte Baerbock. &#8222;Nicht jeder Hashtag ist die wahre Lebensrealit\u00e4t, nicht das, was im Netz steht, muss auf der n\u00e4chsten Titelseite stehen. Das wahre Leben findet in den Schulen statt, das findet in den Sportvereinen statt, in den Arbeitsst\u00e4tten.&#8220;<\/p>\n<p>Baerbock: &#8222;Politik kann wirklich was ver\u00e4ndern&#8220;<\/p>\n<p>Die fr\u00fchere Gr\u00fcnen-Landesvorsitzende zog eine positive Bilanz nach 12 Jahren Bundestag und 20 Jahren bei den Brandenburger Gr\u00fcnen. &#8222;Wir k\u00f6nnen verdammt stolz darauf sein, wie wir gewachsen sind mit allen Ecken und Kanten&#8220;, sagte sie. Baerbock verriet, wie sie 2004 als Praktikantin w\u00e4hrend der EU-Osterweiterung zur Politik kam. &#8222;Ich (&#8230;) wollte eigentlich Journalistin werden und nur mal so gucken, wie das in der Politik so l\u00e4uft und dachte dann auf dieser Br\u00fccke: Politik kann wirklich was ver\u00e4ndern.&#8220;<\/p>\n<p>Baerbock war Anfang Juni f\u00fcr ein Jahr zur Pr\u00e4sidentin der UN-Generalversammlung gew\u00e4hlt worden. Zum 30. Juni gab sie ihr Bundestagsmandat an die Brandenburger Gr\u00fcnen-Landeschefin Andrea L\u00fcbcke ab. Der neue Job der Wahl-Potsdamerin in New York wird als m\u00f6glicher Beginn einer internationalen Karriere f\u00fcr Baerbock gesehen, die einen Masterabschluss im V\u00f6lkerrecht hat. Ihre Spitzenposition ist nicht mit der Rolle von UN-Generalsekret\u00e4r Ant\u00f3nio Guterres zu verwechseln.<\/p>\n","protected":false},"excerpt":{"rendered":"Berlin &amp; Brandenburg Baerbock ruft zu mehr Miteinander unter Demokraten auf 06.07.2025, 20:46 Uhr Vor ihrem Abschied f\u00fcr&hellip;\n","protected":false},"author":2,"featured_media":247522,"comment_status":"","ping_status":"","sticky":false,"template":"","format":"standard","meta":{"footnotes":""},"categories":[1816],"tags":[1960,1958,1959,1957,4870,296,1956,1890,8046,29,30,25352],"class_list":{"0":"post-247521","1":"post","2":"type-post","3":"status-publish","4":"format-standard","5":"has-post-thumbnail","7":"category-brandenburg","8":"tag-aktuelle-nachrichten-aus-berlin-und-brandenburg","9":"tag-aktuelle-nachrichten-aus-brandenburg","10":"tag-aktuelle-news-aus-berlin-und-brandenburg","11":"tag-aktuelle-news-aus-brandenburg","12":"tag-baerbock","13":"tag-berlin","14":"tag-berlin-und-brandenburg","15":"tag-brandenburg","16":"tag-demokraten","17":"tag-deutschland","18":"tag-germany","19":"tag-miteinander"},"share_on_mastodon":{"url":"https:\/\/pubeurope.com\/@de\/114807857766894575","error":""},"_links":{"self":[{"href":"https:\/\/www.europesays.com\/de\/wp-json\/wp\/v2\/posts\/247521","targetHints":{"allow":["GET"]}}],"collection":[{"href":"https:\/\/www.europesays.com\/de\/wp-json\/wp\/v2\/posts"}],"about":[{"href":"https:\/\/www.europesays.com\/de\/wp-json\/wp\/v2\/types\/post"}],"author":[{"embeddable":true,"href":"https:\/\/www.europesays.com\/de\/wp-json\/wp\/v2\/users\/2"}],"replies":[{"embeddable":true,"href":"https:\/\/www.europesays.com\/de\/wp-json\/wp\/v2\/comments?post=247521"}],"version-history":[{"count":0,"href":"https:\/\/www.europesays.com\/de\/wp-json\/wp\/v2\/posts\/247521\/revisions"}],"wp:featuredmedia":[{"embeddable":true,"href":"https:\/\/www.europesays.com\/de\/wp-json\/wp\/v2\/media\/247522"}],"wp:attachment":[{"href":"https:\/\/www.europesays.com\/de\/wp-json\/wp\/v2\/media?parent=247521"}],"wp:term":[{"taxonomy":"category","embeddable":true,"href":"https:\/\/www.europesays.com\/de\/wp-json\/wp\/v2\/categories?post=247521"},{"taxonomy":"post_tag","embeddable":true,"href":"https:\/\/www.europesays.com\/de\/wp-json\/wp\/v2\/tags?post=247521"}],"curies":[{"name":"wp","href":"https:\/\/api.w.org\/{rel}","templated":true}]}}