{"id":247636,"date":"2025-07-06T20:10:23","date_gmt":"2025-07-06T20:10:23","guid":{"rendered":"https:\/\/www.europesays.com\/de\/247636\/"},"modified":"2025-07-06T20:10:23","modified_gmt":"2025-07-06T20:10:23","slug":"kreuz-kaiserberg-nahe-essen-am-wochenende-gesperrt-wegen-hitzeschaeden","status":"publish","type":"post","link":"https:\/\/www.europesays.com\/de\/247636\/","title":{"rendered":"Kreuz Kaiserberg nahe Essen am Wochenende gesperrt wegen Hitzesch\u00e4den"},"content":{"rendered":"<p>Hitzesch\u00e4den auf der Fahrbahn <\/p>\n<p>A3: Kreuz Kaiserberg am Wochenende gesperrt<\/p>\n<p>04.07.2025Lesedauer: 1 Min.<\/p>\n<p><a href=\"#focus-0\" class=\"transition-colors duration-200 focus-within:text-magenta block text-current relative\" data-sctrack=\"FocusGalleryImage.Reference\"><img fetchpriority=\"high\" data-testid=\"Opener.Image\" style=\"--lqipURL:url('https:\/\/images.t-online.de\/2025\/07\/DSGVrcMtgCRE\/0x10:800x450\/fit-in\/150x0\/filters:blur(25)\/image.jpg')\"   loading=\"eager\" src=\"https:\/\/www.europesays.com\/de\/wp-content\/uploads\/2025\/07\/1751832623_453_image.jpg\" alt=\"urn:newsml:dpa.com:20090101:250617-935-656415\" title=\"urn:newsml:dpa.com:20090101:250617-935-656415\" width=\"800\" height=\"450\" class=\"bg-[url:var(--lqipURL)] bg-cover bg-center flex h-full w-full max-w-full\" decoding=\"async\"\/><img style=\"--width:32;--height:32\" loading=\"lazy\" src=\"https:\/\/www.t-online.de\/s\/paper\/_next\/static\/media\/zoom-in.f7dae02f.svg\" alt=\"Vergr\u00f6\u00dfern des Bildes\" title=\"Vergr\u00f6\u00dfern des Bildes\" class=\"block h-[calc(var(--height)_\/_16_*_1rem)] w-[calc(var(--width)_\/_16_*_1rem)] max-w-none absolute bottom-8 right-8 rounded-4 bg-snow p-8\" decoding=\"async\"\/><\/a><\/p>\n<p>Die Sonne hat der Fahrbahn am Kreuz Kaiserberg in den vergangenen Tag arg zugesetzt. (Archivbild): Am Wochenende muss die Autobahn gesperrt werden. (Quelle: Fabian Strauch\/imago-images-bilder)<\/p>\n<p class=\"font-bold text-18 leading-17\">Autofahrer in Essen und Umgebung m\u00fcssen sich auf Umwege einstellen: Die A3 wird wegen Hitzesch\u00e4den am Wochenende gesperrt.<\/p>\n<p class=\"text-18 leading-17\">Am Wochenende steht den Autofahrern im Ruhrgebiet eine Herausforderung bevor. Am Kreuz Kaiserberg wird die viel befahrene Autobahn 3 aufgrund von Sch\u00e4den durch die Hitze voll gesperrt. Diese Sperrung betrifft die Fahrtrichtung Norden, w\u00e4hrend der Verkehr in Richtung S\u00fcden nur einspurig flie\u00dfen kann.<\/p>\n<p class=\"text-18 leading-17\">In den vergangenen Tagen haben hohe Temperaturen tiefe Spurrillen im Asphalt verursacht. Dies berichtete ein Sprecher der Autobahn-Gesellschaft. Erste Einschr\u00e4nkungen gab es bereits am Donnerstag, als einige Fahrbahnen gesperrt wurden.<\/p>\n<p class=\"text-18 leading-17\">Die Reparaturarbeiten beginnen am Freitagabend um 20 Uhr und sollen bis Montagmorgen um 5 Uhr abgeschlossen sein. W\u00e4hrend dieser Zeit rechnet man mit erheblichen Verkehrseinschr\u00e4nkungen \u2013 auch, weil die alternative Route \u00fcber die A43 bei <a class=\"transition-colors duration-200 cursor-pointer text-inherit no-underline text-salemsfur md:hover:text-magenta md:hover:border-magenta md:focus:text-magenta border-current border-b border-solid break-words\" href=\"https:\/\/www.t-online.de\/themen\/herne\/\" data-sctrack=\"BodyAnchor\" rel=\"nofollow noopener\" target=\"_blank\">Herne<\/a> derzeit ebenfalls gesperrt ist.<\/p>\n<p class=\"text-18 leading-17\">Trotz der schwierigen Umst\u00e4nde gebe es keine Alternative zu dieser Ma\u00dfnahme, um die Sicherheit der Verkehrsteilnehmer zu gew\u00e4hrleisten, erkl\u00e4rte der Sprecher.<\/p>\n","protected":false},"excerpt":{"rendered":"Hitzesch\u00e4den auf der Fahrbahn A3: Kreuz Kaiserberg am Wochenende gesperrt 04.07.2025Lesedauer: 1 Min. Die Sonne hat der Fahrbahn&hellip;\n","protected":false},"author":2,"featured_media":247637,"comment_status":"","ping_status":"","sticky":false,"template":"","format":"standard","meta":{"footnotes":""},"categories":[1834],"tags":[5543,6243,49934,3364,29,3715,3688,9920,30,74257,32342,1209,176,3856],"class_list":{"0":"post-247636","1":"post","2":"type-post","3":"status-publish","4":"format-standard","5":"has-post-thumbnail","7":"category-essen","8":"tag-autobahn","9":"tag-autobahnkreuz","10":"tag-autobahnsperrung","11":"tag-de","12":"tag-deutschland","13":"tag-duisburg","14":"tag-essen","15":"tag-fahrbahn","16":"tag-germany","17":"tag-hitzeschaden","18":"tag-kaiserberg","19":"tag-nordrhein-westfalen","20":"tag-nrw","21":"tag-ruhrgebiet"},"share_on_mastodon":{"url":"https:\/\/pubeurope.com\/@de\/114808109949544172","error":""},"_links":{"self":[{"href":"https:\/\/www.europesays.com\/de\/wp-json\/wp\/v2\/posts\/247636","targetHints":{"allow":["GET"]}}],"collection":[{"href":"https:\/\/www.europesays.com\/de\/wp-json\/wp\/v2\/posts"}],"about":[{"href":"https:\/\/www.europesays.com\/de\/wp-json\/wp\/v2\/types\/post"}],"author":[{"embeddable":true,"href":"https:\/\/www.europesays.com\/de\/wp-json\/wp\/v2\/users\/2"}],"replies":[{"embeddable":true,"href":"https:\/\/www.europesays.com\/de\/wp-json\/wp\/v2\/comments?post=247636"}],"version-history":[{"count":0,"href":"https:\/\/www.europesays.com\/de\/wp-json\/wp\/v2\/posts\/247636\/revisions"}],"wp:featuredmedia":[{"embeddable":true,"href":"https:\/\/www.europesays.com\/de\/wp-json\/wp\/v2\/media\/247637"}],"wp:attachment":[{"href":"https:\/\/www.europesays.com\/de\/wp-json\/wp\/v2\/media?parent=247636"}],"wp:term":[{"taxonomy":"category","embeddable":true,"href":"https:\/\/www.europesays.com\/de\/wp-json\/wp\/v2\/categories?post=247636"},{"taxonomy":"post_tag","embeddable":true,"href":"https:\/\/www.europesays.com\/de\/wp-json\/wp\/v2\/tags?post=247636"}],"curies":[{"name":"wp","href":"https:\/\/api.w.org\/{rel}","templated":true}]}}