{"id":247815,"date":"2025-07-06T21:51:11","date_gmt":"2025-07-06T21:51:11","guid":{"rendered":"https:\/\/www.europesays.com\/de\/247815\/"},"modified":"2025-07-06T21:51:11","modified_gmt":"2025-07-06T21:51:11","slug":"polizei-sek-einsatz-in-berlin-rudow-42-jaehriger-festgenommen-panorama","status":"publish","type":"post","link":"https:\/\/www.europesays.com\/de\/247815\/","title":{"rendered":"Polizei &#8211; SEK-Einsatz in Berlin-Rudow \u2013 42-J\u00e4hriger festgenommen &#8211; Panorama"},"content":{"rendered":"<p data-manual=\"teaserText\" data-schema-org-speakable=\"true\">Ein Spezialeinsatzkommando r\u00fcckt zu einem Einsatz in Berlin-Rudow aus. Ein Mann wird festgenommen &#8211; und ins Krankenhaus gebracht.<\/p>\n<p data-manual=\"paragraph\" data-schema-org-speakable=\"true\" class=\"css-1ylqqlw\"><a href=\"https:\/\/www.sueddeutsche.de\/thema\/Berlin\" rel=\"nofollow noopener\" target=\"_blank\">Berlin<\/a> (dpa) &#8211; Wegen einer m\u00f6glichen Bedrohungslage ist die Berliner Polizei zu einem Einfamilienhaus im Fuchsienweg in Berlin-Rudow ausger\u00fcckt. Wie die Polizei auf der Plattform X mitteilte, kam es in der Folge zu einem Einsatz des Spezialeinsatzkommandos (SEK).<\/p>\n<p data-manual=\"paragraph\" data-schema-org-speakable=\"true\" class=\"css-1ylqqlw\">In dem leerstehenden Haus wurde ein 42-j\u00e4hriger Mann festgenommen. Aufgrund auff\u00e4lligen psychischen Verhaltens wurde er einem Arzt in einem Krankenhaus vorgestellt. Weitere Hintergr\u00fcnde waren zun\u00e4chst nicht bekannt.<\/p>\n<p data-manual=\"paragraph\" data-schema-org-speakable=\"true\" class=\"css-1ylqqlw\">\u00a9 dpa-infocom, dpa:250706-930-765666\/1<\/p>\n","protected":false},"excerpt":{"rendered":"Ein Spezialeinsatzkommando r\u00fcckt zu einem Einsatz in Berlin-Rudow aus. Ein Mann wird festgenommen &#8211; und ins Krankenhaus gebracht.&hellip;\n","protected":false},"author":2,"featured_media":247816,"comment_status":"","ping_status":"","sticky":false,"template":"","format":"standard","meta":{"footnotes":""},"categories":[1825],"tags":[296,29,30,1584,1974,149],"class_list":{"0":"post-247815","1":"post","2":"type-post","3":"status-publish","4":"format-standard","5":"has-post-thumbnail","7":"category-berlin","8":"tag-berlin","9":"tag-deutschland","10":"tag-germany","11":"tag-kriminalitaet","12":"tag-panorama","13":"tag-sueddeutsche-zeitung"},"share_on_mastodon":{"url":"https:\/\/pubeurope.com\/@de\/114808506776914570","error":""},"_links":{"self":[{"href":"https:\/\/www.europesays.com\/de\/wp-json\/wp\/v2\/posts\/247815","targetHints":{"allow":["GET"]}}],"collection":[{"href":"https:\/\/www.europesays.com\/de\/wp-json\/wp\/v2\/posts"}],"about":[{"href":"https:\/\/www.europesays.com\/de\/wp-json\/wp\/v2\/types\/post"}],"author":[{"embeddable":true,"href":"https:\/\/www.europesays.com\/de\/wp-json\/wp\/v2\/users\/2"}],"replies":[{"embeddable":true,"href":"https:\/\/www.europesays.com\/de\/wp-json\/wp\/v2\/comments?post=247815"}],"version-history":[{"count":0,"href":"https:\/\/www.europesays.com\/de\/wp-json\/wp\/v2\/posts\/247815\/revisions"}],"wp:featuredmedia":[{"embeddable":true,"href":"https:\/\/www.europesays.com\/de\/wp-json\/wp\/v2\/media\/247816"}],"wp:attachment":[{"href":"https:\/\/www.europesays.com\/de\/wp-json\/wp\/v2\/media?parent=247815"}],"wp:term":[{"taxonomy":"category","embeddable":true,"href":"https:\/\/www.europesays.com\/de\/wp-json\/wp\/v2\/categories?post=247815"},{"taxonomy":"post_tag","embeddable":true,"href":"https:\/\/www.europesays.com\/de\/wp-json\/wp\/v2\/tags?post=247815"}],"curies":[{"name":"wp","href":"https:\/\/api.w.org\/{rel}","templated":true}]}}