{"id":247821,"date":"2025-07-06T21:54:15","date_gmt":"2025-07-06T21:54:15","guid":{"rendered":"https:\/\/www.europesays.com\/de\/247821\/"},"modified":"2025-07-06T21:54:15","modified_gmt":"2025-07-06T21:54:15","slug":"mike-und-leylas-heitere-hochzeit-darum-trugen-die-meisten-gaeste-schwarz-unterhaltung","status":"publish","type":"post","link":"https:\/\/www.europesays.com\/de\/247821\/","title":{"rendered":"Mike und Leylas HEITERE Hochzeit: Darum trugen die meisten G\u00e4ste Schwarz | Unterhaltung"},"content":{"rendered":"<p>Heidelberg \u2013 <b>An dieser gro\u00dfen Liebe ist rein gar nichts gew\u00f6hnlich, was Mike Heiter und Ehefrau Leyla zu absoluten Lieblingen der Reality-Welt macht. 2024 lernten sie sich unter recht unglamour\u00f6sen Bedingungen im Dschungelcamp kennen \u2013 und lieben. Eineinhalb Jahre sp\u00e4ter kr\u00f6nen sie ihr Gl\u00fcck mit einer standesamtlichen Trauung der Extraklasse. BILD war live dabei. Und l\u00f6st das R\u00e4tsel um die ungew\u00f6hnliche Garderobe der G\u00e4ste.<\/b><\/p>\n<p>Denn auf Fotos gibt\u2019s keine (wie sonst auf Hochzeiten oft \u00fcblich) bunt gemixten Outfit-Gruppenfotos. Stattdessen strahlt die glamour\u00f6se Gesellschaft in Schwarz und Wei\u00df in die Kameras. Wieso das denn?<\/p>\n<p><img decoding=\"async\" width=\"992\" height=\"661\" alt=\"Im Bentley in ein neues Leben: Das HEITERe Ehepaar auf dem Weg von der Trauung zur Party-Location. Im wundersch\u00f6nen Heidelberg feierte die Hochzeitsgesellschaft im \u201ejil Rooftop Drink&amp;Dine\u201c\" src=\"https:\/\/www.europesays.com\/de\/wp-content\/uploads\/2025\/07\/7d0ee17fac1c9872a81d53938dc494f3,b40490c8\"   class=\"dynamic\" loading=\"lazy\"\/><\/p>\n<p class=\"fig__caption__text\">Im Bentley in ein neues Leben: Das HEITERe Ehepaar auf dem Weg von der Trauung zur Party-Location. Im wundersch\u00f6nen Heidelberg feierte die Hochzeitsgesellschaft auf einem Rooftop<\/p>\n<p>Foto: Sven Moschitz<\/p>\n<p>Mit der HEITERen Trauung brach das Brautpaar so einige \u201eklassische\u201c Hochzeitsregeln. Drei Farben dominierten das Influencer-Ja-Wort: Wei\u00df, Schwarz und Rot. Das farbliche Motto galt nicht nur f\u00fcr die Locations, sondern auch f\u00fcr alle G\u00e4ste. BILD wei\u00df: Die Hochzeitsgesellschaft trug Schwarz und Wei\u00df, weil <a href=\"https:\/\/www.bild.de\/themen\/personen\/leyla-lahouar-aktuelle-news-und-videos-3fVTeiMguSfzhL1WQ3TT\" class=\"text-link\" target=\"_blank\" rel=\"noopener\">Leyla Lahouar<\/a> und <a href=\"https:\/\/www.bild.de\/unterhaltung\/stars-und-leute\/mike-heiter-er-ruehrt-wegen-leylas-papa-alle-zu-traenen-68696b2021b6f519dfaf0cf1\" class=\"text-link\" target=\"_blank\" rel=\"noopener\">Mike Heiter<\/a> es sich so gew\u00fcnscht haben! <\/p>\n<p><img decoding=\"async\" width=\"992\" height=\"1179\" alt=\"Mike und seine Jungs: Auch die elegante Gentlemen-Gruppe rund um den Br\u00e4utigam (M.) entschied sich fast ausschlie\u00dflich f\u00fcr klassische Anz\u00fcge in Schwarz. Die Farbe steht eigentlich f\u00fcr Tod und Trauer, gilt auf Hochzeiten als No-Go. Die Heiters sahen das anders \u2013 und stachen dadurch optisch nur noch mehr hervor\" src=\"https:\/\/www.europesays.com\/de\/wp-content\/uploads\/2025\/07\/451c94e2d47230f4c1c5c4862fc4c0b0,12ba486a\"   class=\"dynamic\" loading=\"lazy\"\/><\/p>\n<p class=\"fig__caption__text\">Mike und seine Jungs: Auch die elegante Gentlemen-Gruppe rund um den Br\u00e4utigam entschied sich fast ausschlie\u00dflich f\u00fcr klassische Anz\u00fcge in Schwarz. Die Farbe steht eigentlich f\u00fcr Tod und Trauer, gilt auf manchen Hochzeiten als No-Go. Die Heiters sahen das anders \u2013 und stachen dadurch optisch nur noch mehr hervor<\/p>\n<p>Foto: mikeheiter\/Instagram<\/p>\n<p>BILD erkl\u00e4rt den Dresscode der Heiter-Hochzeit<\/p>\n<p>Gegen\u00fcber BILD erkl\u00e4rt Heiters-Weddingplanerin Sarah Cathrin Schmidt (28): \u201eDer Dresscode wurde bewusst gew\u00e4hlt, um der <a href=\"https:\/\/www.bild.de\/unterhaltung\/stars-und-leute\/jetzt-sind-mike-und-leyla-verheitert-standesamtliche-hochzeit-in-heidelberg-6869164ad009353a0c960c2a\" class=\"text-link\" target=\"_blank\" rel=\"noopener\">standesamtlichen Trauung<\/a> einen besonders eleganten Rahmen zu verleihen. Den G\u00e4sten stand es frei, sich ganz in Wei\u00df, komplett in Schwarz oder in einer stilvollen Kombination aus beiden Farben zu kleiden.\u201c<\/p>\n<p><img decoding=\"async\" width=\"992\" height=\"739\" alt=\"Als die frisch Verm\u00e4hlten das Standesamt verlassen, l\u00e4sst sich bereits erkennen: Leylas und Mikes Liebsten haben sich an die von ihnen bevorzugte Kleider-Etikette gehalten\" src=\"https:\/\/www.europesays.com\/de\/wp-content\/uploads\/2025\/07\/243cef1d703ba9709e812aa140a19f5a,1c1dcd7a\"   class=\"dynamic\" loading=\"lazy\"\/><\/p>\n<p class=\"fig__caption__text\">Als die frisch Verm\u00e4hlten das Standesamt verlassen, l\u00e4sst sich bereits erkennen: Leylas und Mikes G\u00e4ste haben sich an die bevorzugte Kleider-Etikette gehalten <\/p>\n<p>Foto: Sven Moschitz<\/p>\n<p>Hier durften also nicht nur Braut und Br\u00e4utigam Wei\u00df tragen! Die meisten G\u00e4ste w\u00e4hlten allerdings Schwarz aus. Zwei Hingucker: Die M\u00fctter von Mike und Leyla w\u00e4hlten wei\u00dfe Kleider. Auf jeder anderen Hochzeit ein Skandal \u2013 in diesem Fall absolut gew\u00fcnscht. <\/p>\n<p><img decoding=\"async\" width=\"992\" height=\"1438\" alt=\"Im Netz l\u00f6st das Kleid von Leylas Mutter Christiane bereits Kontroversen aus. Unter den Hochzeitsfotos des Paares auf Instagram diskutieren Follower dar\u00fcber, ob ein solcher Look angebracht ist. BILD wei\u00df: Die Heiters wollten es genau so!\" src=\"https:\/\/www.europesays.com\/de\/wp-content\/uploads\/2025\/07\/ae59a1219ce8045dfbb88329869c75aa,3f7ed394\"   class=\"dynamic\" loading=\"lazy\"\/><\/p>\n<p class=\"fig__caption__text\">Auf Instagram sorgte das schneewei\u00dfe Kleid von Leylas Mutter Christiane f\u00fcr gro\u00dfe Augen bei Leylas 2 Mio. Followern. BILD wei\u00df: Die Heiters wollten es genau so!<\/p>\n<p>Foto: Sven Moschitz<\/p>\n<p>Lesen Sie auch<\/p>\n<p>Die Farbe der Liebe fand sich hingegen ausschlie\u00dflich in den Outfits des Brautpaares \u2013 und in zahlreichen Deko-Details \u2013 wieder. Von Leylas Brautstrau\u00df \u00fcber die gigantische Hochzeitstorte bis hin zu Mikes Applikationen am Anzug: Die Heiters sahen bei ihrer standesamtlichen Trauung rot! <\/p>\n<p><img decoding=\"async\" width=\"992\" height=\"1488\" alt=\"Auf der standesamtlichen Hochzeit der Heiters fanden sich die Farbe Rot und das Motto \u201eAll you need is Love\u201c in zahlreichen Details wieder. Neben der knallroten Hochzeitstorte gab\u2019s f\u00fcr die G\u00e4ste au\u00dferdem wei\u00dfe und rote Cupcakes sowie Cakepops\" src=\"https:\/\/www.europesays.com\/de\/wp-content\/uploads\/2025\/07\/01065cb699673d68a55edcefcd074b57,451e8cde\"   class=\"dynamic\" loading=\"lazy\"\/><\/p>\n<p class=\"fig__caption__text\">Auf der standesamtlichen Hochzeit fanden sich die Farbe Rot und das Motto \u201eAll you need is Love\u201c in zahlreichen Details wieder. Neben der knallroten Hochzeitstorte gab\u2019s f\u00fcr die G\u00e4ste au\u00dferdem wei\u00dfe und rote Cupcakes sowie Cakepops <\/p>\n<p>Foto: Sven Moschitz<\/p>\n<p><img decoding=\"async\" width=\"992\" height=\"1155\" alt=\"Die Farbe Wei\u00df steht im Kontext einer Hochzeit f\u00fcr Reinheit, Tradition und Neubeginn. Rot symbolisiert in dieser Hinsicht Liebe, Leidenschaft und Sinnlichkeit\" src=\"https:\/\/www.europesays.com\/de\/wp-content\/uploads\/2025\/07\/be447f0387c3fb085e95c3cd42028338,cf1dfafd\"   class=\"dynamic\" loading=\"lazy\"\/><\/p>\n<p class=\"fig__caption__text\">Die Farbe Wei\u00df steht im Kontext einer Hochzeit f\u00fcr Reinheit, Tradition und Neubeginn. Rot symbolisiert in dieser Hinsicht Liebe, Leidenschaft und Sinnlichkeit <\/p>\n<p>Foto: Sven Moschitz<\/p>\n<p>Auch f\u00fcr die Hochzeit in Italien gibt es einen Dresscode <\/p>\n<p>W\u00e4hrend das Motto der standesamtlichen Trauung Rot, Schwarz und Wei\u00df lautete, verspricht die Wedding-Planerin der Heiters f\u00fcrs Ja-Wort Ende August (live bei BILD) in Italien Gro\u00dfes. \u201eDort wird es noch mal ganz anders sein\u201c, gibt Sarah Cathrin Schmidt einen kleinen Einblick in die Zukunft. Mehr wird (noch) nicht verraten \u2026 <\/p>\n<p><b>Fest steht aber: Leyla und Mike m\u00f6chten den Glamour-Faktor f\u00fcr die gro\u00dfe Italien-M\u00e4rchenhochzeit auf jeden Fall noch steigern.<\/b><\/p>\n<p><b>Das sind Mike und Leyla Heiter<\/b><\/p>\n<p>Kfz-Mechatroniker <b>Mike Heiter<\/b> flirtete sich 2017 erstmals im TV (bei \u201eLove Island\u201c) in die Herzen der Zuschauer. Integrationshelferin <b>Leyla Lahouar<\/b> startete 2022 ihre TV-Karriere (bei \u201eEx on the Beach\u201c), wurde 2023 beim \u201eDer Bachelor\u201c mit ihrer manchmal etwas verpeilten, aber direkten Art zum Publikumsliebling!<\/p>\n<p>Mike und Leyla lernten sich dann Anfang 2024 im Dschungelcamp kennen \u2013 und lieben. Es funkte am Lagerfeuer, abseits der Show wurden sie ein Paar. Die Verlobung gab\u2019s im Oktober 2024 live im TV bei \u201ePromi Big Brother\u201c. Da ist es nur nat\u00fcrlich, dass auch der (bisherige) H\u00f6hepunkt ihrer Liebesgeschichte, die Hochzeit in Italien, live \u2013 bei BILD \u2013 \u00fcbertragen wird. <a href=\"https:\/\/www.bild.de\/specials\/premium-event\/mike-heiter-und-leyla-lahouar-heiraten-hochzeit-hier-exklusiv-bei-bild-ansehen-67bc9a285cbd13341d0e501f\" class=\"text-link\" target=\"_blank\" rel=\"noopener\">Jetzt schon den Wedding-Pass sichern und am 30. August dabei sein<\/a>.<\/p>\n<p>Exklusiv bei BILD sehen Fans bereits ab Anfang August die sch\u00f6nsten Momente in der vierteiligen Dokusoap \u201eDie Heiters \u2013 Jetzt wird geheiratet!\u201c<\/p>\n<p>Im Cabrio zum Standesamt: So verliebt war die Heiter-Hochzeit<a href=\"https:\/\/www.bild.de\/unterhaltung\/stars-und-leute\/im-cabrio-zum-standesamt-so-verliebt-war-die-hochzeit-von-leyla-lahouar-und-mike-heiter-68698608d1592e395c9d1b67\" class=\"anchor\" target=\"_blank\" rel=\"noopener\"><img decoding=\"async\" width=\"992\" height=\"558\" alt=\"Im Cabrio zum Standesamt: So verliebt war die Hochzeit von  Leyla Lahouar und Mike Heiter\" src=\"https:\/\/www.europesays.com\/de\/wp-content\/uploads\/2025\/07\/406d93cbf88d0b261466dec1cc9db567,a932db52\"   class=\"landscape teaser__image\" loading=\"lazy\"\/><\/a><\/p>\n<p>Quelle: BILD, instagram05.07.2025<\/p>\n","protected":false},"excerpt":{"rendered":"Heidelberg \u2013 An dieser gro\u00dfen Liebe ist rein gar nichts gew\u00f6hnlich, was Mike Heiter und Ehefrau Leyla zu&hellip;\n","protected":false},"author":2,"featured_media":247822,"comment_status":"","ping_status":"","sticky":false,"template":"","format":"standard","meta":{"footnotes":""},"categories":[1776],"tags":[1801,29,75359,214,30,2476,1488,1292,13895,1489,1802,45,215],"class_list":{"0":"post-247821","1":"post","2":"type-post","3":"status-publish","4":"format-standard","5":"has-post-thumbnail","7":"category-prominente","8":"tag-celebrities","9":"tag-deutschland","10":"tag-die-heiters","11":"tag-entertainment","12":"tag-germany","13":"tag-heidelberg","14":"tag-heiter-mike","15":"tag-hochzeit","16":"tag-kleidung","17":"tag-lahouar-leyla","18":"tag-prominente","19":"tag-texttospeech","20":"tag-unterhaltung"},"share_on_mastodon":{"url":"https:\/\/pubeurope.com\/@de\/114808518714940917","error":""},"_links":{"self":[{"href":"https:\/\/www.europesays.com\/de\/wp-json\/wp\/v2\/posts\/247821","targetHints":{"allow":["GET"]}}],"collection":[{"href":"https:\/\/www.europesays.com\/de\/wp-json\/wp\/v2\/posts"}],"about":[{"href":"https:\/\/www.europesays.com\/de\/wp-json\/wp\/v2\/types\/post"}],"author":[{"embeddable":true,"href":"https:\/\/www.europesays.com\/de\/wp-json\/wp\/v2\/users\/2"}],"replies":[{"embeddable":true,"href":"https:\/\/www.europesays.com\/de\/wp-json\/wp\/v2\/comments?post=247821"}],"version-history":[{"count":0,"href":"https:\/\/www.europesays.com\/de\/wp-json\/wp\/v2\/posts\/247821\/revisions"}],"wp:featuredmedia":[{"embeddable":true,"href":"https:\/\/www.europesays.com\/de\/wp-json\/wp\/v2\/media\/247822"}],"wp:attachment":[{"href":"https:\/\/www.europesays.com\/de\/wp-json\/wp\/v2\/media?parent=247821"}],"wp:term":[{"taxonomy":"category","embeddable":true,"href":"https:\/\/www.europesays.com\/de\/wp-json\/wp\/v2\/categories?post=247821"},{"taxonomy":"post_tag","embeddable":true,"href":"https:\/\/www.europesays.com\/de\/wp-json\/wp\/v2\/tags?post=247821"}],"curies":[{"name":"wp","href":"https:\/\/api.w.org\/{rel}","templated":true}]}}