{"id":248226,"date":"2025-07-07T01:47:15","date_gmt":"2025-07-07T01:47:15","guid":{"rendered":"https:\/\/www.europesays.com\/de\/248226\/"},"modified":"2025-07-07T01:47:15","modified_gmt":"2025-07-07T01:47:15","slug":"auto-erfasst-e-roller-zwillinge-sterben-bei-unfall","status":"publish","type":"post","link":"https:\/\/www.europesays.com\/de\/248226\/","title":{"rendered":"Auto erfasst E-Roller \u2013 Zwillinge sterben bei Unfall"},"content":{"rendered":"<p>T\u00f6dlicher Unfall in Frankfurt <\/p>\n<p>Auto f\u00e4hrt zwei E-Scooter an \u2013 Zwillinge sterben<\/p>\n<p>06.07.2025 &#8211; 16:05 UhrLesedauer: 1 Min.<\/p>\n<p><a href=\"#focus-0\" class=\"transition-colors duration-200 focus-within:text-magenta block text-current relative\" data-sctrack=\"FocusGalleryImage.Reference\"><img fetchpriority=\"high\" data-testid=\"Opener.Image\" style=\"--lqipURL:url('https:\/\/images.t-online.de\/2025\/07\/YGQ-tDWF7QPh\/0x1:2048x1152\/fit-in\/150x0\/filters:blur(25)\/einsatzkraefte-der-polizei-und-feuerwehr-stehen-am-unfallort-bestmoegliche-qualitaet-ein-autofahrer-hat-in-der-nacht-zwei-e-scooter-erfasst-dabei-ist-eine-person-gestorben-die-beiden-roller-waren-laut-polizei-mit-insgesamt-drei-menschen-besetzt-zwei-wurden-schwer-verletzt-zu-dpa-toedlicher-unfall-in-frankfurt-auto-faehrt-zwei-e-scooter-an.jpg')\"   loading=\"eager\" src=\"https:\/\/www.europesays.com\/de\/wp-content\/uploads\/2025\/07\/einsatzkraefte-der-polizei-und-feuerwehr-stehen-am-unfallort-bestmoegliche-qualitaet-ein-autofahrer-.jpeg\" alt=\"Auto erfasst Elektroroller-Fahrer in Frankfurt\" title=\"Auto erfasst Elektroroller-Fahrer in Frankfurt\" width=\"2048\" height=\"1152\" class=\"bg-[url:var(--lqipURL)] bg-cover bg-center flex h-full w-full max-w-full\" decoding=\"async\"\/><img style=\"--width:32;--height:32\" loading=\"lazy\" src=\"https:\/\/www.t-online.de\/s\/paper\/_next\/static\/media\/zoom-in.f7dae02f.svg\" alt=\"Vergr\u00f6\u00dfern des Bildes\" title=\"Vergr\u00f6\u00dfern des Bildes\" class=\"block h-[calc(var(--height)_\/_16_*_1rem)] w-[calc(var(--width)_\/_16_*_1rem)] max-w-none absolute bottom-8 right-8 rounded-4 bg-snow p-8\" decoding=\"async\"\/><\/a><\/p>\n<p>Einsatzkr\u00e4fte der Polizei und Feuerwehr stehen am Unfallort: Ein Autofahrer hat in der Nacht zwei E-Scooter erfasst. (Quelle: Mike Seeboth\/dpa\/dpa-bilder)<\/p>\n<p class=\"font-bold text-18 leading-17\">Ein Auto hat in Frankfurt am Main zwei E-Roller erfasst. Zwei 23 Jahre alte M\u00e4nner, die gemeinsam auf einem der E-Scooter fuhren, starben. Ein weiterer Rollerfahrer wurde nach Polizeiangaben schwer verletzt.<\/p>\n<p class=\"text-18 leading-17\">Ein Auto hat in <a rel=\"nofollow noopener\" target=\"_blank\" class=\"transition-colors duration-200 cursor-pointer text-inherit no-underline text-salemsfur md:hover:text-magenta md:hover:border-magenta md:focus:text-magenta border-current border-b border-solid break-words\" href=\"https:\/\/frankfurt.t-online.de\/region\/frankfurt-am-main\/\" data-sctrack=\"BodyAnchor\">Frankfurt am Main<\/a> zwei E-Roller erfasst. Zwei 23 Jahre alte M\u00e4nner, die gemeinsam auf einem der E-Scooter fuhren, starben, wie die Polizei in <a rel=\"nofollow noopener\" target=\"_blank\" class=\"transition-colors duration-200 cursor-pointer text-inherit no-underline text-salemsfur md:hover:text-magenta md:hover:border-magenta md:focus:text-magenta border-current border-b border-solid break-words\" href=\"https:\/\/frankfurt.t-online.de\/region\/frankfurt-am-main\/\" data-sctrack=\"BodyAnchor\">Frankfurt<\/a> am Sonntag mitteilte. Ein weiterer Rollerfahrer wurde schwer verletzt und kam in ein Krankenhaus. Der Autofahrer fl\u00fcchtete zun\u00e4chst von der Unfallstelle, stellte sich aber kurz darauf der Polizei.<\/p>\n<p class=\"text-18 leading-17\">Nach Polizeiangaben geriet ein 23-j\u00e4hriger Autofahrer mit seinem Wagen in der Nacht zum Sonntag aus noch ungekl\u00e4rter Ursache nach rechts auf einen Fahrradweg und erfasste dort einen E-Roller, auf dem zwei 23-j\u00e4hrige M\u00e4nner fuhren. Unmittelbar danach prallte er mit einem weiteren E-Scooter zusammen und schleifte diesen mehrere Meter unter dem Fahrzeug mit sich.<\/p>\n<p class=\"text-18 leading-17\">Einer der beiden 23-j\u00e4hrigen E-Rollerfahrer starb demnach noch am Unfallort. Sein 23-j\u00e4hriger Zwillingsbruder erlag sp\u00e4ter im Krankenhaus seinen schweren Verletzungen. Der dritte, 27-j\u00e4hrige E-Scooterfahrer kam schwer verletzt in eine Klinik. Die Fahrerin eines dritten Rollers, der nicht in den Unfall verwickelt war, erlitt einen Schock.<\/p>\n<p class=\"text-18 leading-17\">Noch w\u00e4hrend der Unfallaufnahme kehrte der 23-j\u00e4hrige Autofahrer zu Fu\u00df zur Unfallstelle zur\u00fcck und stellte sich demnach der Polizei. Das Unfallfahrzeug wurde etwa drei Kilometer entfernt aufgefunden und f\u00fcr weitere Spurensicherungen beschlagnahmt.<\/p>\n","protected":false},"excerpt":{"rendered":"T\u00f6dlicher Unfall in Frankfurt Auto f\u00e4hrt zwei E-Scooter an \u2013 Zwillinge sterben 06.07.2025 &#8211; 16:05 UhrLesedauer: 1 Min.&hellip;\n","protected":false},"author":2,"featured_media":248227,"comment_status":"","ping_status":"","sticky":false,"template":"","format":"standard","meta":{"footnotes":""},"categories":[1829],"tags":[1434,29,17160,8367,2540,985,2050,2051,30,2052,121,1284,26288],"class_list":{"0":"post-248226","1":"post","2":"type-post","3":"status-publish","4":"format-standard","5":"has-post-thumbnail","7":"category-frankfurt-am-main","8":"tag-1434","9":"tag-deutschland","10":"tag-e-roller","11":"tag-e-scooter","12":"tag-einsatzkraft","13":"tag-feuerwehr","14":"tag-frankfurt","15":"tag-frankfurt-am-main","16":"tag-germany","17":"tag-hessen","18":"tag-polizei","19":"tag-unfall","20":"tag-unfallort"},"share_on_mastodon":{"url":"https:\/\/pubeurope.com\/@de\/114809434675797473","error":""},"_links":{"self":[{"href":"https:\/\/www.europesays.com\/de\/wp-json\/wp\/v2\/posts\/248226","targetHints":{"allow":["GET"]}}],"collection":[{"href":"https:\/\/www.europesays.com\/de\/wp-json\/wp\/v2\/posts"}],"about":[{"href":"https:\/\/www.europesays.com\/de\/wp-json\/wp\/v2\/types\/post"}],"author":[{"embeddable":true,"href":"https:\/\/www.europesays.com\/de\/wp-json\/wp\/v2\/users\/2"}],"replies":[{"embeddable":true,"href":"https:\/\/www.europesays.com\/de\/wp-json\/wp\/v2\/comments?post=248226"}],"version-history":[{"count":0,"href":"https:\/\/www.europesays.com\/de\/wp-json\/wp\/v2\/posts\/248226\/revisions"}],"wp:featuredmedia":[{"embeddable":true,"href":"https:\/\/www.europesays.com\/de\/wp-json\/wp\/v2\/media\/248227"}],"wp:attachment":[{"href":"https:\/\/www.europesays.com\/de\/wp-json\/wp\/v2\/media?parent=248226"}],"wp:term":[{"taxonomy":"category","embeddable":true,"href":"https:\/\/www.europesays.com\/de\/wp-json\/wp\/v2\/categories?post=248226"},{"taxonomy":"post_tag","embeddable":true,"href":"https:\/\/www.europesays.com\/de\/wp-json\/wp\/v2\/tags?post=248226"}],"curies":[{"name":"wp","href":"https:\/\/api.w.org\/{rel}","templated":true}]}}