{"id":248373,"date":"2025-07-07T03:13:10","date_gmt":"2025-07-07T03:13:10","guid":{"rendered":"https:\/\/www.europesays.com\/de\/248373\/"},"modified":"2025-07-07T03:13:10","modified_gmt":"2025-07-07T03:13:10","slug":"literarisches-sommerfest-der-monacensia-wochenanzeiger","status":"publish","type":"post","link":"https:\/\/www.europesays.com\/de\/248373\/","title":{"rendered":"Literarisches Sommerfest der Monacensia | Wochenanzeiger"},"content":{"rendered":"<p class=\"article-text\">Die Monacensia im Hildebrandhaus (Maria-Theresia-Stra\u00dfe 23) ist das literarische Ged\u00e4chtnis der Stadt M\u00fcnchen \u2013 aber was macht diese Stadt eigentlich aus? Gemeinsam mit M\u00fcnchner Autorinnen und Autoren gehen die Gastgeber beim Monacensia-Sommerfest am Samstag, 19. Juli, von 15 bis 22 Uhr, der Frage nach, wie gr\u00fcn, gem\u00fctlich oder glitzernd M\u00fcnchen wirklich ist.<\/p>\n","protected":false},"excerpt":{"rendered":"Die Monacensia im Hildebrandhaus (Maria-Theresia-Stra\u00dfe 23) ist das literarische Ged\u00e4chtnis der Stadt M\u00fcnchen \u2013 aber was macht diese&hellip;\n","protected":false},"author":2,"featured_media":248374,"comment_status":"","ping_status":"","sticky":false,"template":"","format":"standard","meta":{"footnotes":""},"categories":[1827],"tags":[772,16675,29,30,9246,93,1268,810],"class_list":{"0":"post-248373","1":"post","2":"type-post","3":"status-publish","4":"format-standard","5":"has-post-thumbnail","7":"category-muenchen","8":"tag-bayern","9":"tag-bogenhausen","10":"tag-deutschland","11":"tag-germany","12":"tag-kunst-kultur-veranstaltungen","13":"tag-literatur","14":"tag-muenchen","15":"tag-musik"},"share_on_mastodon":{"url":"https:\/\/pubeurope.com\/@de\/114809772743947740","error":""},"_links":{"self":[{"href":"https:\/\/www.europesays.com\/de\/wp-json\/wp\/v2\/posts\/248373","targetHints":{"allow":["GET"]}}],"collection":[{"href":"https:\/\/www.europesays.com\/de\/wp-json\/wp\/v2\/posts"}],"about":[{"href":"https:\/\/www.europesays.com\/de\/wp-json\/wp\/v2\/types\/post"}],"author":[{"embeddable":true,"href":"https:\/\/www.europesays.com\/de\/wp-json\/wp\/v2\/users\/2"}],"replies":[{"embeddable":true,"href":"https:\/\/www.europesays.com\/de\/wp-json\/wp\/v2\/comments?post=248373"}],"version-history":[{"count":0,"href":"https:\/\/www.europesays.com\/de\/wp-json\/wp\/v2\/posts\/248373\/revisions"}],"wp:featuredmedia":[{"embeddable":true,"href":"https:\/\/www.europesays.com\/de\/wp-json\/wp\/v2\/media\/248374"}],"wp:attachment":[{"href":"https:\/\/www.europesays.com\/de\/wp-json\/wp\/v2\/media?parent=248373"}],"wp:term":[{"taxonomy":"category","embeddable":true,"href":"https:\/\/www.europesays.com\/de\/wp-json\/wp\/v2\/categories?post=248373"},{"taxonomy":"post_tag","embeddable":true,"href":"https:\/\/www.europesays.com\/de\/wp-json\/wp\/v2\/tags?post=248373"}],"curies":[{"name":"wp","href":"https:\/\/api.w.org\/{rel}","templated":true}]}}