{"id":248383,"date":"2025-07-07T03:18:14","date_gmt":"2025-07-07T03:18:14","guid":{"rendered":"https:\/\/www.europesays.com\/de\/248383\/"},"modified":"2025-07-07T03:18:14","modified_gmt":"2025-07-07T03:18:14","slug":"bedrohungslage-in-neukoelln-sek-rueckt-aus","status":"publish","type":"post","link":"https:\/\/www.europesays.com\/de\/248383\/","title":{"rendered":"Bedrohungslage in Neuk\u00f6lln \u2013 SEK r\u00fcckt aus"},"content":{"rendered":"<p>Am sp\u00e4ten Sonntagnachmittag <\/p>\n<p>Bedrohungslage in Neuk\u00f6lln: SEK r\u00fcckt zu Einfamilienhaus aus<\/p>\n<p>06.07.2025 &#8211; 21:13 UhrLesedauer: 1 Min.<\/p>\n<p><a href=\"#focus-0\" class=\"transition-colors duration-200 focus-within:text-magenta block text-current relative\" data-sctrack=\"FocusGalleryImage.Reference\"><img fetchpriority=\"high\" data-testid=\"Opener.Image\" style=\"--lqipURL:url('https:\/\/images.t-online.de\/2025\/03\/0IUw4QCVjxQ0\/0x309:4000x2250\/fit-in\/150x0\/filters:blur(25)\/image.jpg')\"   loading=\"eager\" src=\"https:\/\/www.europesays.com\/de\/wp-content\/uploads\/2025\/07\/1751858293_435_image.jpg\" alt=\"Berlin\/Germany - September 18, 2022: German police tactical units, in german Spezialeinsatzkommando Polizei, SEK, practise a terror attack exercise.\" title=\"Berlin\/Germany - September 18, 2022: German police tactical units, in german Spezialeinsatzkommando Polizei, SEK, practise a terror attack exercise.\" width=\"4000\" height=\"2250\" class=\"bg-[url:var(--lqipURL)] bg-cover bg-center flex h-full w-full max-w-full\" decoding=\"async\"\/><img style=\"--width:32;--height:32\" loading=\"lazy\" src=\"https:\/\/www.t-online.de\/s\/paper\/_next\/static\/media\/zoom-in.f7dae02f.svg\" alt=\"Vergr\u00f6\u00dfern des Bildes\" title=\"Vergr\u00f6\u00dfern des Bildes\" class=\"block h-[calc(var(--height)_\/_16_*_1rem)] w-[calc(var(--width)_\/_16_*_1rem)] max-w-none absolute bottom-8 right-8 rounded-4 bg-snow p-8\" decoding=\"async\"\/><\/a><\/p>\n<p>Spezialeinsatzkr\u00e4fte (Symbolbild): Der Mann wurde in ein Krankenhaus gebracht. (Quelle: Joerg Huettenhoelscher)<\/p>\n<p class=\"font-bold text-18 leading-17\">Ein Spezialeinsatzkommando ist am Sonntag nach Rudow ausger\u00fcckt. Ein Mann wird festgenommen. Was bislang bekannt ist.<\/p>\n<p class=\"text-18 leading-17\">Spezialkr\u00e4fte sind am sp\u00e4ten Sonntagnachmittag zu einem Einfamilienhaus im Ortsteil Rudow in Berlin-Neuk\u00f6lln ausger\u00fcckt. Ein 42-J\u00e4hriger sei festgenommen worden, teilte die Berliner Polizei auf der Plattform X mit.<\/p>\n<p class=\"text-18 leading-17\">Weil er sich psychisch auff\u00e4llig verhalten haben soll, wurde er zu einem Arzt in einem Krankenhaus gebracht. Laut einem Reporter vor Ort soll der Mann gedroht haben, sich selbst oder anderen etwas anzutun. Das best\u00e4tigte das Lagezentrum auf Anfrage bislang nicht.<\/p>\n<p class=\"text-18 leading-17\">Laut Polizei war das Haus im Fuchsienweg bis auf den Mann leer. Weitere Angaben machte die Beh\u00f6rde nicht.<\/p>\n","protected":false},"excerpt":{"rendered":"Am sp\u00e4ten Sonntagnachmittag Bedrohungslage in Neuk\u00f6lln: SEK r\u00fcckt zu Einfamilienhaus aus 06.07.2025 &#8211; 21:13 UhrLesedauer: 1 Min. Spezialeinsatzkr\u00e4fte&hellip;\n","protected":false},"author":2,"featured_media":248384,"comment_status":"","ping_status":"","sticky":false,"template":"","format":"standard","meta":{"footnotes":""},"categories":[1825],"tags":[1941,1939,9499,296,1937,2299,29,7599,30,1940,526,1938,121,57727,14177,14428],"class_list":{"0":"post-248383","1":"post","2":"type-post","3":"status-publish","4":"format-standard","5":"has-post-thumbnail","7":"category-berlin","8":"tag-aktuelle-nachrichten-aus-berlin","9":"tag-aktuelle-news-aus-berlin","10":"tag-bedrohungslage","11":"tag-berlin","12":"tag-berlin-news","13":"tag-berlin-neukoelln","14":"tag-deutschland","15":"tag-einfamilienhaus","16":"tag-germany","17":"tag-nachrichten-aus-berlin","18":"tag-neukoelln","19":"tag-news-aus-berlin","20":"tag-polizei","21":"tag-rudow","22":"tag-spezialeinsatzkommando","23":"tag-spezialeinsatzkraft"},"share_on_mastodon":{"url":"https:\/\/pubeurope.com\/@de\/114809792552297475","error":""},"_links":{"self":[{"href":"https:\/\/www.europesays.com\/de\/wp-json\/wp\/v2\/posts\/248383","targetHints":{"allow":["GET"]}}],"collection":[{"href":"https:\/\/www.europesays.com\/de\/wp-json\/wp\/v2\/posts"}],"about":[{"href":"https:\/\/www.europesays.com\/de\/wp-json\/wp\/v2\/types\/post"}],"author":[{"embeddable":true,"href":"https:\/\/www.europesays.com\/de\/wp-json\/wp\/v2\/users\/2"}],"replies":[{"embeddable":true,"href":"https:\/\/www.europesays.com\/de\/wp-json\/wp\/v2\/comments?post=248383"}],"version-history":[{"count":0,"href":"https:\/\/www.europesays.com\/de\/wp-json\/wp\/v2\/posts\/248383\/revisions"}],"wp:featuredmedia":[{"embeddable":true,"href":"https:\/\/www.europesays.com\/de\/wp-json\/wp\/v2\/media\/248384"}],"wp:attachment":[{"href":"https:\/\/www.europesays.com\/de\/wp-json\/wp\/v2\/media?parent=248383"}],"wp:term":[{"taxonomy":"category","embeddable":true,"href":"https:\/\/www.europesays.com\/de\/wp-json\/wp\/v2\/categories?post=248383"},{"taxonomy":"post_tag","embeddable":true,"href":"https:\/\/www.europesays.com\/de\/wp-json\/wp\/v2\/tags?post=248383"}],"curies":[{"name":"wp","href":"https:\/\/api.w.org\/{rel}","templated":true}]}}