{"id":248547,"date":"2025-07-07T05:02:52","date_gmt":"2025-07-07T05:02:52","guid":{"rendered":"https:\/\/www.europesays.com\/de\/248547\/"},"modified":"2025-07-07T05:02:52","modified_gmt":"2025-07-07T05:02:52","slug":"assistierte-ausbildung-fachkraeftesicherung-durch-passgenaue-unterstuetzung-fuer-betriebe","status":"publish","type":"post","link":"https:\/\/www.europesays.com\/de\/248547\/","title":{"rendered":"Assistierte Ausbildung: Fachkr\u00e4ftesicherung durch passgenaue Unterst\u00fctzung f\u00fcr Betriebe"},"content":{"rendered":"<p><img decoding=\"async\" src=\"https:\/\/www.europesays.com\/de\/wp-content\/uploads\/2025\/07\/agenturarbeit11-678x381.jpg\" alt=\"Agentur f\u00fcr Arbeit\" title=\"agenturarbeit11\"\/><br \/>\n\u00a9 H@llAnzeiger<\/p>\n<p>Halle. AfA. Immer mehr Unternehmen stehen vor der Herausforderung, Ausbildungspl\u00e4tze nicht besetzen zu k\u00f6nnen \u2013 sei es aufgrund fehlender Bewerbungen, unpassender Qualifikationen oder hoher organisatorischer Aufw\u00e4nde. Mit der Assistierten Ausbildung (AsA) bietet die Agentur f\u00fcr Arbeit Sachsen-Anhalt S\u00fcd gemeinsam mit Bildungsunternehmen eine praxisnahe L\u00f6sung, um Betriebe gezielt zu entlasten und jungen Menschen eine Perspektive zu er\u00f6ffnen.<\/p>\n<p>\u201eDie Assistierte Ausbildung schafft eine wichtige Br\u00fccke zwischen Ausbildungsbetrieben und jungen Menschen mit F\u00f6rderbedarf. Betriebe gewinnen motivierte Nachwuchskr\u00e4fte und werden bei allen organisatorischen, p\u00e4dagogischen und fachlichen Fragen individuell begleitet, so Simone Mei\u00dfner, Vorsitzende der Gesch\u00e4ftsf\u00fchrung der Agentur f\u00fcr Arbeit Sachsen-Anhalt S\u00fcd.<\/p>\n<p>Individuell. Flexibel. Zielgerichtet.<\/p>\n<p>Die Assistierte Ausbildung wurde mit den bisherigen ausbildungsbegleitenden Hilfen (abH)<br \/>zusammengef\u00fchrt und bietet nun noch mehr Flexibilit\u00e4t:<\/p>\n<ul class=\"wp-block-list\">\n<li>Ein Einstieg ist jederzeit m\u00f6glich \u2013 auch in Verbindung mit einer Einstiegsqualifizierung.<\/li>\n<li>Die Unterst\u00fctzung wird individuell auf die Bed\u00fcrfnisse von Betrieb und Auszubildenden abgestimmt.<\/li>\n<li>Auf Wunsch kann die Unterst\u00fctzung vor\u00fcbergehend ruhen und sp\u00e4ter wieder aufgenommen<br \/>werden.<\/li>\n<\/ul>\n<p>Konkrete Unterst\u00fctzungsm\u00f6glichkeiten f\u00fcr Betriebe:<\/p>\n<ul class=\"wp-block-list\">\n<li>Bewerbersuche: Passende Bewerberinnen und Bewerber kennenlernen<\/li>\n<li>Organisation: Hilfe bei Ausbildungspl\u00e4nen, Ablauf und Verwaltung<\/li>\n<li>Konfliktl\u00f6sung: Sozialp\u00e4dagogische Begleitung und Moderation bei Problemen<\/li>\n<li>Wissensvermittlung: F\u00f6rderunterricht zum Aufholen schulischer Defizite<\/li>\n<\/ul>\n<p>\u201eDie Assistierte Ausbildung hilft dabei, die Ausbildung wieder attraktiv und machbar zu machen \u2013<br \/>besonders f\u00fcr kleinere und mittlere Betriebe\u201c, so Mei\u00dfner.<\/p>\n<p><strong>Beratung f\u00fcr Unternehmen<\/strong><br \/>Interessierte Arbeitgeberinnen und Arbeitgeber wenden sich direkt an den Arbeitgeber-Service der<br \/>Agentur f\u00fcr Arbeit. Die Beratung ist unverbindlich und kostenfrei.<\/p>\n<p>Weitere Informationen: <a href=\"http:\/\/www.arbeitsagentur.de\/unternehmen\/ausbilden\/assistierte-ausbildung-betriebe\" target=\"_blank\" rel=\"noopener nofollow\">www.arbeitsagentur.de\/unternehmen<\/a><\/p>\n","protected":false},"excerpt":{"rendered":"\u00a9 H@llAnzeiger Halle. AfA. Immer mehr Unternehmen stehen vor der Herausforderung, Ausbildungspl\u00e4tze nicht besetzen zu k\u00f6nnen \u2013 sei&hellip;\n","protected":false},"author":2,"featured_media":248548,"comment_status":"","ping_status":"","sticky":false,"template":"","format":"standard","meta":{"footnotes":""},"categories":[1860],"tags":[3364,29,548,663,3934,30,4062,17332,13,14,15,17331,860,12],"class_list":{"0":"post-248547","1":"post","2":"type-post","3":"status-publish","4":"format-standard","5":"has-post-thumbnail","7":"category-halle-saale","8":"tag-de","9":"tag-deutschland","10":"tag-eu","11":"tag-europa","12":"tag-europe","13":"tag-germany","14":"tag-halle","15":"tag-halle-saale","16":"tag-headlines","17":"tag-nachrichten","18":"tag-news","19":"tag-saale","20":"tag-sachsen-anhalt","21":"tag-schlagzeilen"},"share_on_mastodon":{"url":"https:\/\/pubeurope.com\/@de\/114810205231513815","error":""},"_links":{"self":[{"href":"https:\/\/www.europesays.com\/de\/wp-json\/wp\/v2\/posts\/248547","targetHints":{"allow":["GET"]}}],"collection":[{"href":"https:\/\/www.europesays.com\/de\/wp-json\/wp\/v2\/posts"}],"about":[{"href":"https:\/\/www.europesays.com\/de\/wp-json\/wp\/v2\/types\/post"}],"author":[{"embeddable":true,"href":"https:\/\/www.europesays.com\/de\/wp-json\/wp\/v2\/users\/2"}],"replies":[{"embeddable":true,"href":"https:\/\/www.europesays.com\/de\/wp-json\/wp\/v2\/comments?post=248547"}],"version-history":[{"count":0,"href":"https:\/\/www.europesays.com\/de\/wp-json\/wp\/v2\/posts\/248547\/revisions"}],"wp:featuredmedia":[{"embeddable":true,"href":"https:\/\/www.europesays.com\/de\/wp-json\/wp\/v2\/media\/248548"}],"wp:attachment":[{"href":"https:\/\/www.europesays.com\/de\/wp-json\/wp\/v2\/media?parent=248547"}],"wp:term":[{"taxonomy":"category","embeddable":true,"href":"https:\/\/www.europesays.com\/de\/wp-json\/wp\/v2\/categories?post=248547"},{"taxonomy":"post_tag","embeddable":true,"href":"https:\/\/www.europesays.com\/de\/wp-json\/wp\/v2\/tags?post=248547"}],"curies":[{"name":"wp","href":"https:\/\/api.w.org\/{rel}","templated":true}]}}