{"id":248678,"date":"2025-07-07T06:18:11","date_gmt":"2025-07-07T06:18:11","guid":{"rendered":"https:\/\/www.europesays.com\/de\/248678\/"},"modified":"2025-07-07T06:18:11","modified_gmt":"2025-07-07T06:18:11","slug":"52-auf-samsung-galaxy-tab-s8-%e2%98%85-mediamarkt-startet-android-weeks","status":"publish","type":"post","link":"https:\/\/www.europesays.com\/de\/248678\/","title":{"rendered":"52 % auf Samsung Galaxy Tab S8+ \u2605 MediaMarkt startet Android Weeks"},"content":{"rendered":"<ol class=\"id-DonaldBreadcrumb lp_west_breadcrumb id-DonaldBreadcrumb--default\" data-k5a-pos=\"west_breadcrumb\">\n<li class=\"id-Breadcrumb-item\"><a href=\"https:\/\/www.merkur.de\/\" class=\"id-Breadcrumb-link\" data-id-ec=\"{\" shn=\"\" textlink=\"\" data-k5a-pos=\"1_startseite\" rel=\"nofollow noopener\" target=\"_blank\">Startseite<\/a><\/li>\n<li class=\"id-Breadcrumb-item\"><a href=\"https:\/\/www.merkur.de\/produktempfehlung\/\" class=\"id-Breadcrumb-link\" data-id-ec=\"{\" shn=\"\" textlink=\"\" data-k5a-pos=\"2_produktempfehlung\" rel=\"nofollow noopener\" target=\"_blank\">Produktempfehlung<\/a><\/li>\n<li class=\"id-Breadcrumb-item\"><a href=\"https:\/\/www.merkur.de\/produktempfehlung\/computer-technik\/\" class=\"id-Breadcrumb-link\" data-id-ec=\"{\" shn=\"\" textlink=\"\" technik=\"\" data-k5a-pos=\"3_computerTechnik\" rel=\"nofollow noopener\" target=\"_blank\">Computer &amp; Technik<\/a><\/li>\n<\/ol>\n<p class=\"id-Story-timestamp id-Story-timestamp--default\">Stand: 06.07.2025, 19:03 Uhr<\/p>\n<p class=\"id-Story-authors id-Story-authors--default\">Von: <a class=\"id-Story-authors-link lp_west_author\" href=\"https:\/\/www.merkur.de\/autor\/nina-dudek-29l128faf.html\" title=\"Zur Autorenseite von Nina Dudek\" data-id-ec=\"{\" shn=\"\" author-link=\"\" dudek=\"\" data-k5a-pos=\"west_author\" rel=\"nofollow noopener\" target=\"_blank\">Nina Dudek<\/a><\/p>\n<p class=\"id-Story-interactionBar id-Story-interactionBar--default\">DruckenTeilen<\/p>\n<p><img decoding=\"async\" class=\"id-RatioPlaceholder-element wv_story_el_image\" src=\"https:\/\/www.europesays.com\/de\/wp-content\/uploads\/2025\/07\/38790505-samsung-galaxy-tab-s8-im-angebot-2nqNsfuObkfe.jpg\" loading=\"eager\" fetchpriority=\"high\"   height=\"619\" width=\"1100\" alt=\"Samsung Galaxy Tab S8+ im Angebot\"\/>Nur bis Sonntag reduziert MediaMarkt Bestseller mit Android. Schnell zugreifen! \u00a9\u00a0Samsung; MediaMarkt\/Saturn<\/p>\n<p class=\"id-StoryElement-leadText\">Nur bis Sonntag sparen Sie bei MediaMarkt auf Android-Ger\u00e4te von Top-Marken wie Samsung, Google, Lenovo und Xiaomi.<\/p>\n<p class=\"id-StoryElement-paragraph\"><strong>Hinweis an unsere Leser<\/strong>:\u00a0Wir erstellen Produktvergleiche und Deals f\u00fcr Sie. Um dies zu erm\u00f6glichen, erhalten wir von Partnern eine Provision. F\u00fcr Sie \u00e4ndert sich dadurch nichts.<\/p>\n<p class=\"id-StoryElement-paragraph\">Die <a href=\"https:\/\/pvn.mediamarkt.de\/trck\/eclick\/17b634b91274aa82abb38cfdb7cb4c58?subid=93810948&amp;url=https%3A%2F%2Fwww.mediamarkt.de%2Fde%2Fcampaign%2Fandroid-weeks\" rel=\"sponsored nofollow noopener\" target=\"_blank\" class=\"id-import-Link id-pageApi-Link--externalDomain\" data-id-ec=\"{&quot;sht&quot;:&quot;Container&quot;,&quot;shn&quot;:&quot;Story&quot;,&quot;p&quot;:{&quot;containerType&quot;:&quot;Paragraph&quot;,&quot;displayType&quot;:&quot;Paragraph InlineLink&quot;,&quot;type&quot;:&quot;INLINE_LINK&quot;,&quot;value&quot;:&quot;Android Week&quot;,&quot;variant&quot;:&quot;standardLink&quot;,&quot;sponsored&quot;:true,&quot;linkHref&quot;:&quot;https:\/\/pvn.mediamarkt.de\/trck\/eclick\/17b634b91274aa82abb38cfdb7cb4c58?subid=93810948&amp;url=https%3A%2F%2Fwww.mediamarkt.de%2Fde%2Fcampaign%2Fandroid-weeks&quot;,&quot;storyElementPosition&quot;:9,&quot;storyElementCount&quot;:36}}\">Android Week<\/a>s bei MediaMarkt z\u00fcnden den Turbo f\u00fcr Technik-Fans: <a href=\"#id-pageApi-smart\" class=\"id-import-Link\" data-id-ec=\"{&quot;sht&quot;:&quot;Container&quot;,&quot;shn&quot;:&quot;Story&quot;,&quot;p&quot;:{&quot;containerType&quot;:&quot;Paragraph&quot;,&quot;displayType&quot;:&quot;Paragraph InlineLink&quot;,&quot;type&quot;:&quot;INLINE_LINK&quot;,&quot;value&quot;:&quot;Smartphones&quot;,&quot;variant&quot;:&quot;standardLink&quot;,&quot;sponsored&quot;:false,&quot;linkHref&quot;:&quot;#id-pageApi-smart&quot;,&quot;storyElementPosition&quot;:9,&quot;storyElementCount&quot;:36}}\">Smartphones<\/a>, <a href=\"#id-pageApi-tablet\" class=\"id-import-Link\" data-id-ec=\"{&quot;sht&quot;:&quot;Container&quot;,&quot;shn&quot;:&quot;Story&quot;,&quot;p&quot;:{&quot;containerType&quot;:&quot;Paragraph&quot;,&quot;displayType&quot;:&quot;Paragraph InlineLink&quot;,&quot;type&quot;:&quot;INLINE_LINK&quot;,&quot;value&quot;:&quot;Tablets&quot;,&quot;variant&quot;:&quot;standardLink&quot;,&quot;sponsored&quot;:false,&quot;linkHref&quot;:&quot;#id-pageApi-tablet&quot;,&quot;storyElementPosition&quot;:9,&quot;storyElementCount&quot;:36}}\">Tablets<\/a>, <a href=\"#id-pageApi-wear\" class=\"id-import-Link\" data-id-ec=\"{&quot;sht&quot;:&quot;Container&quot;,&quot;shn&quot;:&quot;Story&quot;,&quot;p&quot;:{&quot;containerType&quot;:&quot;Paragraph&quot;,&quot;displayType&quot;:&quot;Paragraph InlineLink&quot;,&quot;type&quot;:&quot;INLINE_LINK&quot;,&quot;value&quot;:&quot;Wearables&quot;,&quot;variant&quot;:&quot;standardLink&quot;,&quot;sponsored&quot;:false,&quot;linkHref&quot;:&quot;#id-pageApi-wear&quot;,&quot;storyElementPosition&quot;:9,&quot;storyElementCount&quot;:36}}\">Wearables<\/a> und <a href=\"#id-pageApi-laptop\" class=\"id-import-Link\" data-id-ec=\"{&quot;sht&quot;:&quot;Container&quot;,&quot;shn&quot;:&quot;Story&quot;,&quot;p&quot;:{&quot;containerType&quot;:&quot;Paragraph&quot;,&quot;displayType&quot;:&quot;Paragraph InlineLink&quot;,&quot;type&quot;:&quot;INLINE_LINK&quot;,&quot;value&quot;:&quot;Laptops&quot;,&quot;variant&quot;:&quot;standardLink&quot;,&quot;sponsored&quot;:false,&quot;linkHref&quot;:&quot;#id-pageApi-laptop&quot;,&quot;storyElementPosition&quot;:9,&quot;storyElementCount&quot;:36}}\">Laptops<\/a> von Marken wie Samsung, Google, Lenovo und Xiaomi st\u00fcrzen in den Preis-Keller. MediaMarkt und Saturn verwandeln den Onlineshop in eine Spielwiese f\u00fcr Sparf\u00fcchse mit Technikfaible.<\/p>\n<p class=\"id-StoryElement-paragraph\"><a href=\"https:\/\/pvn.mediamarkt.de\/trck\/eclick\/17b634b91274aa82abb38cfdb7cb4c58?subid=93810948&amp;url=https%3A%2F%2Fwww.mediamarkt.de%2Fde%2Fcampaign%2Fandroid-weeks\" rel=\"sponsored nofollow noopener\" target=\"_blank\" class=\"id-import-Link--action id-pageApi-Link--externalDomain\" data-id-ec=\"{&quot;sht&quot;:&quot;Container&quot;,&quot;shn&quot;:&quot;Story&quot;,&quot;p&quot;:{&quot;containerType&quot;:&quot;Paragraph&quot;,&quot;displayType&quot;:&quot;Paragraph InlineLink&quot;,&quot;type&quot;:&quot;INLINE_LINK&quot;,&quot;value&quot;:&quot;Zu den Android-Deals&quot;,&quot;variant&quot;:&quot;callToAction&quot;,&quot;sponsored&quot;:true,&quot;linkHref&quot;:&quot;https:\/\/pvn.mediamarkt.de\/trck\/eclick\/17b634b91274aa82abb38cfdb7cb4c58?subid=93810948&amp;url=https%3A%2F%2Fwww.mediamarkt.de%2Fde%2Fcampaign%2Fandroid-weeks&quot;,&quot;storyElementPosition&quot;:10,&quot;storyElementCount&quot;:36}}\" data-id-av=\"{&quot;sht&quot;:&quot;Container&quot;,&quot;shn&quot;:&quot;Story&quot;,&quot;p&quot;:{&quot;containerType&quot;:&quot;Paragraph&quot;,&quot;displayType&quot;:&quot;Paragraph InlineLink&quot;,&quot;type&quot;:&quot;INLINE_LINK&quot;,&quot;value&quot;:&quot;Zu den Android-Deals&quot;,&quot;variant&quot;:&quot;callToAction&quot;,&quot;sponsored&quot;:true,&quot;linkHref&quot;:&quot;https:\/\/pvn.mediamarkt.de\/trck\/eclick\/17b634b91274aa82abb38cfdb7cb4c58?subid=93810948&amp;url=https%3A%2F%2Fwww.mediamarkt.de%2Fde%2Fcampaign%2Fandroid-weeks&quot;,&quot;storyElementPosition&quot;:10,&quot;storyElementCount&quot;:36}}\"><strong>Zu den Android-Deals<\/strong><\/a><\/p>\n<p class=\"id-StoryElement-paragraph\">Wer sich aktuell ein neues Ger\u00e4t sichern will, landet jetzt garantiert einen Volltreffer: Bis zum 23. Juni purzeln die Preise, solange der Vorrat reicht. Wer clever kombiniert, shoppt sich gleich das ganze Android-\u00d6kosystem zusammen \u2013 mit kostenlosen Versandoptionen und Bestpreisen, die sich sehen lassen.<\/p>\n<p>Top-Deal: 52 % auf Samsung Galaxy Tab S8+<img decoding=\"async\" class=\"id-RatioPlaceholder-element wv_story_el_image\" src=\"https:\/\/www.europesays.com\/de\/wp-content\/uploads\/2025\/07\/38790227-samsung-galaxy-tab-s8-tablet-128-gb-12-zoll-grau-2pZOusHnNZBG.jpg\" loading=\"lazy\"   height=\"619\" width=\"1100\" alt=\"SAMSUNG Galaxy Tab S8+, Tablet, 128 GB, 12,4 Zoll, Grau\"\/>SAMSUNG Galaxy Tab S8+, Tablet, 128 GB, 12,4 Zoll, Grau \u00a9\u00a0Samsung<\/p>\n<p class=\"id-StoryElement-factBox-paragraph\">Mit 128 GB und 12,4 Zoll Display f\u00fcr nur 539,74 \u20ac statt 1.134,02 \u20ac<\/p>\n<p class=\"id-StoryElement-factBox-paragraph\"><a href=\"https:\/\/pvn.mediamarkt.de\/trck\/eclick\/17b634b91274aa82abb38cfdb7cb4c58?subid=93810948&amp;url=https%3A%2F%2Fwww.mediamarkt.de%2Fde%2Fproduct%2F_samsung-galaxy-tab-s8-tablet-128-gb-124-zoll-grau-142842912.html\" rel=\"sponsored nofollow noopener\" target=\"_blank\" class=\"id-import-Link--action id-pageApi-Link--externalDomain\" data-id-ec=\"{&quot;sht&quot;:&quot;Container&quot;,&quot;shn&quot;:&quot;Story&quot;,&quot;p&quot;:{&quot;containerType&quot;:&quot;FactBox&quot;,&quot;displayType&quot;:&quot;FactBox InlineLink&quot;,&quot;type&quot;:&quot;INLINE_LINK&quot;,&quot;value&quot;:&quot;Jetzt Deal sichern&quot;,&quot;variant&quot;:&quot;callToAction&quot;,&quot;sponsored&quot;:true,&quot;linkHref&quot;:&quot;https:\/\/pvn.mediamarkt.de\/trck\/eclick\/17b634b91274aa82abb38cfdb7cb4c58?subid=93810948&amp;url=https%3A%2F%2Fwww.mediamarkt.de%2Fde%2Fproduct%2F_samsung-galaxy-tab-s8-tablet-128-gb-124-zoll-grau-142842912.html&quot;,&quot;storyElementPosition&quot;:12,&quot;storyElementCount&quot;:36}}\" data-id-av=\"{&quot;sht&quot;:&quot;Container&quot;,&quot;shn&quot;:&quot;Story&quot;,&quot;p&quot;:{&quot;containerType&quot;:&quot;FactBox&quot;,&quot;displayType&quot;:&quot;FactBox InlineLink&quot;,&quot;type&quot;:&quot;INLINE_LINK&quot;,&quot;value&quot;:&quot;Jetzt Deal sichern&quot;,&quot;variant&quot;:&quot;callToAction&quot;,&quot;sponsored&quot;:true,&quot;linkHref&quot;:&quot;https:\/\/pvn.mediamarkt.de\/trck\/eclick\/17b634b91274aa82abb38cfdb7cb4c58?subid=93810948&amp;url=https%3A%2F%2Fwww.mediamarkt.de%2Fde%2Fproduct%2F_samsung-galaxy-tab-s8-tablet-128-gb-124-zoll-grau-142842912.html&quot;,&quot;storyElementPosition&quot;:12,&quot;storyElementCount&quot;:36}}\"><strong>Jetzt Deal sichern<\/strong><\/a><\/p>\n<p><strong>Android-Smartphones<\/strong> bis zu 58 % reduziert<\/p>\n<p id=\"id-pageApi-smart\" class=\"id-StoryElement-paragraph\">Ob High-End-Ger\u00e4t mit Top-Kamera oder g\u00fcnstiges Einsteiger-Modell \u2013 w\u00e4hrend der Android Weeks fallen die Preise f\u00fcr Smartphones sp\u00fcrbar. Samsung, Google, Xiaomi und andere Markenhersteller bieten leistungsstarke Ger\u00e4te f\u00fcr jeden Anspruch. <\/p>\n<ul class=\"id-StoryElement-list id-StoryElement-list--unordered\">\n<li class=\"id-StoryElement-list-item\"><a href=\"https:\/\/pvn.mediamarkt.de\/trck\/eclick\/17b634b91274aa82abb38cfdb7cb4c58?subid=93810948&amp;url=https%3A%2F%2Fwww.mediamarkt.de%2Fde%2Fproduct%2F_huawei-p60-pro-rw-256-gb-schwarz-dual-sim-105681407.html\" rel=\"sponsored nofollow noopener\" target=\"_blank\" class=\"id-import-Link id-pageApi-Link--externalDomain\" data-id-ec=\"{&quot;sht&quot;:&quot;Container&quot;,&quot;shn&quot;:&quot;Story&quot;,&quot;p&quot;:{&quot;containerType&quot;:&quot;Unordered List&quot;,&quot;displayType&quot;:&quot;Unordered ListItem InlineLink&quot;,&quot;type&quot;:&quot;INLINE_LINK&quot;,&quot;value&quot;:&quot;58 % Rabatt &#x2013; Huawei P60 PRO BLACK 256 GB Dual SIM f&#xFC;r 500,00&#x202F;&#x20AC; statt 1.199,00&#x202F;&#x20AC;&quot;,&quot;variant&quot;:&quot;standardLink&quot;,&quot;sponsored&quot;:true,&quot;linkHref&quot;:&quot;https:\/\/pvn.mediamarkt.de\/trck\/eclick\/17b634b91274aa82abb38cfdb7cb4c58?subid=93810948&amp;url=https%3A%2F%2Fwww.mediamarkt.de%2Fde%2Fproduct%2F_huawei-p60-pro-rw-256-gb-schwarz-dual-sim-105681407.html&quot;,&quot;storyElementPosition&quot;:15,&quot;storyElementCount&quot;:36}}\">58 % Rabatt \u2013 <strong>Huawei P60 PRO BLACK 256 GB Dual SIM<\/strong> f\u00fcr 500,00\u202f\u20ac statt 1.199,00\u202f\u20ac<\/a><\/li>\n<li class=\"id-StoryElement-list-item\"><a href=\"https:\/\/pvn.mediamarkt.de\/trck\/eclick\/17b634b91274aa82abb38cfdb7cb4c58?subid=93810948&amp;url=https%3A%2F%2Fwww.mediamarkt.de%2Fde%2Fproduct%2F_xiaomi-redmi-note-11-6128gb-graphite-gray-6-gb-94644299.html\" rel=\"sponsored nofollow noopener\" target=\"_blank\" class=\"id-import-Link id-pageApi-Link--externalDomain\" data-id-ec=\"{&quot;sht&quot;:&quot;Container&quot;,&quot;shn&quot;:&quot;Story&quot;,&quot;p&quot;:{&quot;containerType&quot;:&quot;Unordered List&quot;,&quot;displayType&quot;:&quot;Unordered ListItem InlineLink&quot;,&quot;type&quot;:&quot;INLINE_LINK&quot;,&quot;value&quot;:&quot;53 % Rabatt &#x2013; Xiaomi Redmi Note 11 128 GB Dual SIM f&#xFC;r 172,08&#x202F;&#x20AC; statt 371,99&#x202F;&#x20AC;&quot;,&quot;variant&quot;:&quot;standardLink&quot;,&quot;sponsored&quot;:true,&quot;linkHref&quot;:&quot;https:\/\/pvn.mediamarkt.de\/trck\/eclick\/17b634b91274aa82abb38cfdb7cb4c58?subid=93810948&amp;url=https%3A%2F%2Fwww.mediamarkt.de%2Fde%2Fproduct%2F_xiaomi-redmi-note-11-6128gb-graphite-gray-6-gb-94644299.html&quot;,&quot;storyElementPosition&quot;:15,&quot;storyElementCount&quot;:36}}\">53 % Rabatt \u2013 <strong>Xiaomi Redmi Note 11 128 GB Dual SIM<\/strong> f\u00fcr 172,08\u202f\u20ac statt 371,99\u202f\u20ac<\/a><\/li>\n<li class=\"id-StoryElement-list-item\"><a href=\"https:\/\/pvn.mediamarkt.de\/trck\/eclick\/17b634b91274aa82abb38cfdb7cb4c58?subid=93810948&amp;url=https%3A%2F%2Fwww.mediamarkt.de%2Fde%2Fproduct%2F_xiaomi-12-x-256-gb-blue-dual-sim-2788752.html\" rel=\"sponsored nofollow noopener\" target=\"_blank\" class=\"id-import-Link id-pageApi-Link--externalDomain\" data-id-ec=\"{&quot;sht&quot;:&quot;Container&quot;,&quot;shn&quot;:&quot;Story&quot;,&quot;p&quot;:{&quot;containerType&quot;:&quot;Unordered List&quot;,&quot;displayType&quot;:&quot;Unordered ListItem InlineLink&quot;,&quot;type&quot;:&quot;INLINE_LINK&quot;,&quot;value&quot;:&quot;50 % Rabatt &#x2013; Xiaomi 12 X 5G 256 GB Blue Dual SIM f&#xFC;r 349&#x202F;&#x20AC; statt 699,90&#x202F;&#x20AC;&quot;,&quot;variant&quot;:&quot;standardLink&quot;,&quot;sponsored&quot;:true,&quot;linkHref&quot;:&quot;https:\/\/pvn.mediamarkt.de\/trck\/eclick\/17b634b91274aa82abb38cfdb7cb4c58?subid=93810948&amp;url=https%3A%2F%2Fwww.mediamarkt.de%2Fde%2Fproduct%2F_xiaomi-12-x-256-gb-blue-dual-sim-2788752.html&quot;,&quot;storyElementPosition&quot;:15,&quot;storyElementCount&quot;:36}}\">50 % Rabatt \u2013 <strong>Xiaomi 12 X 5G 256 GB Blue Dual SIM<\/strong> f\u00fcr 349\u202f\u20ac statt 699,90\u202f\u20ac<\/a><\/li>\n<li class=\"id-StoryElement-list-item\"><a href=\"https:\/\/pvn.mediamarkt.de\/trck\/eclick\/17b634b91274aa82abb38cfdb7cb4c58?subid=93810948&amp;url=https%3A%2F%2Fwww.mediamarkt.de%2Fde%2Fproduct%2F_xiaomi-14-512-gb-black-dual-sim-2916849.html\" rel=\"sponsored nofollow noopener\" target=\"_blank\" class=\"id-import-Link id-pageApi-Link--externalDomain\" data-id-ec=\"{&quot;sht&quot;:&quot;Container&quot;,&quot;shn&quot;:&quot;Story&quot;,&quot;p&quot;:{&quot;containerType&quot;:&quot;Unordered List&quot;,&quot;displayType&quot;:&quot;Unordered ListItem InlineLink&quot;,&quot;type&quot;:&quot;INLINE_LINK&quot;,&quot;value&quot;:&quot;45 % Rabatt &#x2013; Xiaomi 14 512 GB Black Dual SIM f&#xFC;r 599 &#x20AC; statt 1.099,90 &#x20AC;&quot;,&quot;variant&quot;:&quot;standardLink&quot;,&quot;sponsored&quot;:true,&quot;linkHref&quot;:&quot;https:\/\/pvn.mediamarkt.de\/trck\/eclick\/17b634b91274aa82abb38cfdb7cb4c58?subid=93810948&amp;url=https%3A%2F%2Fwww.mediamarkt.de%2Fde%2Fproduct%2F_xiaomi-14-512-gb-black-dual-sim-2916849.html&quot;,&quot;storyElementPosition&quot;:15,&quot;storyElementCount&quot;:36}}\">45 % Rabatt \u2013 <strong>Xiaomi 14 512 GB Black Dual SIM<\/strong> f\u00fcr 599 \u20ac statt 1.099,90 \u20ac<\/a><\/li>\n<li class=\"id-StoryElement-list-item\"><a href=\"https:\/\/pvn.mediamarkt.de\/trck\/eclick\/17b634b91274aa82abb38cfdb7cb4c58?subid=93810948&amp;url=https%3A%2F%2Fwww.mediamarkt.de%2Fde%2Fproduct%2F_xiaomi-redmi-14c-128-gb-starry-blue-dual-sim-2948706.html\" rel=\"sponsored nofollow noopener\" target=\"_blank\" class=\"id-import-Link id-pageApi-Link--externalDomain\" data-id-ec=\"{&quot;sht&quot;:&quot;Container&quot;,&quot;shn&quot;:&quot;Story&quot;,&quot;p&quot;:{&quot;containerType&quot;:&quot;Unordered List&quot;,&quot;displayType&quot;:&quot;Unordered ListItem InlineLink&quot;,&quot;type&quot;:&quot;INLINE_LINK&quot;,&quot;value&quot;:&quot;40 % Rabatt &#x2013; Xiaomi Redmi 14C 128 GB Dual SIM f&#xFC;r 89 &#x20AC; statt 149,90 &#x20AC;&quot;,&quot;variant&quot;:&quot;standardLink&quot;,&quot;sponsored&quot;:true,&quot;linkHref&quot;:&quot;https:\/\/pvn.mediamarkt.de\/trck\/eclick\/17b634b91274aa82abb38cfdb7cb4c58?subid=93810948&amp;url=https%3A%2F%2Fwww.mediamarkt.de%2Fde%2Fproduct%2F_xiaomi-redmi-14c-128-gb-starry-blue-dual-sim-2948706.html&quot;,&quot;storyElementPosition&quot;:15,&quot;storyElementCount&quot;:36}}\">40 % Rabatt \u2013 <strong>Xiaomi Redmi 14C 128 GB Dual SIM<\/strong> f\u00fcr 89 \u20ac statt 149,90 \u20ac<\/a><\/li>\n<li class=\"id-StoryElement-list-item\"><a href=\"https:\/\/pvn.mediamarkt.de\/trck\/eclick\/17b634b91274aa82abb38cfdb7cb4c58?subid=93810948&amp;url=https%3A%2F%2Fwww.mediamarkt.de%2Fde%2Fproduct%2F_motorola-moto-g05-64-gb-forest-green-dual-sim-2968229.html\" rel=\"sponsored nofollow noopener\" target=\"_blank\" class=\"id-import-Link id-pageApi-Link--externalDomain\" data-id-ec=\"{&quot;sht&quot;:&quot;Container&quot;,&quot;shn&quot;:&quot;Story&quot;,&quot;p&quot;:{&quot;containerType&quot;:&quot;Unordered List&quot;,&quot;displayType&quot;:&quot;Unordered ListItem InlineLink&quot;,&quot;type&quot;:&quot;INLINE_LINK&quot;,&quot;value&quot;:&quot;34 % Rabatt &#x2013; Motorola moto g05 64 GB Dual SIM f&#xFC;r 85,00 &#x20AC; statt 129,00 &#x20AC;&quot;,&quot;variant&quot;:&quot;standardLink&quot;,&quot;sponsored&quot;:true,&quot;linkHref&quot;:&quot;https:\/\/pvn.mediamarkt.de\/trck\/eclick\/17b634b91274aa82abb38cfdb7cb4c58?subid=93810948&amp;url=https%3A%2F%2Fwww.mediamarkt.de%2Fde%2Fproduct%2F_motorola-moto-g05-64-gb-forest-green-dual-sim-2968229.html&quot;,&quot;storyElementPosition&quot;:15,&quot;storyElementCount&quot;:36}}\">34 % Rabatt \u2013 <strong>Motorola moto g05 64 GB Dual SIM<\/strong> f\u00fcr 85,00 \u20ac statt 129,00 \u20ac<\/a><\/li>\n<li class=\"id-StoryElement-list-item\"><a href=\"https:\/\/pvn.mediamarkt.de\/trck\/eclick\/17b634b91274aa82abb38cfdb7cb4c58?subid=93810948&amp;url=https%3A%2F%2Fwww.mediamarkt.de%2Fde%2Fproduct%2F_xiaomi-redmi-note-14-5g-256-gb-midnight-black-dual-sim-2966772.html\" rel=\"sponsored nofollow noopener\" target=\"_blank\" class=\"id-import-Link id-pageApi-Link--externalDomain\" data-id-ec=\"{&quot;sht&quot;:&quot;Container&quot;,&quot;shn&quot;:&quot;Story&quot;,&quot;p&quot;:{&quot;containerType&quot;:&quot;Unordered List&quot;,&quot;displayType&quot;:&quot;Unordered ListItem InlineLink&quot;,&quot;type&quot;:&quot;INLINE_LINK&quot;,&quot;value&quot;:&quot;33 % Rabatt &#x2013; Xiaomi Redmi Note 14 5G 256 GB Dual SIM f&#xFC;r 199 &#x20AC; statt 299,90 &#x20AC;&quot;,&quot;variant&quot;:&quot;standardLink&quot;,&quot;sponsored&quot;:true,&quot;linkHref&quot;:&quot;https:\/\/pvn.mediamarkt.de\/trck\/eclick\/17b634b91274aa82abb38cfdb7cb4c58?subid=93810948&amp;url=https%3A%2F%2Fwww.mediamarkt.de%2Fde%2Fproduct%2F_xiaomi-redmi-note-14-5g-256-gb-midnight-black-dual-sim-2966772.html&quot;,&quot;storyElementPosition&quot;:15,&quot;storyElementCount&quot;:36}}\">33 % Rabatt \u2013 <strong>Xiaomi Redmi Note 14 5G 256 GB Dual SIM<\/strong> f\u00fcr 199 \u20ac statt 299,90 \u20ac<\/a><\/li>\n<li class=\"id-StoryElement-list-item\"><a href=\"https:\/\/pvn.mediamarkt.de\/trck\/eclick\/17b634b91274aa82abb38cfdb7cb4c58?subid=93810948&amp;url=https%3A%2F%2Fwww.mediamarkt.de%2Fde%2Fproduct%2F_motorola-moto-g55-5g-256-gb-forest-grey-dual-sim-2965137.html\" rel=\"sponsored nofollow noopener\" target=\"_blank\" class=\"id-import-Link id-pageApi-Link--externalDomain\" data-id-ec=\"{&quot;sht&quot;:&quot;Container&quot;,&quot;shn&quot;:&quot;Story&quot;,&quot;p&quot;:{&quot;containerType&quot;:&quot;Unordered List&quot;,&quot;displayType&quot;:&quot;Unordered ListItem InlineLink&quot;,&quot;type&quot;:&quot;INLINE_LINK&quot;,&quot;value&quot;:&quot;32 % Rabatt &#x2013; Motorola moto g55 5G 256 GB Dual SIM f&#xFC;r 167,99 &#x20AC; statt 249,00 &#x20AC;&quot;,&quot;variant&quot;:&quot;standardLink&quot;,&quot;sponsored&quot;:true,&quot;linkHref&quot;:&quot;https:\/\/pvn.mediamarkt.de\/trck\/eclick\/17b634b91274aa82abb38cfdb7cb4c58?subid=93810948&amp;url=https%3A%2F%2Fwww.mediamarkt.de%2Fde%2Fproduct%2F_motorola-moto-g55-5g-256-gb-forest-grey-dual-sim-2965137.html&quot;,&quot;storyElementPosition&quot;:15,&quot;storyElementCount&quot;:36}}\">32 % Rabatt \u2013 <strong>Motorola moto g55 5G 256 GB Dual SIM<\/strong> f\u00fcr 167,99 \u20ac statt 249,00 \u20ac<\/a><\/li>\n<li class=\"id-StoryElement-list-item\"><a href=\"https:\/\/pvn.mediamarkt.de\/trck\/eclick\/17b634b91274aa82abb38cfdb7cb4c58?subid=93810948&amp;url=https%3A%2F%2Fwww.mediamarkt.de%2Fde%2Fproduct%2F_google-pixel-9-pro-128-gb-obsidian-dual-sim-2941200.html\" rel=\"sponsored nofollow noopener\" target=\"_blank\" class=\"id-import-Link id-pageApi-Link--externalDomain\" data-id-ec=\"{&quot;sht&quot;:&quot;Container&quot;,&quot;shn&quot;:&quot;Story&quot;,&quot;p&quot;:{&quot;containerType&quot;:&quot;Unordered List&quot;,&quot;displayType&quot;:&quot;Unordered ListItem InlineLink&quot;,&quot;type&quot;:&quot;INLINE_LINK&quot;,&quot;value&quot;:&quot;31 % Rabatt &#x2013; Google Pixel 9 Pro 128 GB Dual SIM f&#xFC;r 749 &#x20AC; statt 1.099,00 &#x20AC;&quot;,&quot;variant&quot;:&quot;standardLink&quot;,&quot;sponsored&quot;:true,&quot;linkHref&quot;:&quot;https:\/\/pvn.mediamarkt.de\/trck\/eclick\/17b634b91274aa82abb38cfdb7cb4c58?subid=93810948&amp;url=https%3A%2F%2Fwww.mediamarkt.de%2Fde%2Fproduct%2F_google-pixel-9-pro-128-gb-obsidian-dual-sim-2941200.html&quot;,&quot;storyElementPosition&quot;:15,&quot;storyElementCount&quot;:36}}\">31 % Rabatt \u2013 <strong>Google Pixel 9 Pro 128 GB Dual SIM<\/strong> f\u00fcr 749 \u20ac statt 1.099,00 \u20ac<\/a><\/li>\n<\/ul>\n<p class=\"id-StoryElement-paragraph\"><a href=\"https:\/\/pvn.mediamarkt.de\/trck\/eclick\/17b634b91274aa82abb38cfdb7cb4c58?subid=93810948&amp;url=https%3A%2F%2Fwww.mediamarkt.de%2Fde%2Fpromo-list%2Fandroid_weeks_loa_gsm_smartphones\" rel=\"sponsored nofollow noopener\" target=\"_blank\" class=\"id-import-Link--action id-pageApi-Link--externalDomain\" data-id-ec=\"{&quot;sht&quot;:&quot;Container&quot;,&quot;shn&quot;:&quot;Story&quot;,&quot;p&quot;:{&quot;containerType&quot;:&quot;Paragraph&quot;,&quot;displayType&quot;:&quot;Paragraph InlineLink&quot;,&quot;type&quot;:&quot;INLINE_LINK&quot;,&quot;value&quot;:&quot;Mehr Smartphone-Angebote&quot;,&quot;variant&quot;:&quot;callToAction&quot;,&quot;sponsored&quot;:true,&quot;linkHref&quot;:&quot;https:\/\/pvn.mediamarkt.de\/trck\/eclick\/17b634b91274aa82abb38cfdb7cb4c58?subid=93810948&amp;url=https%3A%2F%2Fwww.mediamarkt.de%2Fde%2Fpromo-list%2Fandroid_weeks_loa_gsm_smartphones&quot;,&quot;storyElementPosition&quot;:16,&quot;storyElementCount&quot;:36}}\" data-id-av=\"{&quot;sht&quot;:&quot;Container&quot;,&quot;shn&quot;:&quot;Story&quot;,&quot;p&quot;:{&quot;containerType&quot;:&quot;Paragraph&quot;,&quot;displayType&quot;:&quot;Paragraph InlineLink&quot;,&quot;type&quot;:&quot;INLINE_LINK&quot;,&quot;value&quot;:&quot;Mehr Smartphone-Angebote&quot;,&quot;variant&quot;:&quot;callToAction&quot;,&quot;sponsored&quot;:true,&quot;linkHref&quot;:&quot;https:\/\/pvn.mediamarkt.de\/trck\/eclick\/17b634b91274aa82abb38cfdb7cb4c58?subid=93810948&amp;url=https%3A%2F%2Fwww.mediamarkt.de%2Fde%2Fpromo-list%2Fandroid_weeks_loa_gsm_smartphones&quot;,&quot;storyElementPosition&quot;:16,&quot;storyElementCount&quot;:36}}\"><strong>Mehr Smartphone-Angebote<\/strong><\/a><\/p>\n<p>500 \u20ac reduziert \u2013 Xiaomi 14<img decoding=\"async\" class=\"id-RatioPlaceholder-element wv_story_el_image\" src=\"https:\/\/www.europesays.com\/de\/wp-content\/uploads\/2025\/07\/38791520-xiaomi-14-512-gb-black-dual-sim-R8BG.jpg\" loading=\"lazy\"   height=\"619\" width=\"1100\" alt=\"XIAOMI 14 512 GB Black Dual SIM\"\/>XIAOMI 14 512 GB Black Dual SIM \u00a9\u00a0Xiaomi<\/p>\n<p class=\"id-StoryElement-factBox-paragraph\"><a href=\"https:\/\/pvn.mediamarkt.de\/trck\/eclick\/17b634b91274aa82abb38cfdb7cb4c58?subid=93810948&amp;url=https%3A%2F%2Fwww.mediamarkt.de%2Fde%2Fproduct%2F_xiaomi-14-512-gb-black-dual-sim-2916849.html\" rel=\"sponsored nofollow noopener\" target=\"_blank\" class=\"id-import-Link--action id-pageApi-Link--externalDomain\" data-id-ec=\"{&quot;sht&quot;:&quot;Container&quot;,&quot;shn&quot;:&quot;Story&quot;,&quot;p&quot;:{&quot;containerType&quot;:&quot;FactBox&quot;,&quot;displayType&quot;:&quot;FactBox InlineLink&quot;,&quot;type&quot;:&quot;INLINE_LINK&quot;,&quot;value&quot;:&quot;599 &#x20AC; statt 1.099,90 &#x20AC;&quot;,&quot;variant&quot;:&quot;callToAction&quot;,&quot;sponsored&quot;:true,&quot;linkHref&quot;:&quot;https:\/\/pvn.mediamarkt.de\/trck\/eclick\/17b634b91274aa82abb38cfdb7cb4c58?subid=93810948&amp;url=https%3A%2F%2Fwww.mediamarkt.de%2Fde%2Fproduct%2F_xiaomi-14-512-gb-black-dual-sim-2916849.html&quot;,&quot;storyElementPosition&quot;:17,&quot;storyElementCount&quot;:36}}\" data-id-av=\"{&quot;sht&quot;:&quot;Container&quot;,&quot;shn&quot;:&quot;Story&quot;,&quot;p&quot;:{&quot;containerType&quot;:&quot;FactBox&quot;,&quot;displayType&quot;:&quot;FactBox InlineLink&quot;,&quot;type&quot;:&quot;INLINE_LINK&quot;,&quot;value&quot;:&quot;599 &#x20AC; statt 1.099,90 &#x20AC;&quot;,&quot;variant&quot;:&quot;callToAction&quot;,&quot;sponsored&quot;:true,&quot;linkHref&quot;:&quot;https:\/\/pvn.mediamarkt.de\/trck\/eclick\/17b634b91274aa82abb38cfdb7cb4c58?subid=93810948&amp;url=https%3A%2F%2Fwww.mediamarkt.de%2Fde%2Fproduct%2F_xiaomi-14-512-gb-black-dual-sim-2916849.html&quot;,&quot;storyElementPosition&quot;:17,&quot;storyElementCount&quot;:36}}\"><strong>599 \u20ac statt 1.099,90 \u20ac<\/strong><\/a><\/p>\n<p><strong>Laptops <\/strong>mit Android ab 229 \u20ac<\/p>\n<p class=\"id-StoryElement-paragraph\">W\u00e4hrend der Android Weeks reduziert MediaMarkt ausgew\u00e4hlte Modelle von Marken wie Lenovo und Acer deutlich. Wer jetzt auf der Suche nach einem g\u00fcnstigen, schnellen Zweitger\u00e4t oder einem flexiblen Arbeitslaptop ist, greift genau zum richtigen Zeitpunkt zu.<\/p>\n<ul class=\"id-StoryElement-list id-StoryElement-list--unordered\">\n<li class=\"id-StoryElement-list-item\"><a href=\"https:\/\/pvn.mediamarkt.de\/trck\/eclick\/17b634b91274aa82abb38cfdb7cb4c58?subid=93810948&amp;url=https%3A%2F%2Fwww.mediamarkt.de%2Fde%2Fproduct%2F_lenovo-156-or-n4500-or-2-x-280-ghz-or-win11-notebook-mit-156-zoll-display-intelr-celeronr-prozessor-4-gb-ram-128-gb-ssd-schwarz-138119525.html\" rel=\"sponsored nofollow noopener\" target=\"_blank\" class=\"id-import-Link id-pageApi-Link--externalDomain\" data-id-ec=\"{&quot;sht&quot;:&quot;Container&quot;,&quot;shn&quot;:&quot;Story&quot;,&quot;p&quot;:{&quot;containerType&quot;:&quot;Unordered List&quot;,&quot;displayType&quot;:&quot;Unordered ListItem InlineLink&quot;,&quot;type&quot;:&quot;INLINE_LINK&quot;,&quot;value&quot;:&quot;46 % Rabatt &#x2013; Lenovo Laptop | 15,6&#x2018;&#x2018;, Intel N4500, 4 GB RAM, 128 GB SSD f&#xFC;r 229&#x202F;&#x20AC; statt 429,00&#x202F;&#x20AC;&quot;,&quot;variant&quot;:&quot;standardLink&quot;,&quot;sponsored&quot;:true,&quot;linkHref&quot;:&quot;https:\/\/pvn.mediamarkt.de\/trck\/eclick\/17b634b91274aa82abb38cfdb7cb4c58?subid=93810948&amp;url=https%3A%2F%2Fwww.mediamarkt.de%2Fde%2Fproduct%2F_lenovo-156-or-n4500-or-2-x-280-ghz-or-win11-notebook-mit-156-zoll-display-intelr-celeronr-prozessor-4-gb-ram-128-gb-ssd-schwarz-138119525.html&quot;,&quot;storyElementPosition&quot;:20,&quot;storyElementCount&quot;:36}}\">46 % Rabatt \u2013 <strong>Lenovo Laptop | 15,6\u2018\u2018, Intel N4500, 4 GB RAM, 128 GB SSD<\/strong> f\u00fcr 229\u202f\u20ac statt 429,00\u202f\u20ac<\/a><\/li>\n<li class=\"id-StoryElement-list-item\"><a href=\"https:\/\/pvn.mediamarkt.de\/trck\/eclick\/17b634b91274aa82abb38cfdb7cb4c58?subid=93810948&amp;url=https%3A%2F%2Fwww.mediamarkt.de%2Fde%2Fproduct%2F_lenovo-thinkpad-or-14-or-ryzen-5-pro-or-6-x-400-ghz-or-notebook-mit-14-zoll-display-amd-ryzentm-5-pro4650u-prozessor-16-gb-ram-256-gb-ssd-amd-radeontm-hd-4650-schwarz-windows-11-154539417.html\" rel=\"sponsored nofollow noopener\" target=\"_blank\" class=\"id-import-Link id-pageApi-Link--externalDomain\" data-id-ec=\"{&quot;sht&quot;:&quot;Container&quot;,&quot;shn&quot;:&quot;Story&quot;,&quot;p&quot;:{&quot;containerType&quot;:&quot;Unordered List&quot;,&quot;displayType&quot;:&quot;Unordered ListItem InlineLink&quot;,&quot;type&quot;:&quot;INLINE_LINK&quot;,&quot;value&quot;:&quot;45 % Rabatt &#x2013; Lenovo ThinkPad | 14&#x201C;, Ryzen 5 PRO 4650U, 16 GB RAM, 256 GB SSD f&#xFC;r 329&#x202F;&#x20AC; statt 599,00&#x202F;&#x20AC;&quot;,&quot;variant&quot;:&quot;standardLink&quot;,&quot;sponsored&quot;:true,&quot;linkHref&quot;:&quot;https:\/\/pvn.mediamarkt.de\/trck\/eclick\/17b634b91274aa82abb38cfdb7cb4c58?subid=93810948&amp;url=https%3A%2F%2Fwww.mediamarkt.de%2Fde%2Fproduct%2F_lenovo-thinkpad-or-14-or-ryzen-5-pro-or-6-x-400-ghz-or-notebook-mit-14-zoll-display-amd-ryzentm-5-pro4650u-prozessor-16-gb-ram-256-gb-ssd-amd-radeontm-hd-4650-schwarz-windows-11-154539417.html&quot;,&quot;storyElementPosition&quot;:20,&quot;storyElementCount&quot;:36}}\">45 % Rabatt \u2013 <strong>Lenovo ThinkPad | 14\u201c, Ryzen 5 PRO 4650U, 16 GB RAM, 256 GB SSD<\/strong> f\u00fcr 329\u202f\u20ac statt 599,00\u202f\u20ac<\/a><\/li>\n<li class=\"id-StoryElement-list-item\"><a href=\"https:\/\/pvn.mediamarkt.de\/trck\/eclick\/17b634b91274aa82abb38cfdb7cb4c58?subid=93810948&amp;url=https%3A%2F%2Fwww.mediamarkt.de%2Fde%2Fproduct%2F_hp-156-or-intel-n4500-or-2-x-280-ghz-or-win-11-notebook-mit-156-zoll-display-intelr-celeronrn4500-prozessor-16-gb-ram-512-gb-ssd-intelr-uhd-graphics-schwarz-windows-11-64-bit-150486187.html\" rel=\"sponsored nofollow noopener\" target=\"_blank\" class=\"id-import-Link id-pageApi-Link--externalDomain\" data-id-ec=\"{&quot;sht&quot;:&quot;Container&quot;,&quot;shn&quot;:&quot;Story&quot;,&quot;p&quot;:{&quot;containerType&quot;:&quot;Unordered List&quot;,&quot;displayType&quot;:&quot;Unordered ListItem InlineLink&quot;,&quot;type&quot;:&quot;INLINE_LINK&quot;,&quot;value&quot;:&quot;45 % Rabatt &#x2013; HP 15,6&#x201C; Intel N4500, Office 2024, 16 GB RAM, 512 GB SSD f&#xFC;r 299 &#x20AC; statt 549,00 &#x20AC;&quot;,&quot;variant&quot;:&quot;standardLink&quot;,&quot;sponsored&quot;:true,&quot;linkHref&quot;:&quot;https:\/\/pvn.mediamarkt.de\/trck\/eclick\/17b634b91274aa82abb38cfdb7cb4c58?subid=93810948&amp;url=https%3A%2F%2Fwww.mediamarkt.de%2Fde%2Fproduct%2F_hp-156-or-intel-n4500-or-2-x-280-ghz-or-win-11-notebook-mit-156-zoll-display-intelr-celeronrn4500-prozessor-16-gb-ram-512-gb-ssd-intelr-uhd-graphics-schwarz-windows-11-64-bit-150486187.html&quot;,&quot;storyElementPosition&quot;:20,&quot;storyElementCount&quot;:36}}\">45 % Rabatt \u2013 <strong>HP 15,6\u201c Intel N4500, Office 2024, 16 GB RAM, 512 GB SSD<\/strong> f\u00fcr 299 \u20ac statt 549,00 \u20ac<\/a><\/li>\n<li class=\"id-StoryElement-list-item\"><a href=\"https:\/\/pvn.mediamarkt.de\/trck\/eclick\/17b634b91274aa82abb38cfdb7cb4c58?subid=93810948&amp;url=https%3A%2F%2Fwww.mediamarkt.de%2Fde%2Fproduct%2F_lenovo-thinkpad-or-156-or-intel-i3-8145u-or-390-ghz-or-notebook-mit-156-zoll-display-intelr-coretm-i38145u-prozessor-16-gb-ram-1000-gb-ssd-intelr-uhd-620-schwarz-windows-11-154550224.html\" rel=\"sponsored nofollow noopener\" target=\"_blank\" class=\"id-import-Link id-pageApi-Link--externalDomain\" data-id-ec=\"{&quot;sht&quot;:&quot;Container&quot;,&quot;shn&quot;:&quot;Story&quot;,&quot;p&quot;:{&quot;containerType&quot;:&quot;Unordered List&quot;,&quot;displayType&quot;:&quot;Unordered ListItem InlineLink&quot;,&quot;type&quot;:&quot;INLINE_LINK&quot;,&quot;value&quot;:&quot;43 % Rabatt &#x2013; Lenovo ThinkPad | 15,6&#x201C;, Intel i3-8145U, 16 GB RAM, 1000 GB SSD f&#xFC;r 339&#x202F;&#x20AC; statt 599,00&#x202F;&#x20AC;&quot;,&quot;variant&quot;:&quot;standardLink&quot;,&quot;sponsored&quot;:true,&quot;linkHref&quot;:&quot;https:\/\/pvn.mediamarkt.de\/trck\/eclick\/17b634b91274aa82abb38cfdb7cb4c58?subid=93810948&amp;url=https%3A%2F%2Fwww.mediamarkt.de%2Fde%2Fproduct%2F_lenovo-thinkpad-or-156-or-intel-i3-8145u-or-390-ghz-or-notebook-mit-156-zoll-display-intelr-coretm-i38145u-prozessor-16-gb-ram-1000-gb-ssd-intelr-uhd-620-schwarz-windows-11-154550224.html&quot;,&quot;storyElementPosition&quot;:20,&quot;storyElementCount&quot;:36}}\">43 % Rabatt \u2013 <strong>Lenovo ThinkPad | 15,6\u201c, Intel i3-8145U, 16 GB RAM, 1000 GB SSD<\/strong> f\u00fcr 339\u202f\u20ac statt 599,00\u202f\u20ac<\/a><\/li>\n<li class=\"id-StoryElement-list-item\"><a href=\"https:\/\/pvn.mediamarkt.de\/trck\/eclick\/17b634b91274aa82abb38cfdb7cb4c58?subid=93810948&amp;url=https%3A%2F%2Fwww.mediamarkt.de%2Fde%2Fproduct%2F_lenovo-156-or-intel-n6000-or-4-x-330-ghz-notebook-mit-156-zoll-display-intelr-pentiumrn6000-prozessor-16-gb-ram-256-gb-ssd-intelr-uhd-graphics-schwarz-windows-11-64-bit-150025827.html\" rel=\"sponsored nofollow noopener\" target=\"_blank\" class=\"id-import-Link id-pageApi-Link--externalDomain\" data-id-ec=\"{&quot;sht&quot;:&quot;Container&quot;,&quot;shn&quot;:&quot;Story&quot;,&quot;p&quot;:{&quot;containerType&quot;:&quot;Unordered List&quot;,&quot;displayType&quot;:&quot;Unordered ListItem InlineLink&quot;,&quot;type&quot;:&quot;INLINE_LINK&quot;,&quot;value&quot;:&quot;40 % Rabatt &#x2013; Lenovo V15-IJL Intel N6000, 16 GB RAM, 256 GB SSD f&#xFC;r 299 &#x20AC; statt 499,00 &#x20AC;&quot;,&quot;variant&quot;:&quot;standardLink&quot;,&quot;sponsored&quot;:true,&quot;linkHref&quot;:&quot;https:\/\/pvn.mediamarkt.de\/trck\/eclick\/17b634b91274aa82abb38cfdb7cb4c58?subid=93810948&amp;url=https%3A%2F%2Fwww.mediamarkt.de%2Fde%2Fproduct%2F_lenovo-156-or-intel-n6000-or-4-x-330-ghz-notebook-mit-156-zoll-display-intelr-pentiumrn6000-prozessor-16-gb-ram-256-gb-ssd-intelr-uhd-graphics-schwarz-windows-11-64-bit-150025827.html&quot;,&quot;storyElementPosition&quot;:20,&quot;storyElementCount&quot;:36}}\">40 % Rabatt \u2013 <strong>Lenovo V15-IJL Intel N6000, 16 GB RAM, 256 GB SSD<\/strong> f\u00fcr 299 \u20ac statt 499,00 \u20ac<\/a><\/li>\n<li class=\"id-StoryElement-list-item\"><a href=\"https:\/\/pvn.mediamarkt.de\/trck\/eclick\/17b634b91274aa82abb38cfdb7cb4c58?subid=93810948&amp;url=https%3A%2F%2Fwww.mediamarkt.de%2Fde%2Fproduct%2F_hp-g10-1-notebook-mit-156-zoll-display-amd-ryzentm-57530u-prozessor-16-gb-ram-512-gb-ssd-amd-radeontm-onboard-graphics-schwarz-windows-11-pro-64-bit-146245661.html\" rel=\"sponsored nofollow noopener\" target=\"_blank\" class=\"id-import-Link id-pageApi-Link--externalDomain\" data-id-ec=\"{&quot;sht&quot;:&quot;Container&quot;,&quot;shn&quot;:&quot;Story&quot;,&quot;p&quot;:{&quot;containerType&quot;:&quot;Unordered List&quot;,&quot;displayType&quot;:&quot;Unordered ListItem InlineLink&quot;,&quot;type&quot;:&quot;INLINE_LINK&quot;,&quot;value&quot;:&quot;38 % Rabatt &#x2013; HP 15&#x201C; Ryzen&#x2122; 5 7530U, Win 11 Pro f&#xFC;r 444 &#x20AC; statt 719,00 &#x20AC;&quot;,&quot;variant&quot;:&quot;standardLink&quot;,&quot;sponsored&quot;:true,&quot;linkHref&quot;:&quot;https:\/\/pvn.mediamarkt.de\/trck\/eclick\/17b634b91274aa82abb38cfdb7cb4c58?subid=93810948&amp;url=https%3A%2F%2Fwww.mediamarkt.de%2Fde%2Fproduct%2F_hp-g10-1-notebook-mit-156-zoll-display-amd-ryzentm-57530u-prozessor-16-gb-ram-512-gb-ssd-amd-radeontm-onboard-graphics-schwarz-windows-11-pro-64-bit-146245661.html&quot;,&quot;storyElementPosition&quot;:20,&quot;storyElementCount&quot;:36}}\">38 % Rabatt \u2013 <strong>HP 15\u201c Ryzen\u2122 5 7530U, Win 11 Pro<\/strong> f\u00fcr 444 \u20ac statt 719,00 \u20ac<\/a><\/li>\n<\/ul>\n<p class=\"id-StoryElement-paragraph\"><strong><a href=\"https:\/\/pvn.mediamarkt.de\/trck\/eclick\/17b634b91274aa82abb38cfdb7cb4c58?subid=93810948&amp;url=https%3A%2F%2Fwww.mediamarkt.de%2Fde%2Fcategory%2Flaptops-notebooks-362.html%3Fquery%3Dlaptop&amp;brand=ACER+OR+LENOVO+OR+ASUS+OR+HP&amp;sort=salescount+desc&amp;page=4\" rel=\"sponsored nofollow noopener\" target=\"_blank\" class=\"id-import-Link--action id-pageApi-Link--externalDomain\" data-id-ec=\"{&quot;sht&quot;:&quot;Container&quot;,&quot;shn&quot;:&quot;Story&quot;,&quot;p&quot;:{&quot;containerType&quot;:&quot;Paragraph&quot;,&quot;displayType&quot;:&quot;Paragraph InlineLink&quot;,&quot;type&quot;:&quot;INLINE_LINK&quot;,&quot;value&quot;:&quot;Alle Laptops im Angebot&quot;,&quot;variant&quot;:&quot;callToAction&quot;,&quot;sponsored&quot;:true,&quot;linkHref&quot;:&quot;https:\/\/pvn.mediamarkt.de\/trck\/eclick\/17b634b91274aa82abb38cfdb7cb4c58?subid=93810948&amp;url=https%3A%2F%2Fwww.mediamarkt.de%2Fde%2Fcategory%2Flaptops-notebooks-362.html%3Fquery%3Dlaptop&amp;brand=ACER+OR+LENOVO+OR+ASUS+OR+HP&amp;sort=salescount+desc&amp;page=4&quot;,&quot;storyElementPosition&quot;:21,&quot;storyElementCount&quot;:36}}\" data-id-av=\"{&quot;sht&quot;:&quot;Container&quot;,&quot;shn&quot;:&quot;Story&quot;,&quot;p&quot;:{&quot;containerType&quot;:&quot;Paragraph&quot;,&quot;displayType&quot;:&quot;Paragraph InlineLink&quot;,&quot;type&quot;:&quot;INLINE_LINK&quot;,&quot;value&quot;:&quot;Alle Laptops im Angebot&quot;,&quot;variant&quot;:&quot;callToAction&quot;,&quot;sponsored&quot;:true,&quot;linkHref&quot;:&quot;https:\/\/pvn.mediamarkt.de\/trck\/eclick\/17b634b91274aa82abb38cfdb7cb4c58?subid=93810948&amp;url=https%3A%2F%2Fwww.mediamarkt.de%2Fde%2Fcategory%2Flaptops-notebooks-362.html%3Fquery%3Dlaptop&amp;brand=ACER+OR+LENOVO+OR+ASUS+OR+HP&amp;sort=salescount+desc&amp;page=4&quot;,&quot;storyElementPosition&quot;:21,&quot;storyElementCount&quot;:36}}\">Alle Laptops im Angebot<\/a> <\/strong><\/p>\n<p>Die besten <strong>Tablet-Deals<\/strong> der Android Weeks<\/p>\n<p id=\"id-pageApi-tablet\" class=\"id-StoryElement-paragraph\">Multitasking, Streaming oder mobiles Arbeiten \u2013 Android-Tablets wie das <a href=\"https:\/\/pvn.mediamarkt.de\/trck\/eclick\/17b634b91274aa82abb38cfdb7cb4c58?subid=93810948&amp;url=https%3A%2F%2Fwww.mediamarkt.de%2Fde%2Fsearch.html%3Fquery%3D+Lenovo+Tab+M9\" rel=\"sponsored nofollow noopener\" target=\"_blank\" class=\"id-import-Link id-pageApi-Link--externalDomain\" data-id-ec=\"{&quot;sht&quot;:&quot;Container&quot;,&quot;shn&quot;:&quot;Story&quot;,&quot;p&quot;:{&quot;containerType&quot;:&quot;Paragraph&quot;,&quot;displayType&quot;:&quot;Paragraph InlineLink&quot;,&quot;type&quot;:&quot;INLINE_LINK&quot;,&quot;value&quot;:&quot;Lenovo Tab M9&quot;,&quot;variant&quot;:&quot;standardLink&quot;,&quot;sponsored&quot;:true,&quot;linkHref&quot;:&quot;https:\/\/pvn.mediamarkt.de\/trck\/eclick\/17b634b91274aa82abb38cfdb7cb4c58?subid=93810948&amp;url=https%3A%2F%2Fwww.mediamarkt.de%2Fde%2Fsearch.html%3Fquery%3D+Lenovo+Tab+M9&quot;,&quot;storyElementPosition&quot;:23,&quot;storyElementCount&quot;:36}}\">Lenovo Tab M9<\/a> liefern starke Technik zum kleinen Preis. MediaMarkt reduziert im Rahmen der Android Weeks viele Ger\u00e4te, die perfekt zwischen Laptop und Smartphone balancieren.<\/p>\n<ul class=\"id-StoryElement-list id-StoryElement-list--unordered\">\n<li class=\"id-StoryElement-list-item\"><a href=\"https:\/\/pvn.mediamarkt.de\/trck\/eclick\/17b634b91274aa82abb38cfdb7cb4c58?subid=93810948&amp;url=https%3A%2F%2Fwww.mediamarkt.de%2Fde%2Fproduct%2F_samsung-galaxy-tab-s8-tablet-128-gb-124-zoll-grau-142842912.html\" rel=\"sponsored nofollow noopener\" target=\"_blank\" class=\"id-import-Link id-pageApi-Link--externalDomain\" data-id-ec=\"{&quot;sht&quot;:&quot;Container&quot;,&quot;shn&quot;:&quot;Story&quot;,&quot;p&quot;:{&quot;containerType&quot;:&quot;Unordered List&quot;,&quot;displayType&quot;:&quot;Unordered ListItem InlineLink&quot;,&quot;type&quot;:&quot;INLINE_LINK&quot;,&quot;value&quot;:&quot;52 % Rabatt &#x2013; Samsung Galaxy Tab S8+ f&#xFC;r 539,74 &#x20AC; statt 1.134,02 &#x20AC;&quot;,&quot;variant&quot;:&quot;standardLink&quot;,&quot;sponsored&quot;:true,&quot;linkHref&quot;:&quot;https:\/\/pvn.mediamarkt.de\/trck\/eclick\/17b634b91274aa82abb38cfdb7cb4c58?subid=93810948&amp;url=https%3A%2F%2Fwww.mediamarkt.de%2Fde%2Fproduct%2F_samsung-galaxy-tab-s8-tablet-128-gb-124-zoll-grau-142842912.html&quot;,&quot;storyElementPosition&quot;:24,&quot;storyElementCount&quot;:36}}\">52 % Rabatt \u2013 <strong>Samsung Galaxy Tab S8+<\/strong> f\u00fcr 539,74 \u20ac statt 1.134,02 \u20ac<\/a><\/li>\n<li class=\"id-StoryElement-list-item\"><a href=\"https:\/\/pvn.mediamarkt.de\/trck\/eclick\/17b634b91274aa82abb38cfdb7cb4c58?subid=93810948&amp;url=https%3A%2F%2Fwww.mediamarkt.de%2Fde%2Fproduct%2F_samsung-galaxy-book4-360-notebook-mit-156-zoll-display-touchscreen-intelr-evotm-plattform-intelr-coretm-5-120u-prozessor-16-gb-ram-256-gb-ssd-intelr-coretm-onboard-graphics-gray-windows-11-home-64-bit-2915090.html\" rel=\"sponsored nofollow noopener\" target=\"_blank\" class=\"id-import-Link id-pageApi-Link--externalDomain\" data-id-ec=\"{&quot;sht&quot;:&quot;Container&quot;,&quot;shn&quot;:&quot;Story&quot;,&quot;p&quot;:{&quot;containerType&quot;:&quot;Unordered List&quot;,&quot;displayType&quot;:&quot;Unordered ListItem InlineLink&quot;,&quot;type&quot;:&quot;INLINE_LINK&quot;,&quot;value&quot;:&quot;35 % Rabatt &#x2013; Samsung Galaxy Book4 360 f&#xFC;r 899 &#x20AC; statt 1.399,00 &#x20AC;&quot;,&quot;variant&quot;:&quot;standardLink&quot;,&quot;sponsored&quot;:true,&quot;linkHref&quot;:&quot;https:\/\/pvn.mediamarkt.de\/trck\/eclick\/17b634b91274aa82abb38cfdb7cb4c58?subid=93810948&amp;url=https%3A%2F%2Fwww.mediamarkt.de%2Fde%2Fproduct%2F_samsung-galaxy-book4-360-notebook-mit-156-zoll-display-touchscreen-intelr-evotm-plattform-intelr-coretm-5-120u-prozessor-16-gb-ram-256-gb-ssd-intelr-coretm-onboard-graphics-gray-windows-11-home-64-bit-2915090.html&quot;,&quot;storyElementPosition&quot;:24,&quot;storyElementCount&quot;:36}}\">35 % Rabatt \u2013 <strong>Samsung Galaxy Book4 360<\/strong> f\u00fcr 899 \u20ac statt 1.399,00 \u20ac<\/a><\/li>\n<li class=\"id-StoryElement-list-item\"><a href=\"https:\/\/pvn.mediamarkt.de\/trck\/eclick\/17b634b91274aa82abb38cfdb7cb4c58?subid=93810948&amp;url=https%3A%2F%2Fwww.mediamarkt.de%2Fde%2Fproduct%2F_samsung-galaxy-book4-pro-360-notebook-mit-16-zoll-display-touchscreen-intelr-evotm-plattform-intelr-coretm-ultra-7-155h-prozessor-16-gb-ram-512-gb-ssd-intelr-arcr-gpu-moonstone-gray-windows-11-home-64-bit-2915082.html\" rel=\"sponsored nofollow noopener\" target=\"_blank\" class=\"id-import-Link id-pageApi-Link--externalDomain\" data-id-ec=\"{&quot;sht&quot;:&quot;Container&quot;,&quot;shn&quot;:&quot;Story&quot;,&quot;p&quot;:{&quot;containerType&quot;:&quot;Unordered List&quot;,&quot;displayType&quot;:&quot;Unordered ListItem InlineLink&quot;,&quot;type&quot;:&quot;INLINE_LINK&quot;,&quot;value&quot;:&quot;33 % Rabatt &#x2013; Samsung Galaxy Book4 Pro 360 f&#xFC;r 1.399 &#x20AC; statt 2.099,00 &#x20AC;&quot;,&quot;variant&quot;:&quot;standardLink&quot;,&quot;sponsored&quot;:true,&quot;linkHref&quot;:&quot;https:\/\/pvn.mediamarkt.de\/trck\/eclick\/17b634b91274aa82abb38cfdb7cb4c58?subid=93810948&amp;url=https%3A%2F%2Fwww.mediamarkt.de%2Fde%2Fproduct%2F_samsung-galaxy-book4-pro-360-notebook-mit-16-zoll-display-touchscreen-intelr-evotm-plattform-intelr-coretm-ultra-7-155h-prozessor-16-gb-ram-512-gb-ssd-intelr-arcr-gpu-moonstone-gray-windows-11-home-64-bit-2915082.html&quot;,&quot;storyElementPosition&quot;:24,&quot;storyElementCount&quot;:36}}\">33 % Rabatt \u2013 <strong>Samsung Galaxy Book4 Pro 360<\/strong> f\u00fcr 1.399 \u20ac statt 2.099,00 \u20ac<\/a><\/li>\n<li class=\"id-StoryElement-list-item\"><a href=\"https:\/\/pvn.mediamarkt.de\/trck\/eclick\/17b634b91274aa82abb38cfdb7cb4c58?subid=93810948&amp;url=https%3A%2F%2Fwww.mediamarkt.de%2Fde%2Fproduct%2F_samsung-galaxy-tab-s9-tablet-128-gb-11-zoll-graphite-2885385.html\" rel=\"sponsored nofollow noopener\" target=\"_blank\" class=\"id-import-Link id-pageApi-Link--externalDomain\" data-id-ec=\"{&quot;sht&quot;:&quot;Container&quot;,&quot;shn&quot;:&quot;Story&quot;,&quot;p&quot;:{&quot;containerType&quot;:&quot;Unordered List&quot;,&quot;displayType&quot;:&quot;Unordered ListItem InlineLink&quot;,&quot;type&quot;:&quot;INLINE_LINK&quot;,&quot;value&quot;:&quot;27 % Rabatt &#x2013; Samsung Galaxy Tab S9 f&#xFC;r 649 &#x20AC; statt 899,00 &#x20AC;&quot;,&quot;variant&quot;:&quot;standardLink&quot;,&quot;sponsored&quot;:true,&quot;linkHref&quot;:&quot;https:\/\/pvn.mediamarkt.de\/trck\/eclick\/17b634b91274aa82abb38cfdb7cb4c58?subid=93810948&amp;url=https%3A%2F%2Fwww.mediamarkt.de%2Fde%2Fproduct%2F_samsung-galaxy-tab-s9-tablet-128-gb-11-zoll-graphite-2885385.html&quot;,&quot;storyElementPosition&quot;:24,&quot;storyElementCount&quot;:36}}\">27 % Rabatt \u2013 <strong>Samsung Galaxy Tab S9<\/strong> f\u00fcr 649 \u20ac statt 899,00 \u20ac<\/a><\/li>\n<li class=\"id-StoryElement-list-item\"><a href=\"https:\/\/pvn.mediamarkt.de\/trck\/eclick\/17b634b91274aa82abb38cfdb7cb4c58?subid=93810948&amp;url=https%3A%2F%2Fwww.mediamarkt.de%2Fde%2Fproduct%2F_acepad-high-25k-display-tablet-256-gb-122-zoll-schwarz-grau-157629645.html\" rel=\"sponsored nofollow noopener\" target=\"_blank\" class=\"id-import-Link id-pageApi-Link--externalDomain\" data-id-ec=\"{&quot;sht&quot;:&quot;Container&quot;,&quot;shn&quot;:&quot;Story&quot;,&quot;p&quot;:{&quot;containerType&quot;:&quot;Unordered List&quot;,&quot;displayType&quot;:&quot;Unordered ListItem InlineLink&quot;,&quot;type&quot;:&quot;INLINE_LINK&quot;,&quot;value&quot;:&quot;27 % Rabatt &#x2013; Acepad HIGH, 2.5K Display f&#xFC;r 239,90 &#x20AC; statt 329,90 &#x20AC;&quot;,&quot;variant&quot;:&quot;standardLink&quot;,&quot;sponsored&quot;:true,&quot;linkHref&quot;:&quot;https:\/\/pvn.mediamarkt.de\/trck\/eclick\/17b634b91274aa82abb38cfdb7cb4c58?subid=93810948&amp;url=https%3A%2F%2Fwww.mediamarkt.de%2Fde%2Fproduct%2F_acepad-high-25k-display-tablet-256-gb-122-zoll-schwarz-grau-157629645.html&quot;,&quot;storyElementPosition&quot;:24,&quot;storyElementCount&quot;:36}}\">27 % Rabatt \u2013 <strong>Acepad HIGH, 2.5K Display <\/strong>f\u00fcr 239,90 \u20ac statt 329,90 \u20ac<\/a><\/li>\n<li class=\"id-StoryElement-list-item\"><a href=\"https:\/\/pvn.mediamarkt.de\/trck\/eclick\/17b634b91274aa82abb38cfdb7cb4c58?subid=93810948&amp;url=https%3A%2F%2Fwww.mediamarkt.de%2Fde%2Fproduct%2F_xiaomi-redmi-pad-pro-tablet-128-gb-121-zoll-graphite-gray-2931605.html\" rel=\"sponsored nofollow noopener\" target=\"_blank\" class=\"id-import-Link id-pageApi-Link--externalDomain\" data-id-ec=\"{&quot;sht&quot;:&quot;Container&quot;,&quot;shn&quot;:&quot;Story&quot;,&quot;p&quot;:{&quot;containerType&quot;:&quot;Unordered List&quot;,&quot;displayType&quot;:&quot;Unordered ListItem InlineLink&quot;,&quot;type&quot;:&quot;INLINE_LINK&quot;,&quot;value&quot;:&quot;25 % Rabatt &#x2013; Xiaomi Redmi Pad Pro, Graphite Gray f&#xFC;r 222 &#x20AC; statt 299,90 &#x20AC;&quot;,&quot;variant&quot;:&quot;standardLink&quot;,&quot;sponsored&quot;:true,&quot;linkHref&quot;:&quot;https:\/\/pvn.mediamarkt.de\/trck\/eclick\/17b634b91274aa82abb38cfdb7cb4c58?subid=93810948&amp;url=https%3A%2F%2Fwww.mediamarkt.de%2Fde%2Fproduct%2F_xiaomi-redmi-pad-pro-tablet-128-gb-121-zoll-graphite-gray-2931605.html&quot;,&quot;storyElementPosition&quot;:24,&quot;storyElementCount&quot;:36}}\">25 % Rabatt \u2013 <strong>Xiaomi Redmi Pad Pro, Graphite Gray<\/strong> f\u00fcr 222 \u20ac statt 299,90 \u20ac<\/a><\/li>\n<li class=\"id-StoryElement-list-item\"><a href=\"https:\/\/pvn.mediamarkt.de\/trck\/eclick\/17b634b91274aa82abb38cfdb7cb4c58?subid=93810948&amp;url=https%3A%2F%2Fwww.mediamarkt.de%2Fde%2Fproduct%2F_samsung-galaxy-tab-s9-ultra-tablet-256-gb-146-zoll-graphite-2885389.html\" rel=\"sponsored nofollow noopener\" target=\"_blank\" class=\"id-import-Link id-pageApi-Link--externalDomain\" data-id-ec=\"{&quot;sht&quot;:&quot;Container&quot;,&quot;shn&quot;:&quot;Story&quot;,&quot;p&quot;:{&quot;containerType&quot;:&quot;Unordered List&quot;,&quot;displayType&quot;:&quot;Unordered ListItem InlineLink&quot;,&quot;type&quot;:&quot;INLINE_LINK&quot;,&quot;value&quot;:&quot;25 % Rabatt &#x2013; Samsung Galaxy Tab S9 Ultra f&#xFC;r 999 &#x20AC; statt 1.339,00 &#x20AC;&quot;,&quot;variant&quot;:&quot;standardLink&quot;,&quot;sponsored&quot;:true,&quot;linkHref&quot;:&quot;https:\/\/pvn.mediamarkt.de\/trck\/eclick\/17b634b91274aa82abb38cfdb7cb4c58?subid=93810948&amp;url=https%3A%2F%2Fwww.mediamarkt.de%2Fde%2Fproduct%2F_samsung-galaxy-tab-s9-ultra-tablet-256-gb-146-zoll-graphite-2885389.html&quot;,&quot;storyElementPosition&quot;:24,&quot;storyElementCount&quot;:36}}\">25 % Rabatt \u2013 <strong>Samsung Galaxy Tab S9 Ultra<\/strong> f\u00fcr 999 \u20ac statt 1.339,00 \u20ac<\/a><\/li>\n<li class=\"id-StoryElement-list-item\"><a href=\"https:\/\/pvn.mediamarkt.de\/trck\/eclick\/17b634b91274aa82abb38cfdb7cb4c58?subid=93810948&amp;url=https%3A%2F%2Fwww.mediamarkt.de%2Fde%2Fproduct%2F_xiaomi-redmi-pad-pro-tablet-128-gb-121-zoll-graphite-gray-2931605.html\" rel=\"sponsored nofollow noopener\" target=\"_blank\" class=\"id-import-Link id-pageApi-Link--externalDomain\" data-id-ec=\"{&quot;sht&quot;:&quot;Container&quot;,&quot;shn&quot;:&quot;Story&quot;,&quot;p&quot;:{&quot;containerType&quot;:&quot;Unordered List&quot;,&quot;displayType&quot;:&quot;Unordered ListItem InlineLink&quot;,&quot;type&quot;:&quot;INLINE_LINK&quot;,&quot;value&quot;:&quot;25 % Rabatt &#x2013; Xiaomi Pad 6 f&#xFC;r 299 &#x20AC; statt 399,90 &#x20AC;&quot;,&quot;variant&quot;:&quot;standardLink&quot;,&quot;sponsored&quot;:true,&quot;linkHref&quot;:&quot;https:\/\/pvn.mediamarkt.de\/trck\/eclick\/17b634b91274aa82abb38cfdb7cb4c58?subid=93810948&amp;url=https%3A%2F%2Fwww.mediamarkt.de%2Fde%2Fproduct%2F_xiaomi-redmi-pad-pro-tablet-128-gb-121-zoll-graphite-gray-2931605.html&quot;,&quot;storyElementPosition&quot;:24,&quot;storyElementCount&quot;:36}}\">25 % Rabatt \u2013 <strong>Xiaomi Pad 6<\/strong> f\u00fcr 299 \u20ac statt 399,90 \u20ac<\/a><\/li>\n<\/ul>\n<p class=\"id-StoryElement-paragraph\"><a href=\"https:\/\/pvn.mediamarkt.de\/trck\/eclick\/17b634b91274aa82abb38cfdb7cb4c58?subid=93810948&amp;url=https%3A%2F%2Fwww.mediamarkt.de%2Fde%2Fcategory%2Fandroid-tablets-4473.html%3Fsort%3Dsalescount+desc\" rel=\"sponsored nofollow noopener\" target=\"_blank\" class=\"id-import-Link--action id-pageApi-Link--externalDomain\" data-id-ec=\"{&quot;sht&quot;:&quot;Container&quot;,&quot;shn&quot;:&quot;Story&quot;,&quot;p&quot;:{&quot;containerType&quot;:&quot;Paragraph&quot;,&quot;displayType&quot;:&quot;Paragraph InlineLink&quot;,&quot;type&quot;:&quot;INLINE_LINK&quot;,&quot;value&quot;:&quot;Mehr Tablets im Angebot&quot;,&quot;variant&quot;:&quot;callToAction&quot;,&quot;sponsored&quot;:true,&quot;linkHref&quot;:&quot;https:\/\/pvn.mediamarkt.de\/trck\/eclick\/17b634b91274aa82abb38cfdb7cb4c58?subid=93810948&amp;url=https%3A%2F%2Fwww.mediamarkt.de%2Fde%2Fcategory%2Fandroid-tablets-4473.html%3Fsort%3Dsalescount+desc&quot;,&quot;storyElementPosition&quot;:25,&quot;storyElementCount&quot;:36}}\" data-id-av=\"{&quot;sht&quot;:&quot;Container&quot;,&quot;shn&quot;:&quot;Story&quot;,&quot;p&quot;:{&quot;containerType&quot;:&quot;Paragraph&quot;,&quot;displayType&quot;:&quot;Paragraph InlineLink&quot;,&quot;type&quot;:&quot;INLINE_LINK&quot;,&quot;value&quot;:&quot;Mehr Tablets im Angebot&quot;,&quot;variant&quot;:&quot;callToAction&quot;,&quot;sponsored&quot;:true,&quot;linkHref&quot;:&quot;https:\/\/pvn.mediamarkt.de\/trck\/eclick\/17b634b91274aa82abb38cfdb7cb4c58?subid=93810948&amp;url=https%3A%2F%2Fwww.mediamarkt.de%2Fde%2Fcategory%2Fandroid-tablets-4473.html%3Fsort%3Dsalescount+desc&quot;,&quot;storyElementPosition&quot;:25,&quot;storyElementCount&quot;:36}}\"><strong>Mehr Tablets im Angebot<\/strong><\/a><\/p>\n<p><strong>Wearables &amp; Fitnesstracker <\/strong>\u2013 sparen auf Fitbit und Google Pixel<\/p>\n<p id=\"id-pageApi-wear\" class=\"id-StoryElement-paragraph\">Gesundheit tracken, Schritte z\u00e4hlen oder smart benachrichtigt bleiben: Wearables wie die Fitbit Charge 6 oder Samsung Galaxy Watch punkten mit Alltagstauglichkeit und sportlichem Design. In den Android Weeks werden die beliebten Begleiter besonders g\u00fcnstig. <\/p>\n<p class=\"id-StoryElement-paragraph\"><a href=\"https:\/\/pvn.mediamarkt.de\/trck\/eclick\/17b634b91274aa82abb38cfdb7cb4c58?subid=93810948&amp;url=https%3A%2F%2Fwww.mediamarkt.de%2Fde%2Fcategory%2Fwearables-1305.html%3Fbrand%3DHUAWEI+OR+SAMSUNG+OR+GOOGLE\" rel=\"sponsored nofollow noopener\" target=\"_blank\" class=\"id-import-Link--action id-pageApi-Link--externalDomain\" data-id-ec=\"{&quot;sht&quot;:&quot;Container&quot;,&quot;shn&quot;:&quot;Story&quot;,&quot;p&quot;:{&quot;containerType&quot;:&quot;Paragraph&quot;,&quot;displayType&quot;:&quot;Paragraph InlineLink&quot;,&quot;type&quot;:&quot;INLINE_LINK&quot;,&quot;value&quot;:&quot;Mehr Angebote&quot;,&quot;variant&quot;:&quot;callToAction&quot;,&quot;sponsored&quot;:true,&quot;linkHref&quot;:&quot;https:\/\/pvn.mediamarkt.de\/trck\/eclick\/17b634b91274aa82abb38cfdb7cb4c58?subid=93810948&amp;url=https%3A%2F%2Fwww.mediamarkt.de%2Fde%2Fcategory%2Fwearables-1305.html%3Fbrand%3DHUAWEI+OR+SAMSUNG+OR+GOOGLE&quot;,&quot;storyElementPosition&quot;:29,&quot;storyElementCount&quot;:36}}\" data-id-av=\"{&quot;sht&quot;:&quot;Container&quot;,&quot;shn&quot;:&quot;Story&quot;,&quot;p&quot;:{&quot;containerType&quot;:&quot;Paragraph&quot;,&quot;displayType&quot;:&quot;Paragraph InlineLink&quot;,&quot;type&quot;:&quot;INLINE_LINK&quot;,&quot;value&quot;:&quot;Mehr Angebote&quot;,&quot;variant&quot;:&quot;callToAction&quot;,&quot;sponsored&quot;:true,&quot;linkHref&quot;:&quot;https:\/\/pvn.mediamarkt.de\/trck\/eclick\/17b634b91274aa82abb38cfdb7cb4c58?subid=93810948&amp;url=https%3A%2F%2Fwww.mediamarkt.de%2Fde%2Fcategory%2Fwearables-1305.html%3Fbrand%3DHUAWEI+OR+SAMSUNG+OR+GOOGLE&quot;,&quot;storyElementPosition&quot;:29,&quot;storyElementCount&quot;:36}}\"><strong>Mehr Angebote<\/strong><\/a><\/p>\n<p>Android: Was hinter dem beliebtesten Betriebssystem steckt<\/p>\n<p class=\"id-StoryElement-paragraph\">Im digitalen Alltag steuern Betriebssysteme, wie Ger\u00e4te funktionieren \u2013 ob auf dem Smartphone, Tablet oder der Smartwatch. <\/p>\n<p class=\"id-StoryElement-paragraph\">Android z\u00e4hlt dabei weltweit zu den meistgenutzten Plattformen. Entwickelt von Google, punktet das System mit einer offen gestalteten Benutzeroberfl\u00e4che, hoher Individualisierbarkeit und einem riesigen App-Angebot. Es l\u00e4uft auf Ger\u00e4ten vieler Hersteller \u2013 von Samsung \u00fcber Xiaomi bis hin zu Nothing oder Lenovo \u2013 und passt sich damit unterschiedlichsten Bed\u00fcrfnissen und Budgets an.<br \/>Die aktuellste Version des Android-Betriebssystems ist <strong>Android 16<\/strong>, offiziell ver\u00f6ffentlicht am <strong>10. Juni 2025<\/strong>.<\/p>\n<p class=\"id-StoryElement-paragraph\">Neben Android geh\u00f6ren<strong> iOs von <a href=\"https:\/\/www.merkur.de\/wirtschaft\/apple-org26226\/\" class=\"id-import-Link\" title=\"Apple\" data-id-ec=\"{&quot;sht&quot;:&quot;Container&quot;,&quot;shn&quot;:&quot;Story&quot;,&quot;p&quot;:{&quot;containerType&quot;:&quot;Paragraph&quot;,&quot;displayType&quot;:&quot;Paragraph InlineLink&quot;,&quot;type&quot;:&quot;INLINE_LINK&quot;,&quot;value&quot;:&quot;Apple&quot;,&quot;variant&quot;:&quot;standardLink&quot;,&quot;sponsored&quot;:false,&quot;linkHref&quot;:&quot;https:\/\/www.merkur.de\/wirtschaft\/apple-org26226\/&quot;,&quot;storyElementPosition&quot;:34,&quot;storyElementCount&quot;:36}}\" rel=\"nofollow noopener\" target=\"_blank\">Apple<\/a> <\/strong>und <strong>HarmonyOS von Huawei<\/strong> zu den bekanntesten Alternativen. W\u00e4hrend iOS ausschlie\u00dflich auf Apple-Ger\u00e4ten wie dem iPhone oder iPad l\u00e4uft und f\u00fcr ein geschlossenes, stark integriertes \u00d6kosystem steht, richtet sich HarmonyOS vor allem an Nutzer im Huawei-Universum. Beide Systeme setzen auf hohe Sicherheit und nahtlose Verkn\u00fcpfung mit den eigenen Ger\u00e4ten.<\/p>\n<p class=\"id-StoryElement-paragraph\"><strong>Android <\/strong>\u00fcberzeugt hingegen mit Vielfalt: Updates, Designoptionen, Widget-Anpassungen, Launcher \u2013 kaum ein anderes System erlaubt so viel Freiheit bei der Nutzung. Die gro\u00dfe Ger\u00e4teauswahl, das faire Preis-Leistungs-Verh\u00e4ltnis und die M\u00f6glichkeit, das System nach eigenen Vorlieben zu gestalten, tragen zur ungebrochenen Beliebtheit bei.<\/p>\n<p class=\"id-StoryElement-paragraph\">Wer auf Flexibilit\u00e4t, Vielfalt und g\u00fcnstige Einstiegspreise setzt, trifft mit einem Android-Ger\u00e4t genau die richtige Wahl \u2013 vor allem w\u00e4hrend der Android Weeks.<\/p>\n","protected":false},"excerpt":{"rendered":"Startseite Produktempfehlung Computer &amp; Technik Stand: 06.07.2025, 19:03 Uhr Von: Nina Dudek DruckenTeilen Nur bis Sonntag reduziert MediaMarkt&hellip;\n","protected":false},"author":2,"featured_media":248679,"comment_status":"","ping_status":"","sticky":false,"template":"","format":"standard","meta":{"footnotes":""},"categories":[135],"tags":[29,30,190,189,194,191,193,192],"class_list":{"0":"post-248678","1":"post","2":"type-post","3":"status-publish","4":"format-standard","5":"has-post-thumbnail","7":"category-wissenschaft-technik","8":"tag-deutschland","9":"tag-germany","10":"tag-science","11":"tag-science-technology","12":"tag-technik","13":"tag-technology","14":"tag-wissenschaft","15":"tag-wissenschaft-technik"},"share_on_mastodon":{"url":"https:\/\/pubeurope.com\/@de\/114810500193537580","error":""},"_links":{"self":[{"href":"https:\/\/www.europesays.com\/de\/wp-json\/wp\/v2\/posts\/248678","targetHints":{"allow":["GET"]}}],"collection":[{"href":"https:\/\/www.europesays.com\/de\/wp-json\/wp\/v2\/posts"}],"about":[{"href":"https:\/\/www.europesays.com\/de\/wp-json\/wp\/v2\/types\/post"}],"author":[{"embeddable":true,"href":"https:\/\/www.europesays.com\/de\/wp-json\/wp\/v2\/users\/2"}],"replies":[{"embeddable":true,"href":"https:\/\/www.europesays.com\/de\/wp-json\/wp\/v2\/comments?post=248678"}],"version-history":[{"count":0,"href":"https:\/\/www.europesays.com\/de\/wp-json\/wp\/v2\/posts\/248678\/revisions"}],"wp:featuredmedia":[{"embeddable":true,"href":"https:\/\/www.europesays.com\/de\/wp-json\/wp\/v2\/media\/248679"}],"wp:attachment":[{"href":"https:\/\/www.europesays.com\/de\/wp-json\/wp\/v2\/media?parent=248678"}],"wp:term":[{"taxonomy":"category","embeddable":true,"href":"https:\/\/www.europesays.com\/de\/wp-json\/wp\/v2\/categories?post=248678"},{"taxonomy":"post_tag","embeddable":true,"href":"https:\/\/www.europesays.com\/de\/wp-json\/wp\/v2\/tags?post=248678"}],"curies":[{"name":"wp","href":"https:\/\/api.w.org\/{rel}","templated":true}]}}