{"id":248820,"date":"2025-07-07T07:41:11","date_gmt":"2025-07-07T07:41:11","guid":{"rendered":"https:\/\/www.europesays.com\/de\/248820\/"},"modified":"2025-07-07T07:41:11","modified_gmt":"2025-07-07T07:41:11","slug":"trumps-umfragwerte-brechen-bei-wichtiger-zielgruppe-ein","status":"publish","type":"post","link":"https:\/\/www.europesays.com\/de\/248820\/","title":{"rendered":"Trumps Umfragwerte brechen bei wichtiger Zielgruppe ein"},"content":{"rendered":"<ol class=\"id-DonaldBreadcrumb lp_west_breadcrumb id-DonaldBreadcrumb--default\" data-k5a-pos=\"west_breadcrumb\">\n<li class=\"id-Breadcrumb-item\"><a href=\"https:\/\/www.fr.de\/\" class=\"id-Breadcrumb-link\" data-id-ec=\"{\" shn=\"\" textlink=\"\" data-k5a-pos=\"1_startseite\" rel=\"nofollow noopener\" target=\"_blank\">Startseite<\/a><\/li>\n<li class=\"id-Breadcrumb-item\"><a href=\"https:\/\/www.fr.de\/politik\/\" class=\"id-Breadcrumb-link\" data-id-ec=\"{\" shn=\"\" textlink=\"\" data-k5a-pos=\"2_politik\" rel=\"nofollow noopener\" target=\"_blank\">Politik<\/a><\/li>\n<\/ol>\n<p class=\"id-Story-timestamp id-Story-timestamp--default\">Stand: 07.07.2025, 08:20 Uhr<\/p>\n<p class=\"id-Story-authors id-Story-authors--default\">Von: <a class=\"id-Story-authors-link lp_west_author\" href=\"https:\/\/www.fr.de\/autor\/fabian-mueller-96morkors.html\" title=\"Zur Autorenseite von Fabian M&#xFC;ller\" data-id-ec=\"{\" shn=\"\" author-link=\"\" m=\"\" data-k5a-pos=\"west_author\" rel=\"nofollow noopener\" target=\"_blank\">Fabian M\u00fcller<\/a><\/p>\n<p class=\"id-Story-interactionBar id-Story-interactionBar--default\">DruckenTeilen<\/p>\n<p class=\"id-StoryElement-leadText\">Unter den W\u00e4hlern der Generation Z ist der politische Weg von Donald Trump zunehmend unbeliebt. Nur noch etwa ein Drittel unterst\u00fctzt den US-Pr\u00e4sidenten. <\/p>\n<p class=\"id-StoryElement-paragraph\">Washington, D.C. &#8211; US-Pr\u00e4sident <a href=\"https:\/\/www.fr.de\/politik\/donald-trump-per32650\/\" class=\"id-import-Link\" title=\"Donald Trump\" data-id-ec=\"{&quot;sht&quot;:&quot;Container&quot;,&quot;shn&quot;:&quot;Story&quot;,&quot;p&quot;:{&quot;containerType&quot;:&quot;Paragraph&quot;,&quot;displayType&quot;:&quot;Paragraph InlineLink&quot;,&quot;type&quot;:&quot;INLINE_LINK&quot;,&quot;value&quot;:&quot;Donald Trump&quot;,&quot;variant&quot;:&quot;standardLink&quot;,&quot;sponsored&quot;:false,&quot;linkHref&quot;:&quot;https:\/\/www.fr.de\/politik\/donald-trump-per32650\/&quot;,&quot;storyElementPosition&quot;:8,&quot;storyElementCount&quot;:24}}\" rel=\"nofollow noopener\" target=\"_blank\">Donald Trump<\/a> droht, eine komplette Generation an W\u00e4hlerstimmen zu verlieren. Das zeigen neue Umfragen, die offenbaren, dass sich vor allem seine Zustimmungswerte bei der Generation Z, also den 15 bis 30-J\u00e4hrigen, auf einem Rekordtief befinden.<\/p>\n<p class=\"id-StoryElement-paragraph\">Eine Umfrage des Meinungsforschungsinstituts YouGov in Auftrag von Yahoo ergab, dass von 1597 Befragten der Nettowert in dieser W\u00e4hlergruppe von -23 Punkten im Mai auf -41 Punkte im Juni gefallen ist. Nettobewertungen sind in den USA \u00fcblich und haben die Neigung, viel st\u00e4rker zu schwanken als die einfache Zustimmungsrate. Die Zustimmungsrate von Trump liegt laut der Umfrage bei 27 Prozent, auch das ist historisch schlecht. <\/p>\n<p>Trumps Umfragewerte bei Generation Z st\u00fcrzen ab: Junge Menschen setzen auf Themen, nicht auf Parteien<\/p>\n<p class=\"id-StoryElement-paragraph\">Der Experte f\u00fcr politisches Verhalten junger Menschen und Professor an der australischen Monash Universit\u00e4t, Lucas Walsh, sagte gegen\u00fcber dem US-Magazin Newsweek, Trumps sinkende Unterst\u00fctzung bei den W\u00e4hlern der Generation Z spiegele m\u00f6glicherweise wieder, wie junge Menschen \u201eeher auf Themen als auf Parteizugeh\u00f6rigkeit reagieren\u201c. <\/p>\n<p><img decoding=\"async\" class=\"id-RatioPlaceholder-element wv_story_el_image\" src=\"https:\/\/www.europesays.com\/de\/wp-content\/uploads\/2025\/07\/38826862-donald-trump-will-seine-big-beautiful-bill-durch-den-us-kongress-bringen-2qHyXUfbMNBG.jpg\" loading=\"lazy\"   height=\"733\" width=\"1100\" alt=\"Donald Trump will seine &#x201E;Big Beautiful Bill&#x201C; durch den US-Kongress bringen.\"\/>US-Pr\u00e4sident Donald Trump (Archivbild).  \u00a9\u00a0Andrew Caballero-Reynolds\/AFP<\/p>\n<p class=\"id-StoryElement-paragraph\">Noch bei der Pr\u00e4sidentschaftswahl 2024 konnte Trump \u00fcberraschend gute Werte bei den jungen W\u00e4hlern verzeichnen und den traditionellen Vorsprung der <a href=\"https:\/\/www.fr.de\/politik\/demokratische-partei-democrats-usa-joe-biden-geschichte-washington-91095311.html\" class=\"id-import-Link\" data-id-ec=\"{&quot;sht&quot;:&quot;Container&quot;,&quot;shn&quot;:&quot;Story&quot;,&quot;p&quot;:{&quot;containerType&quot;:&quot;Paragraph&quot;,&quot;displayType&quot;:&quot;Paragraph InlineLink&quot;,&quot;type&quot;:&quot;INLINE_LINK&quot;,&quot;value&quot;:&quot;Demokraten&quot;,&quot;variant&quot;:&quot;standardLink&quot;,&quot;sponsored&quot;:false,&quot;linkHref&quot;:&quot;https:\/\/www.fr.de\/politik\/demokratische-partei-democrats-usa-joe-biden-geschichte-washington-91095311.html&quot;,&quot;storyElementPosition&quot;:15,&quot;storyElementCount&quot;:24}}\" rel=\"nofollow noopener\" target=\"_blank\">Demokraten<\/a> bei dieser W\u00e4hlergruppe deutlich verringern. Laut dem VoteCast der Nachrichtenagentur AP unterst\u00fctzen W\u00e4hlerinnen und W\u00e4hler im Alter von 18 bis 29 Jahren <a href=\"https:\/\/www.fr.de\/politik\/kamala-harris-per36745\/\" class=\"id-import-Link\" title=\"Kamala Harris\" data-id-ec=\"{&quot;sht&quot;:&quot;Container&quot;,&quot;shn&quot;:&quot;Story&quot;,&quot;p&quot;:{&quot;containerType&quot;:&quot;Paragraph&quot;,&quot;displayType&quot;:&quot;Paragraph InlineLink&quot;,&quot;type&quot;:&quot;INLINE_LINK&quot;,&quot;value&quot;:&quot;Kamala Harris&quot;,&quot;variant&quot;:&quot;standardLink&quot;,&quot;sponsored&quot;:false,&quot;linkHref&quot;:&quot;https:\/\/www.fr.de\/politik\/kamala-harris-per36745\/&quot;,&quot;storyElementPosition&quot;:15,&quot;storyElementCount&quot;:24}}\" rel=\"nofollow noopener\" target=\"_blank\">Kamala Harris<\/a> mit <a href=\"https:\/\/www.fr.de\/politik\/us-wahl-umfragen-harris-trump-generation-z-trend-problem-trend-zr-93281633.html\" class=\"id-import-Link\" data-id-ec=\"{&quot;sht&quot;:&quot;Container&quot;,&quot;shn&quot;:&quot;Story&quot;,&quot;p&quot;:{&quot;containerType&quot;:&quot;Paragraph&quot;,&quot;displayType&quot;:&quot;Paragraph InlineLink&quot;,&quot;type&quot;:&quot;INLINE_LINK&quot;,&quot;value&quot;:&quot;nur 51 Prozent zu 47 Prozent f&#xFC;r Trump&quot;,&quot;variant&quot;:&quot;standardLink&quot;,&quot;sponsored&quot;:false,&quot;linkHref&quot;:&quot;https:\/\/www.fr.de\/politik\/us-wahl-umfragen-harris-trump-generation-z-trend-problem-trend-zr-93281633.html&quot;,&quot;storyElementPosition&quot;:15,&quot;storyElementCount&quot;:24}}\" rel=\"nofollow noopener\" target=\"_blank\">nur 51 Prozent zu 47 Prozent f\u00fcr Trump<\/a>. Vier Jahre zuvor konnte <a href=\"https:\/\/www.fr.de\/politik\/joe-biden-per36006\/\" class=\"id-import-Link\" title=\"Joe Biden\" data-id-ec=\"{&quot;sht&quot;:&quot;Container&quot;,&quot;shn&quot;:&quot;Story&quot;,&quot;p&quot;:{&quot;containerType&quot;:&quot;Paragraph&quot;,&quot;displayType&quot;:&quot;Paragraph InlineLink&quot;,&quot;type&quot;:&quot;INLINE_LINK&quot;,&quot;value&quot;:&quot;Joe Biden&quot;,&quot;variant&quot;:&quot;standardLink&quot;,&quot;sponsored&quot;:false,&quot;linkHref&quot;:&quot;https:\/\/www.fr.de\/politik\/joe-biden-per36006\/&quot;,&quot;storyElementPosition&quot;:15,&quot;storyElementCount&quot;:24}}\" rel=\"nofollow noopener\" target=\"_blank\">Joe Biden<\/a> diese W\u00e4hlergruppe noch mit 61 zu 36 Prozent f\u00fcr sich entscheiden.<\/p>\n<p>Trumps Umfragewerte bei jungen W\u00e4hlern im Sturzflug: Nur noch ein Drittel unterst\u00fctzt sein Vorgehen<\/p>\n<p class=\"id-StoryElement-paragraph\">Auch andere Umfragen deuten auf einen Einbruch der Unterst\u00fctzung Trumps unter den jungen W\u00e4hlerinnen und W\u00e4hlern hin. Die j\u00fcngste Umfrage des Meinungsforschungsinstituts Quantus Insights unter 1000 registrierten W\u00e4hlern ergab, dass lediglich 35 Prozent der Generation Z Trumps Leistung im Wei\u00dfen Haus guthei\u00dfen, 58 Prozent lehnen sie ab. <\/p>\n<p>R\u00fcckblick auf die ersten 100 Tage: Trump krempelt die USA um \u2013 eine Chronik<img decoding=\"async\" class=\"id-RatioPlaceholder-element wv_story_el_interstitialImage\" src=\"https:\/\/www.europesays.com\/de\/wp-content\/uploads\/2025\/04\/37938029-als-papst-franziskus-im-alter-von-88-jahren-im-vatikan-starb-war-die-trauer-gross-us-praesi.jpeg\" loading=\"lazy\"   height=\"1337\" width=\"2007\" alt=\"Als Papst Franziskus im Alter von 88 Jahren im Vatikan starb, war die Trauer gro&#xDF;. US-Pr&#xE4;sident Donald Trump nahm an der Beisetzung des Heiligen Vaters teil: er in blau &#x2013; ohne rote Krawatte. Melania ganz in Schwarz. Vor dessen Tod befand sich Trump im offenen Widerspruch mit dem Papst: Franziskus hatte Trumps Migrationspolitik offen kritisiert. Seine Massenabschiebung &#x201E;w&#xFC;rde viele M&#xE4;nner und Frauen und ganze Familien&#x201C; verletzen. \"\/><a href=\"https:\/\/www.fr.de\/politik\/chronik-das-ist-faschismus-trump-krempelt-die-usa-um-eine-zr-93663551.html\" class=\"id-StoryElement-intestitialLink-link\" data-id-ec=\"{\" shn=\"\" ansehen=\"\" data-k5a-pos=\"west_story_18_photoGalleryLink\" title=\"Zur Fotostrecke: R&#xFC;ckblick auf die ersten 100 Tage: Trump krempelt die USA um &#x2013; eine Chronik\" rel=\"nofollow noopener\" target=\"_blank\">Fotostrecke ansehen<\/a><\/p>\n<p class=\"id-StoryElement-paragraph\">\u00c4hnliches ergab die j\u00fcngste Umfrage des Instituts ActiVote. Von 523 befragten Personen waren lediglich 32 Prozent mit Trumps Leistung als US-Pr\u00e4sident einverstanden, 62 Prozent lehnten sie ab. Die Umfragen deuten allesamt daraufhin, dass Trumps gute Werte bei der <a href=\"https:\/\/www.fr.de\/politik\/us-wahl-ere80001\/\" class=\"id-import-Link\" title=\"US-Wahl\" data-id-ec=\"{&quot;sht&quot;:&quot;Container&quot;,&quot;shn&quot;:&quot;Story&quot;,&quot;p&quot;:{&quot;containerType&quot;:&quot;Paragraph&quot;,&quot;displayType&quot;:&quot;Paragraph InlineLink&quot;,&quot;type&quot;:&quot;INLINE_LINK&quot;,&quot;value&quot;:&quot;US-Wahl 2024&quot;,&quot;variant&quot;:&quot;standardLink&quot;,&quot;sponsored&quot;:false,&quot;linkHref&quot;:&quot;https:\/\/www.fr.de\/politik\/us-wahl-ere80001\/&quot;,&quot;storyElementPosition&quot;:20,&quot;storyElementCount&quot;:24}}\" rel=\"nofollow noopener\" target=\"_blank\">US-Wahl 2024<\/a> und <a href=\"https:\/\/www.fr.de\/politik\/duell-zahlen-prognosen-hochrechnungen-ergebnis-us-wahl-2024-wann-im-trump-harris-zr-93395398.html\" class=\"id-import-Link\" data-id-ec=\"{&quot;sht&quot;:&quot;Container&quot;,&quot;shn&quot;:&quot;Story&quot;,&quot;p&quot;:{&quot;containerType&quot;:&quot;Paragraph&quot;,&quot;displayType&quot;:&quot;Paragraph InlineLink&quot;,&quot;type&quot;:&quot;INLINE_LINK&quot;,&quot;value&quot;:&quot;die m&#xFC;hsam erk&#xE4;mpften Stimmen unter jungen W&#xE4;hlerinnen und W&#xE4;hlern&quot;,&quot;variant&quot;:&quot;standardLink&quot;,&quot;sponsored&quot;:false,&quot;linkHref&quot;:&quot;https:\/\/www.fr.de\/politik\/duell-zahlen-prognosen-hochrechnungen-ergebnis-us-wahl-2024-wann-im-trump-harris-zr-93395398.html&quot;,&quot;storyElementPosition&quot;:20,&quot;storyElementCount&quot;:24}}\" rel=\"nofollow noopener\" target=\"_blank\">die m\u00fchsam erk\u00e4mpften Stimmen unter jungen W\u00e4hlerinnen und W\u00e4hlern<\/a> Geschichte sein k\u00f6nnten &#8211; und das die Generation Z von seiner Agenda und seinen Botschaften frustriert sein k\u00f6nnte.<\/p>\n<p>Trump droht Stimmen der Generation Z zu verlieren: Junge W\u00e4hler blicken pessimistisch in Zukunft <\/p>\n<p class=\"id-StoryElement-paragraph\">Trumps Lager d\u00fcrfte auch alarmiert auf die weiteren Zahlen der Institute blicken: Denn auch die allgemeine Stimmung unter den jungen W\u00e4hlerinnen und W\u00e4hlern scheint sich zu verschlechtern. Lut YouGov blickt die Gen Z pessimistischer auf die politische Richtung der USA. Noch im Mai sagten 27 Prozent der Befragten, das Land bef\u00e4nde sich auf einem guten Weg, 53 Prozent sagten, es schlage den falschen Weg ein. Im Juni lag der Anteil der Befragten mit positiven Blick auf den Weg des Landes bei 21 Prozent, w\u00e4hrend 66 Prozent von einem falschen politischen Weg der USA ausgingen. <\/p>\n<p class=\"id-StoryElement-paragraph\">\u00dcberraschend wechseln die W\u00e4hler aber nicht zu dem Demokraten. Die Umfrage von Quantus Insights zeigt beispielsweise, dass sich 43 Prozent der Befragten W\u00e4hler aus der Generation Z politische heimatlos f\u00fchlen und keine der beiden gro\u00dfen Parteien die amerikanischen Werte vertrete. (fm\u00fc)<\/p>\n","protected":false},"excerpt":{"rendered":"Startseite Politik Stand: 07.07.2025, 08:20 Uhr Von: Fabian M\u00fcller DruckenTeilen Unter den W\u00e4hlern der Generation Z ist der&hellip;\n","protected":false},"author":2,"featured_media":248821,"comment_status":"","ping_status":"","sticky":false,"template":"","format":"standard","meta":{"footnotes":""},"categories":[3],"tags":[13,14,15,12,10,8,9,11,103,104],"class_list":{"0":"post-248820","1":"post","2":"type-post","3":"status-publish","4":"format-standard","5":"has-post-thumbnail","7":"category-welt","8":"tag-headlines","9":"tag-nachrichten","10":"tag-news","11":"tag-schlagzeilen","12":"tag-top-news","13":"tag-top-meldungen","14":"tag-topmeldungen","15":"tag-topnews","16":"tag-welt","17":"tag-world"},"share_on_mastodon":{"url":"https:\/\/pubeurope.com\/@de\/114810826610067757","error":""},"_links":{"self":[{"href":"https:\/\/www.europesays.com\/de\/wp-json\/wp\/v2\/posts\/248820","targetHints":{"allow":["GET"]}}],"collection":[{"href":"https:\/\/www.europesays.com\/de\/wp-json\/wp\/v2\/posts"}],"about":[{"href":"https:\/\/www.europesays.com\/de\/wp-json\/wp\/v2\/types\/post"}],"author":[{"embeddable":true,"href":"https:\/\/www.europesays.com\/de\/wp-json\/wp\/v2\/users\/2"}],"replies":[{"embeddable":true,"href":"https:\/\/www.europesays.com\/de\/wp-json\/wp\/v2\/comments?post=248820"}],"version-history":[{"count":0,"href":"https:\/\/www.europesays.com\/de\/wp-json\/wp\/v2\/posts\/248820\/revisions"}],"wp:featuredmedia":[{"embeddable":true,"href":"https:\/\/www.europesays.com\/de\/wp-json\/wp\/v2\/media\/248821"}],"wp:attachment":[{"href":"https:\/\/www.europesays.com\/de\/wp-json\/wp\/v2\/media?parent=248820"}],"wp:term":[{"taxonomy":"category","embeddable":true,"href":"https:\/\/www.europesays.com\/de\/wp-json\/wp\/v2\/categories?post=248820"},{"taxonomy":"post_tag","embeddable":true,"href":"https:\/\/www.europesays.com\/de\/wp-json\/wp\/v2\/tags?post=248820"}],"curies":[{"name":"wp","href":"https:\/\/api.w.org\/{rel}","templated":true}]}}