{"id":248838,"date":"2025-07-07T07:51:10","date_gmt":"2025-07-07T07:51:10","guid":{"rendered":"https:\/\/www.europesays.com\/de\/248838\/"},"modified":"2025-07-07T07:51:10","modified_gmt":"2025-07-07T07:51:10","slug":"polizei-warnt-fluesse-sind-keine-badegewaesser-polizei-news","status":"publish","type":"post","link":"https:\/\/www.europesays.com\/de\/248838\/","title":{"rendered":"Polizei warnt \u2013 Fl\u00fcsse sind keine Badegew\u00e4sser \u2013 Polizei.news"},"content":{"rendered":"\n<p><strong>Die sommerlichen Temperaturen locken immer mehr Menschen ans Wasser \u2013 zur Abk\u00fchlung, zum Entspannen oder zur sportlichen Bet\u00e4tigung.<\/strong><\/p>\n<p>Dabei geraten zunehmend auch Fl\u00fcsse und andere freie Gew\u00e4sser in den Fokus.<\/p>\n<p>Die Wasserschutzpolizei Hessen warnt eindringlich:<\/p>\n<p>Baden in Fl\u00fcssen ist lebensgef\u00e4hrlich \u2013 auch f\u00fcr ge\u00fcbte Schwimmerinnen und Schwimmer.<\/p>\n<p>\u201eWir verstehen sehr gut, dass die Menschen Abk\u00fchlung suchen\u201c, sagt Guido Kleemann, Leiter der F\u00fchrungsgruppe der hessischen Wasserschutzpolizei.<\/p>\n<p>\u201eDoch die Risiken werden oftmals untersch\u00e4tzt \u2013 gerade in flie\u00dfenden Gew\u00e4ssern. Str\u00f6mungen, Strudel, pl\u00f6tzlich wechselnde Wassertiefen oder der Sog durch Schiffe und Berufsschifffahrt k\u00f6nnen selbst erfahrene Schwimmerinnen und Schwimmer in lebensbedrohliche Situationen bringen.\u201c<\/p>\n<p>Besonders kritisch sind un\u00fcbersichtliche oder nicht ausgewiesene Uferbereiche:<\/p>\n<p>Dort fehlen oft Rettungsmittel, Anfahrtsm\u00f6glichkeiten f\u00fcr Einsatzkr\u00e4fte oder eine gesicherte Wasserrettung.<\/p>\n<p>Auch Das Springen von Br\u00fccken, Buhnen oder Wehranlagen ist verboten und gef\u00e4hrlich.<\/p>\n<p>Neben dem Risiko schwerer Verletzungen durch Aufprall oder Hindernisse unter der Wasseroberfl\u00e4che besteht Lebensgefahr durch starke Unterstr\u00f6mungen und unvorhersehbare Str\u00f6mungsverh\u00e4ltnisse.<\/p>\n<p><strong>Unsere Empfehlungen f\u00fcr Ihre Sicherheit:<\/strong><\/p>\n<ul>\n<li>Fl\u00fcsse sind keine Badegew\u00e4sser. Nutzen Sie zum Schwimmen nur offiziell ausgewiesene und bewachte Badestellen.<\/li>\n<li>Das Schwimmen in der N\u00e4he von Wehren, Br\u00fcckenpfeilern, Schleusen oder Fahrwasserzonen ist verboten.<\/li>\n<li>Achten Sie auf Kinder \u2013 auch in flachem Wasser. Sie untersch\u00e4tzen Gefahren h\u00e4ufig und handeln spontan.<\/li>\n<li>Alkohol und Wasser vertragen sich nicht. Schon geringe Mengen beeintr\u00e4chtigen Reaktionsf\u00e4higkeit und Selbsteinsch\u00e4tzung.<\/li>\n<li>Untersch\u00e4tzen Sie nicht die Kraft von Str\u00f6mungen. Eine ruhige Oberfl\u00e4che kann tr\u00fcgen.<\/li>\n<li>Schwimmer sind von Wasserfahrzeugen aus schlecht erkennbar und oft besteht keine M\u00f6glichkeit, rechtzeitig auszuweichen.<\/li>\n<\/ul>\n<p>Die Wasserschutzpolizei ist auf hessischen Binnenwasserstra\u00dfen eingesetzt \u2013 mit einem wachsamen Blick f\u00fcr die Sicherheit aller Beteiligten.<\/p>\n<p>Wir setzen auf Aufkl\u00e4rung, Pr\u00e4senz und Zusammenarbeit mit St\u00e4dten, Kommunen, der DLRG und anderen Organisationen.<\/p>\n<p><strong>Bitte handeln Sie verantwortungsvoll \u2013 f\u00fcr sich und andere.<\/strong><\/p>\n<p>\u00a0<\/p>\n<p>Quelle: Hessisches Polizeipr\u00e4sidium Einsatz<br \/>Bildquelle: Hessisches Polizeipr\u00e4sidium Einsatz <\/p>\n","protected":false},"excerpt":{"rendered":"Die sommerlichen Temperaturen locken immer mehr Menschen ans Wasser \u2013 zur Abk\u00fchlung, zum Entspannen oder zur sportlichen Bet\u00e4tigung.&hellip;\n","protected":false},"author":2,"featured_media":248839,"comment_status":"","ping_status":"","sticky":false,"template":"","format":"standard","meta":{"footnotes":""},"categories":[1847],"tags":[3364,29,548,663,3934,30,13,2052,14,15,12,4544],"class_list":{"0":"post-248838","1":"post","2":"type-post","3":"status-publish","4":"format-standard","5":"has-post-thumbnail","7":"category-wiesbaden","8":"tag-de","9":"tag-deutschland","10":"tag-eu","11":"tag-europa","12":"tag-europe","13":"tag-germany","14":"tag-headlines","15":"tag-hessen","16":"tag-nachrichten","17":"tag-news","18":"tag-schlagzeilen","19":"tag-wiesbaden"},"share_on_mastodon":{"url":"https:\/\/pubeurope.com\/@de\/114810865895540694","error":""},"_links":{"self":[{"href":"https:\/\/www.europesays.com\/de\/wp-json\/wp\/v2\/posts\/248838","targetHints":{"allow":["GET"]}}],"collection":[{"href":"https:\/\/www.europesays.com\/de\/wp-json\/wp\/v2\/posts"}],"about":[{"href":"https:\/\/www.europesays.com\/de\/wp-json\/wp\/v2\/types\/post"}],"author":[{"embeddable":true,"href":"https:\/\/www.europesays.com\/de\/wp-json\/wp\/v2\/users\/2"}],"replies":[{"embeddable":true,"href":"https:\/\/www.europesays.com\/de\/wp-json\/wp\/v2\/comments?post=248838"}],"version-history":[{"count":0,"href":"https:\/\/www.europesays.com\/de\/wp-json\/wp\/v2\/posts\/248838\/revisions"}],"wp:featuredmedia":[{"embeddable":true,"href":"https:\/\/www.europesays.com\/de\/wp-json\/wp\/v2\/media\/248839"}],"wp:attachment":[{"href":"https:\/\/www.europesays.com\/de\/wp-json\/wp\/v2\/media?parent=248838"}],"wp:term":[{"taxonomy":"category","embeddable":true,"href":"https:\/\/www.europesays.com\/de\/wp-json\/wp\/v2\/categories?post=248838"},{"taxonomy":"post_tag","embeddable":true,"href":"https:\/\/www.europesays.com\/de\/wp-json\/wp\/v2\/tags?post=248838"}],"curies":[{"name":"wp","href":"https:\/\/api.w.org\/{rel}","templated":true}]}}