{"id":248856,"date":"2025-07-07T08:02:10","date_gmt":"2025-07-07T08:02:10","guid":{"rendered":"https:\/\/www.europesays.com\/de\/248856\/"},"modified":"2025-07-07T08:02:10","modified_gmt":"2025-07-07T08:02:10","slug":"prozessauftakt-gegen-zwei-herner-radio-herne","status":"publish","type":"post","link":"https:\/\/www.europesays.com\/de\/248856\/","title":{"rendered":"Prozessauftakt gegen zwei Herner &#8211; Radio Herne"},"content":{"rendered":"<p class=\"small date article__date\">Ver\u00f6ffentlicht:\u00a0Montag, 07.07.2025 06:57<\/p>\n<p>Den M\u00e4nnern wird fahrl\u00e4ssige T\u00f6tung und der Handel mit Cannabis vorgeworfen<\/p>\n<p><img decoding=\"async\" alt=\"\" src=\"https:\/\/www.europesays.com\/de\/wp-content\/uploads\/2025\/07\/fotolia_69707901_s.jpg&#038;crop=57x0x821x513&#038;resize=821x513&#038;dt=201907091904130.jpeg\" data-size=\"821x513\"\/>\u00a9 Sebastian Duda &#8211; Fotolia<\/p>\n<p>Vor dem Bochumer Landgericht beginnen heute (07.07.) zwei Prozesse mit Beschuldigten aus Herne. Einmal geht es um den Versto\u00df gegen das Bet\u00e4ubungsmittelgesetz, im anderen Fall um den Vorwurf der fahrl\u00e4ssigen T\u00f6tung. Ab 9:00 Uhr muss sich ein Mann verantworten, dem bandenm\u00e4\u00dfiger Handel und Anbau von Cannabis vorgeworfen wird. Au\u00dferdem soll er eine Gruppe bei der Einrichtung einer Plantage in Bochum beraten haben. In seiner Herner Wohnung fand die Polizei Setzlinge, die er daf\u00fcr herangezogen haben soll.<\/p>\n<p>Im zweiten Prozess wird einem Busfahrer aus Herne fahrl\u00e4ssige T\u00f6tung vorgeworfen. Bei einer Vollbremsung st\u00fcrzte im Bus eine Frau mit Rollator und erlag sp\u00e4ter ihren Kopfverletzungen. Das Herner Amtsgericht hatte den Mann freigesprochen, die Staatsanwaltschaft ging jedoch in Berufung.<\/p>\n","protected":false},"excerpt":{"rendered":"Ver\u00f6ffentlicht:\u00a0Montag, 07.07.2025 06:57 Den M\u00e4nnern wird fahrl\u00e4ssige T\u00f6tung und der Handel mit Cannabis vorgeworfen \u00a9 Sebastian Duda &#8211;&hellip;\n","protected":false},"author":2,"featured_media":248857,"comment_status":"","ping_status":"","sticky":false,"template":"","format":"standard","meta":{"footnotes":""},"categories":[1839],"tags":[16238,76678,56947,7507,652,3364,29,30,1209,3238,1997],"class_list":{"0":"post-248856","1":"post","2":"type-post","3":"status-publish","4":"format-standard","5":"has-post-thumbnail","7":"category-bochum","8":"tag-busfahrer","9":"tag-cannabis-plantage","10":"tag-landgericht-bochum","11":"tag-bochum","12":"tag-cannabis","13":"tag-de","14":"tag-deutschland","15":"tag-germany","16":"tag-nordrhein-westfalen","17":"tag-prozessauftakt","18":"tag-staatsanwaltschaft"},"share_on_mastodon":{"url":"https:\/\/pubeurope.com\/@de\/114810909207220631","error":""},"_links":{"self":[{"href":"https:\/\/www.europesays.com\/de\/wp-json\/wp\/v2\/posts\/248856","targetHints":{"allow":["GET"]}}],"collection":[{"href":"https:\/\/www.europesays.com\/de\/wp-json\/wp\/v2\/posts"}],"about":[{"href":"https:\/\/www.europesays.com\/de\/wp-json\/wp\/v2\/types\/post"}],"author":[{"embeddable":true,"href":"https:\/\/www.europesays.com\/de\/wp-json\/wp\/v2\/users\/2"}],"replies":[{"embeddable":true,"href":"https:\/\/www.europesays.com\/de\/wp-json\/wp\/v2\/comments?post=248856"}],"version-history":[{"count":0,"href":"https:\/\/www.europesays.com\/de\/wp-json\/wp\/v2\/posts\/248856\/revisions"}],"wp:featuredmedia":[{"embeddable":true,"href":"https:\/\/www.europesays.com\/de\/wp-json\/wp\/v2\/media\/248857"}],"wp:attachment":[{"href":"https:\/\/www.europesays.com\/de\/wp-json\/wp\/v2\/media?parent=248856"}],"wp:term":[{"taxonomy":"category","embeddable":true,"href":"https:\/\/www.europesays.com\/de\/wp-json\/wp\/v2\/categories?post=248856"},{"taxonomy":"post_tag","embeddable":true,"href":"https:\/\/www.europesays.com\/de\/wp-json\/wp\/v2\/tags?post=248856"}],"curies":[{"name":"wp","href":"https:\/\/api.w.org\/{rel}","templated":true}]}}