{"id":248859,"date":"2025-07-07T08:04:09","date_gmt":"2025-07-07T08:04:09","guid":{"rendered":"https:\/\/www.europesays.com\/de\/248859\/"},"modified":"2025-07-07T08:04:09","modified_gmt":"2025-07-07T08:04:09","slug":"schock-bericht-ueber-schimmel-wohnung-russische-politikerin-im-rampenlicht","status":"publish","type":"post","link":"https:\/\/www.europesays.com\/de\/248859\/","title":{"rendered":"Schock-Bericht \u00fcber Schimmel-Wohnung: Russische Politikerin im Rampenlicht"},"content":{"rendered":"<ol class=\"id-DonaldBreadcrumb lp_west_breadcrumb id-DonaldBreadcrumb--default\" data-k5a-pos=\"west_breadcrumb\">\n<li class=\"id-Breadcrumb-item\"><a href=\"https:\/\/www.merkur.de\/\" class=\"id-Breadcrumb-link\" data-id-ec=\"{\" shn=\"\" textlink=\"\" data-k5a-pos=\"1_startseite\" rel=\"nofollow noopener\" target=\"_blank\">Startseite<\/a><\/li>\n<li class=\"id-Breadcrumb-item\"><a href=\"https:\/\/www.merkur.de\/wirtschaft\/\" class=\"id-Breadcrumb-link\" data-id-ec=\"{\" shn=\"\" textlink=\"\" data-k5a-pos=\"2_wirtschaft\" rel=\"nofollow noopener\" target=\"_blank\">Wirtschaft<\/a><\/li>\n<\/ol>\n<p class=\"id-Story-timestamp id-Story-timestamp--default\">Stand: 07.07.2025, 07:40 Uhr<\/p>\n<p class=\"id-Story-authors id-Story-authors--default\">Von: <a class=\"id-Story-authors-link lp_west_author\" href=\"https:\/\/www.merkur.de\/autor\/bona-hyun-vc2f6prtu.html\" title=\"Zur Autorenseite von Bona Hyun\" data-id-ec=\"{\" shn=\"\" author-link=\"\" hyun=\"\" data-k5a-pos=\"west_author\" rel=\"nofollow noopener\" target=\"_blank\">Bona Hyun<\/a><\/p>\n<p class=\"id-Story-interactionBar id-Story-interactionBar--default\">DruckenTeilen<\/p>\n<p class=\"id-StoryElement-leadText\">Schimmel an den W\u00e4nden, K\u00e4lte, kein Warmwasser: Eine Berlinerin erlebte eine Wohnungsh\u00f6lle. Die Spur f\u00fchrt zu einer sanktionierten russischen Senatorin.<\/p>\n<p class=\"id-StoryElement-paragraph\">Berlin \u2013 Ein Albtraum f\u00fcr jede Mieterin: Monatelang ohne Heizung und warmes Wasser leben zu m\u00fcssen, w\u00e4hrend sich Schimmel an den W\u00e4nden ausbreitet. Genau das musste eine Bewohnerin der Turmstra\u00dfe 83 in Berlin durchleben \u2013 mit dramatischen Auswirkungen auf die Gesundheit ihres Kindes. Besonders brisant wird der Fall durch einen Umstand: <a href=\"https:\/\/www.merkur.de\/wirtschaft\/schimmel-skandal-in-berlin-verwahrloste-wohnung-hat-offenbar-russische-hintergruende-zr-93813874.html\" class=\"id-import-Link\" data-id-ec=\"{&quot;sht&quot;:&quot;Container&quot;,&quot;shn&quot;:&quot;Story&quot;,&quot;p&quot;:{&quot;containerType&quot;:&quot;Paragraph&quot;,&quot;displayType&quot;:&quot;Paragraph InlineLink&quot;,&quot;type&quot;:&quot;INLINE_LINK&quot;,&quot;value&quot;:&quot;Der Name einer russischen Politikerin scheint offenbar mit dem Fall in Verbindung&quot;,&quot;variant&quot;:&quot;standardLink&quot;,&quot;sponsored&quot;:false,&quot;linkHref&quot;:&quot;https:\/\/www.merkur.de\/wirtschaft\/schimmel-skandal-in-berlin-verwahrloste-wohnung-hat-offenbar-russische-hintergruende-zr-93813874.html&quot;,&quot;storyElementPosition&quot;:8,&quot;storyElementCount&quot;:30}}\" rel=\"nofollow noopener\" target=\"_blank\">Der Name einer russischen Politikerin scheint offenbar mit dem Fall in Verbindung<\/a> zu stehen.<\/p>\n<p>Katastrophale Zust\u00e4nde in Berliner Wohnung: \u201eWeder Warmwasser noch Heizung\u201c<\/p>\n<p class=\"id-StoryElement-paragraph\">Die Mieter*innengewerkschaft Berlin (MGB) hat gegen\u00fcber unserer Redaktion die verheerenden Wohnverh\u00e4ltnisse in dem Geb\u00e4ude best\u00e4tigt, die zun\u00e4chst vom Tagesspiegel aufgedeckt wurden. Die Probleme beschr\u00e4nken sich jedoch nicht auf eine einzelne Wohnung. \u201eEs handelt sich viel mehr um mehrere <a href=\"https:\/\/www.soester-anzeiger.de\/lokales\/werl\/mieter-ohne-heizung-warmes-wasser-mvgm-wohnungen-werl-halbes-jahr-93364002.html\" class=\"id-import-Link id-pageApi-Link--externalDomain\" data-id-ec=\"{&quot;sht&quot;:&quot;Container&quot;,&quot;shn&quot;:&quot;Story&quot;,&quot;p&quot;:{&quot;containerType&quot;:&quot;Paragraph&quot;,&quot;displayType&quot;:&quot;Paragraph InlineLink&quot;,&quot;type&quot;:&quot;INLINE_LINK&quot;,&quot;value&quot;:&quot;Wohnungen, in denen es im letzten Winter und bis weit in dieses Jahr weder Warmwasser&quot;,&quot;variant&quot;:&quot;standardLink&quot;,&quot;sponsored&quot;:false,&quot;linkHref&quot;:&quot;https:\/\/www.soester-anzeiger.de\/lokales\/werl\/mieter-ohne-heizung-warmes-wasser-mvgm-wohnungen-werl-halbes-jahr-93364002.html&quot;,&quot;storyElementPosition&quot;:11,&quot;storyElementCount&quot;:30}}\" rel=\"nofollow noopener\" target=\"_blank\">Wohnungen, in denen es im letzten Winter und bis weit in dieses Jahr weder Warmwasser<\/a> noch Heizung etc. gab\u201c, hei\u00dft es auf Anfrage von IPPEN.MEDIA. \u201e\u00dcberall gab es Schimmel an den W\u00e4nden, es war kalt\u201c, sagte MGB-Mitgr\u00fcnder Mio Decker dem Tagesspiegel.<\/p>\n<p><img decoding=\"async\" class=\"id-RatioPlaceholder-element wv_story_el_image\" src=\"https:\/\/www.europesays.com\/de\/wp-content\/uploads\/2025\/07\/38841329-russische-flagge-und-eine-verschimmelte-wohnung-2wr3WpqX5LBG.jpg\" loading=\"lazy\"   height=\"619\" width=\"1100\" alt=\"russische Flagge und eine verschimmelte Wohnung\"\/>Eine verwahrloste Wohnung in Deutschland sorgen f\u00fcr Aufruhr. Die Spuren f\u00fchren nach Russland.  \u00a9\u00a0Funke Foto Services\/imago\/Russian Look\/imago<\/p>\n<p class=\"id-StoryElement-paragraph\">Im Januar 2025 unterst\u00fctzte Decker die betroffenen Mieter dabei, sowohl die Hausverwaltung als auch den Bezirk Mitte zu kontaktieren. Dieser Schritt brachte erste Verbesserungen: Nach eingeleiteten Verfahren und einem Besuch mit der Hausverwaltung vor Ort wurden weitere Ma\u00dfnahmen unternommen. Es floss wieder warmes Wasser, auch der ausgefallene Aufzug wurde repariert. Die Erfolge erwiesen sich jedoch als kurzlebig. So fiel das Warmwasser im April erneut aus, berichtet der Tagesspiegel. \u00c4hnliche Probleme mit der Warmwasserversorgung meldeten zeitgleich auch Mieter aus Frankfurt.<\/p>\n<p>Bei Wohnungsm\u00e4ngel wie Schimmel: Was k\u00f6nnen Mieterinnen und Mieter tun?<\/p>\n<p class=\"id-StoryElement-paragraph\">Welche <a href=\"https:\/\/www.hna.de\/lokales\/northeim\/northeim-ort47320\/seit-weihnachten-frieren-mieter-in-hochhaeusern-der-northeimer-suedstadt-mussten-93528541.html\" class=\"id-import-Link id-pageApi-Link--externalDomain\" data-id-ec=\"{&quot;sht&quot;:&quot;Container&quot;,&quot;shn&quot;:&quot;Story&quot;,&quot;p&quot;:{&quot;containerType&quot;:&quot;Paragraph&quot;,&quot;displayType&quot;:&quot;Paragraph InlineLink&quot;,&quot;type&quot;:&quot;INLINE_LINK&quot;,&quot;value&quot;:&quot;M&#xF6;glichkeiten haben Betroffene, gegen derartige Missst&#xE4;nde vorzugehen&quot;,&quot;variant&quot;:&quot;standardLink&quot;,&quot;sponsored&quot;:false,&quot;linkHref&quot;:&quot;https:\/\/www.hna.de\/lokales\/northeim\/northeim-ort47320\/seit-weihnachten-frieren-mieter-in-hochhaeusern-der-northeimer-suedstadt-mussten-93528541.html&quot;,&quot;storyElementPosition&quot;:16,&quot;storyElementCount&quot;:30}}\" rel=\"nofollow noopener\" target=\"_blank\">M\u00f6glichkeiten haben Betroffene, gegen derartige Missst\u00e4nde vorzugehen<\/a>? Das deutsche Mietrecht sieht laut dem Deutschen Mieterbund e.\u00a0V. einige M\u00f6glichkeiten und Schutzmechanismen vor, die Mieterinnen und Mieter im Fall von Sch\u00e4den in oder an der Mietsache absichern. Vermieter tragen grunds\u00e4tzlich die Verantwortung f\u00fcr die Behebung von Wohnungsm\u00e4ngeln. \u201eDas gilt unabh\u00e4ngig davon, ob er die Entstehung des Mangels auch zu verantworten hat\u201c, sagte der Deutsche Mieterbund auf Anfrage von IPPEN.MEDIA. Nur in Ausnahmef\u00e4llen entf\u00e4llt diese Pflicht \u2013 etwa wenn Mieter die Sch\u00e4den bereits beim Einzug kannten oder selbst verursacht haben.<\/p>\n<p class=\"id-StoryElement-paragraph\">\u201eLiegt <a href=\"https:\/\/www.echo24.de\/leben\/verbraucher\/schimmel-befall-in-wohnung-beseitigen-so-reagieren-mieter-richtig-vermieter-melden-93527711.html\" class=\"id-import-Link id-pageApi-Link--externalDomain\" data-id-ec=\"{&quot;sht&quot;:&quot;Container&quot;,&quot;shn&quot;:&quot;Story&quot;,&quot;p&quot;:{&quot;containerType&quot;:&quot;Paragraph&quot;,&quot;displayType&quot;:&quot;Paragraph InlineLink&quot;,&quot;type&quot;:&quot;INLINE_LINK&quot;,&quot;value&quot;:&quot;also ein Mangel vor &#x2013; wovon bei Schimmelbefall&quot;,&quot;variant&quot;:&quot;standardLink&quot;,&quot;sponsored&quot;:false,&quot;linkHref&quot;:&quot;https:\/\/www.echo24.de\/leben\/verbraucher\/schimmel-befall-in-wohnung-beseitigen-so-reagieren-mieter-richtig-vermieter-melden-93527711.html&quot;,&quot;storyElementPosition&quot;:18,&quot;storyElementCount&quot;:30}}\" rel=\"nofollow noopener\" target=\"_blank\">also ein Mangel vor \u2013 wovon bei Schimmelbefall<\/a>, einem l\u00e4ngerfristigen Heizungsausfall oder einer unterbrochenen Warmwasserversorgung in der Regel auszugehen ist \u2013 muss der Vermieter dar\u00fcber zun\u00e4chst schnellstm\u00f6glich informiert werden (sog. M\u00e4ngelanzeige). Im Zuge dessen sollte der Mangel benannt und der Vermieter um Beseitigung gebeten werden.\u201c Wichtig ist dabei, dem Vermieter eine angemessene Frist zu setzen und die M\u00e4ngelanzeige schriftlich zu dokumentieren. Reagiert der Vermieter nicht fristgerecht, k\u00f6nnen Mieter die Reparaturen selbst beauftragen und die Kosten anschlie\u00dfend geltend machen.<\/p>\n<p class=\"id-StoryElement-paragraph\">Zus\u00e4tzlich steht Mietern das Recht auf eine Mietminderung zu. \u201eVoraussetzung daf\u00fcr ist jedoch, dass es sich um einen erheblichen Mangel handelt. Die H\u00f6he der Mietminderung h\u00e4ngt dabei von der Schwere des Mangels und der damit einhergehenden Gebrauchsbeeintr\u00e4chtigung ab\u201c, sagte die Pressesprecherin des Mieterbundes, Dr. Jutta Hartmann, unserer Redaktion. \u201eIst die Wohnung aufgrund des Mangels nicht mehr bewohnbar, k\u00f6nnen auch die Kosten f\u00fcr ein Hotelzimmer verlangt werden.\u201c<\/p>\n<p>Verbindung nach Russland: Sanktionierte Politikerin im Fokus<\/p>\n<p class=\"id-StoryElement-paragraph\">Die Frage nach der Verantwortung f\u00fcr die katastrophalen Zust\u00e4nde f\u00fchrt zu einer \u00fcberraschenden Spur. In den Recherchen des Tagesspiegels taucht im Zusammenhang mit den verwahrlosen Wohnung der Name einer russischen Senatorin auf: Lyubov Glebova, Mitglied des russischen F\u00f6derationsrates. Die Politikerin befindet sich auf der europ\u00e4ischen Sanktionsliste, da sie nach EU-Angaben den \u201eVertrag \u00fcber Freundschaft, Zusammenarbeit und gegenseitigen Beistand zwischen der Russischen F\u00f6deration und der Volksrepublik Donezk sowie zwischen der Russischen F\u00f6deration und der Volksrepublik Luhansk\u201c ratifiziert hat.<\/p>\n<p class=\"id-StoryElement-paragraph\">Diese Information stammt aus der <a href=\"https:\/\/www.merkur.de\/politik\/europaeische-union-geschichte-institutionen-entwicklung-mitglieder-gruendung-90286999.html\" class=\"id-import-Link\" data-id-ec=\"{&quot;sht&quot;:&quot;Container&quot;,&quot;shn&quot;:&quot;Story&quot;,&quot;p&quot;:{&quot;containerType&quot;:&quot;Paragraph&quot;,&quot;displayType&quot;:&quot;Paragraph InlineLink&quot;,&quot;type&quot;:&quot;INLINE_LINK&quot;,&quot;value&quot;:&quot;EU&quot;,&quot;variant&quot;:&quot;standardLink&quot;,&quot;sponsored&quot;:false,&quot;linkHref&quot;:&quot;https:\/\/www.merkur.de\/politik\/europaeische-union-geschichte-institutionen-entwicklung-mitglieder-gruendung-90286999.html&quot;,&quot;storyElementPosition&quot;:23,&quot;storyElementCount&quot;:30}}\" rel=\"nofollow noopener\" target=\"_blank\">EU<\/a>-Verordnung \u201eDurchf\u00fchrungsverordnung 2022\/1529 vom 14. September 2022 zur Durchf\u00fchrung der Verordnung (EU) Nr. 269\/2014 \u00fcber restriktive Ma\u00dfnahmen gegen Handlungen, die die territoriale Unversehrtheit, Souver\u00e4nit\u00e4t und Unabh\u00e4ngigkeit der Ukraine untergraben oder bedrohen.\u201c<\/p>\n<p>Verwahrloste Wohnung in Berlin \u2013 Spuren f\u00fchren nach Russland<\/p>\n<p class=\"id-StoryElement-paragraph\">Die Recherchen des Tagesspiegels ergaben, dass Glebovas Ehemann bereits im Mai 2011 als Bevollm\u00e4chtigter einen Kaufvertrag f\u00fcr das betreffende Objekt in der Turmstra\u00dfe 83 unterzeichnet hat. Die russische Nachrichtenagentur Interfax ver\u00f6ffentlichte am 15. April 2022 Details \u00fcber eine Erkl\u00e4rung f\u00fcr 2021, die Mitglieder des F\u00f6derationsrates. Eine verlinkte Erkl\u00e4rung ist nicht mehr aufrufbar \u2013 Interfax gibt allerdings an, dass Glebova und ihr Mann gemeinsam ein Wohnhaus in Deutschland mit einer Fl\u00e4che von 541 Quadratmetern sowie ein gleich gro\u00dfes Wohngeb\u00e4ude besitzen. Kein Bericht best\u00e4tigt jedoch, dass es sich um die Berliner Immobilie in der Turmstra\u00dfe 83 handelt. <\/p>\n<p class=\"id-StoryElement-paragraph\">In den Recherchen taucht zudem eine Firma namens Turmstra\u00dfe 83 GmbH auf, die 2021 als potenzielle K\u00e4uferin in einem Vertrag mit dem russischen Ehepaar erscheint. Die Firma hat auf Anfragen unserer Redaktion per Mail noch keine R\u00fcckmeldung gegeben. Der Verkauf wurde jedoch nie abgeschlossen \u2013 im Grundbuch stehen weiterhin die russische Senatorin und ihr Ehemann als Eigent\u00fcmer. Weitere Belege f\u00fcr diese Verbindung existieren nicht, und weder Glebova noch ihr Ehemann haben bisher Stellung zu den Vorw\u00fcrfen genommen.<\/p>\n<p>Name einer russischen, sanktionierten Politikerin taucht auf \u2013 das w\u00e4ren die Folgen <\/p>\n<p class=\"id-StoryElement-paragraph\">Falls sich best\u00e4tigt, dass Glebova als Vermieterin der Immobilie fungiert, k\u00f6nnte sie rechtlich zur Verantwortung gezogen werden. \u201eAuch Politikerinnen k\u00f6nnen rechtlich f\u00fcr Sch\u00e4den in der Mietwohnung belangt werden. Zwar genie\u00dfen Politikerinnen Immunit\u00e4t, sodass strafbare Handlungen nur unter bestimmten Voraussetzungen strafrechtlich verfolgt werden k\u00f6nnen \u2013 die zivilrechtlichen Rechte und Pflichten als Eigent\u00fcmerin und Vermieterin einer Wohnung bleiben davon aber unber\u00fchrt\u201c, sagte der Deutsche Mieterbund auf Anfrage von IPPEN.MEDIA.<\/p>\n","protected":false},"excerpt":{"rendered":"Startseite Wirtschaft Stand: 07.07.2025, 07:40 Uhr Von: Bona Hyun DruckenTeilen Schimmel an den W\u00e4nden, K\u00e4lte, kein Warmwasser: Eine&hellip;\n","protected":false},"author":2,"featured_media":248860,"comment_status":"","ping_status":"","sticky":false,"template":"","format":"standard","meta":{"footnotes":""},"categories":[4013],"tags":[331,332,13,14,15,4043,4044,850,307,12],"class_list":{"0":"post-248859","1":"post","2":"type-post","3":"status-publish","4":"format-standard","5":"has-post-thumbnail","7":"category-russland","8":"tag-aktuelle-nachrichten","9":"tag-aktuelle-news","10":"tag-headlines","11":"tag-nachrichten","12":"tag-news","13":"tag-russia","14":"tag-russian-federation","15":"tag-russische-foederation","16":"tag-russland","17":"tag-schlagzeilen"},"share_on_mastodon":{"url":"https:\/\/pubeurope.com\/@de\/114810917116666799","error":""},"_links":{"self":[{"href":"https:\/\/www.europesays.com\/de\/wp-json\/wp\/v2\/posts\/248859","targetHints":{"allow":["GET"]}}],"collection":[{"href":"https:\/\/www.europesays.com\/de\/wp-json\/wp\/v2\/posts"}],"about":[{"href":"https:\/\/www.europesays.com\/de\/wp-json\/wp\/v2\/types\/post"}],"author":[{"embeddable":true,"href":"https:\/\/www.europesays.com\/de\/wp-json\/wp\/v2\/users\/2"}],"replies":[{"embeddable":true,"href":"https:\/\/www.europesays.com\/de\/wp-json\/wp\/v2\/comments?post=248859"}],"version-history":[{"count":0,"href":"https:\/\/www.europesays.com\/de\/wp-json\/wp\/v2\/posts\/248859\/revisions"}],"wp:featuredmedia":[{"embeddable":true,"href":"https:\/\/www.europesays.com\/de\/wp-json\/wp\/v2\/media\/248860"}],"wp:attachment":[{"href":"https:\/\/www.europesays.com\/de\/wp-json\/wp\/v2\/media?parent=248859"}],"wp:term":[{"taxonomy":"category","embeddable":true,"href":"https:\/\/www.europesays.com\/de\/wp-json\/wp\/v2\/categories?post=248859"},{"taxonomy":"post_tag","embeddable":true,"href":"https:\/\/www.europesays.com\/de\/wp-json\/wp\/v2\/tags?post=248859"}],"curies":[{"name":"wp","href":"https:\/\/api.w.org\/{rel}","templated":true}]}}