{"id":249326,"date":"2025-07-07T12:27:17","date_gmt":"2025-07-07T12:27:17","guid":{"rendered":"https:\/\/www.europesays.com\/de\/249326\/"},"modified":"2025-07-07T12:27:17","modified_gmt":"2025-07-07T12:27:17","slug":"pol-hb-nr-0433-betrunkener-autofahrer-prallt-gegen-mehrere-autos","status":"publish","type":"post","link":"https:\/\/www.europesays.com\/de\/249326\/","title":{"rendered":"POL-HB: Nr.: 0433 &#8211;Betrunkener Autofahrer prallt gegen mehrere Autos&#8211;"},"content":{"rendered":"<p class=\"date\">07.07.2025 \u2013 10:51<\/p>\n<p class=\"customer\">\n                        <a class=\"story-customer\" title=\"weiter zum newsroom von Polizei Bremen\" href=\"https:\/\/www.presseportal.de\/blaulicht\/nr\/35235\" rel=\"nofollow noopener\" target=\"_blank\">Polizei Bremen<\/a>\n                    <\/p>\n<p><a data-category=\"citylink-story-view\" data-action=\"click\" data-label=\"Citylink in Meldungsansicht\" class=\"story-city event-trigger\" href=\"https:\/\/www.presseportal.de\/regional\/Bremen\" title=\"News aus Bremen \" rel=\"nofollow noopener\" target=\"_blank\">Bremen<\/a> (ots)<\/p>\n<p>   -Ort: \tBremen-Hemelingen, OT Hemelingen, Sanhofstra\u00dfe<br \/>\nZeit: \t05.07.2025, 20:20 Uhr<\/p>\n<p>Ein alkoholisierter 62 Jahre alter Mann verursachte am Samstagabend in Hemelingen einen Unfall und prallte gegen ein Stra\u00dfenschild, nachdem er zuvor mehrere Autos besch\u00e4digt hatte.<\/p>\n<p>Gegen 20:20 Uhr fuhr der 62-J\u00e4hrige mit einem Opel r\u00fcckw\u00e4rts aus seiner Einfahrt und kollidierte zun\u00e4chst mit einem Kia. Als er wieder nach vorne fuhr, rammte er einen Gartenzaun. Danach schlingerte er weiter und stie\u00df mit einem Gartentor und einem Mercedes zusammen. In der Hemelinger Heerstra\u00dfe prallte er gegen ein Stra\u00dfenschild und fuhr dann weiter in die Schlengstra\u00dfe. Dort konnte er von mehreren Zeugen bis zum Eintreffen der Einsatzkr\u00e4fte festgehalten werden. Der 62-J\u00e4hrige erlitt leichte Verletzungen und wurde von Rettungskr\u00e4ften vor Ort behandelt. Ein von ihm freiwillig durchgef\u00fchrter Atemalkoholtest ergab einen Wert von \u00fcber 0,7 Promille. Zudem bestand der Verdacht, dass der 62-J\u00e4hrige auch unter Drogeneinfluss stand, es wurde eine Blutentnahme angeordnet.<\/p>\n<p>Gegen den 62-J\u00e4hrigen wurde eine Strafanzeige wegen Gef\u00e4hrdung des Stra\u00dfenverkehrs infolge des Genusses alkoholischer Getr\u00e4nke eingeleitet. Der Schaden wird auf rund 42.000 Euro gesch\u00e4tzt. Die Ermittlungen dauern an.<\/p>\n<p class=\"contact-headline\">R\u00fcckfragen bitte an:<\/p>\n<p class=\"contact-text\">Pressestelle Polizei Bremen<br \/>Nastasja-Klara Nadolska<br \/>Telefon: 0421\/362-12114<br \/><a target=\"_blank\" class=\"uri-ext outbound\" rel=\"noopener nofollow\" href=\"http:\/\/www.polizei.bremen.de\">http:\/\/www.polizei.bremen.de<\/a><br \/><a target=\"_blank\" class=\"uri-ext outbound\" rel=\"noopener nofollow\" href=\"http:\/\/www.polizei-beratung.de\">http:\/\/www.polizei-beratung.de<\/a><\/p>\n<p class=\"originator\">Original-Content von: Polizei Bremen, \u00fcbermittelt durch news aktuell<\/p>\n","protected":false},"excerpt":{"rendered":"07.07.2025 \u2013 10:51 Polizei Bremen Bremen (ots) -Ort: Bremen-Hemelingen, OT Hemelingen, Sanhofstra\u00dfe Zeit: 05.07.2025, 20:20 Uhr Ein alkoholisierter&hellip;\n","protected":false},"author":2,"featured_media":108,"comment_status":"","ping_status":"","sticky":false,"template":"","format":"standard","meta":{"footnotes":""},"categories":[1824],"tags":[2420,3364,29,30,7309,177,5404,121,178,180,179,181],"class_list":{"0":"post-249326","1":"post","2":"type-post","3":"status-publish","4":"format-standard","5":"has-post-thumbnail","7":"category-bremen","8":"tag-bremen","9":"tag-de","10":"tag-deutschland","11":"tag-germany","12":"tag-hb","13":"tag-kriminalitt","14":"tag-ni","15":"tag-polizei","16":"tag-presse","17":"tag-pressemeldung","18":"tag-pressemitteilung","19":"tag-pressemitteilungen"},"share_on_mastodon":{"url":"https:\/\/pubeurope.com\/@de\/114811951055605571","error":""},"_links":{"self":[{"href":"https:\/\/www.europesays.com\/de\/wp-json\/wp\/v2\/posts\/249326","targetHints":{"allow":["GET"]}}],"collection":[{"href":"https:\/\/www.europesays.com\/de\/wp-json\/wp\/v2\/posts"}],"about":[{"href":"https:\/\/www.europesays.com\/de\/wp-json\/wp\/v2\/types\/post"}],"author":[{"embeddable":true,"href":"https:\/\/www.europesays.com\/de\/wp-json\/wp\/v2\/users\/2"}],"replies":[{"embeddable":true,"href":"https:\/\/www.europesays.com\/de\/wp-json\/wp\/v2\/comments?post=249326"}],"version-history":[{"count":0,"href":"https:\/\/www.europesays.com\/de\/wp-json\/wp\/v2\/posts\/249326\/revisions"}],"wp:featuredmedia":[{"embeddable":true,"href":"https:\/\/www.europesays.com\/de\/wp-json\/wp\/v2\/media\/108"}],"wp:attachment":[{"href":"https:\/\/www.europesays.com\/de\/wp-json\/wp\/v2\/media?parent=249326"}],"wp:term":[{"taxonomy":"category","embeddable":true,"href":"https:\/\/www.europesays.com\/de\/wp-json\/wp\/v2\/categories?post=249326"},{"taxonomy":"post_tag","embeddable":true,"href":"https:\/\/www.europesays.com\/de\/wp-json\/wp\/v2\/tags?post=249326"}],"curies":[{"name":"wp","href":"https:\/\/api.w.org\/{rel}","templated":true}]}}