{"id":249327,"date":"2025-07-07T12:28:08","date_gmt":"2025-07-07T12:28:08","guid":{"rendered":"https:\/\/www.europesays.com\/de\/249327\/"},"modified":"2025-07-07T12:28:08","modified_gmt":"2025-07-07T12:28:08","slug":"essen-jugendlicher-ladendieb-mit-messer-erwischt-regional","status":"publish","type":"post","link":"https:\/\/www.europesays.com\/de\/249327\/","title":{"rendered":"Essen: Jugendlicher Ladendieb mit Messer erwischt | Regional"},"content":{"rendered":"<p>Essen \u2013 <b>Bundespolizisten haben am 6. Juli einen Jugendlichen nach einem Ladendiebstahl im Essener Hauptbahnhof gestellt.<\/b><\/p>\n<p>Der 14-j\u00e4hrige Verd\u00e4chtige hatte Waren im Wert von 33,70 Euro in seinen Rucksack gesteckt und die Drogeriefiliale verlassen, ohne zu bezahlen. Da seine Identit\u00e4t nicht zweifelsfrei gekl\u00e4rt werden konnte, brachten die Beamten ihn zur Wache.<\/p>\n<p>Unterwegs stie\u00df der 16-j\u00e4hrige Cousin des Verd\u00e4chtigen hinzu und beleidigte lautstark die Polizisten. Bei der \u00dcberpr\u00fcfung seiner Personalien fanden die Beamten ein griffbereites Messer in seiner Tasche.<\/p>\n<p>Die Erziehungsberechtigten holten die beiden Jugendlichen von der Wache ab. Die Bundespolizei leitete Ermittlungen wegen Diebstahls, Beleidigung und des F\u00fchrens eines Messers ein.<\/p>\n<p>Dieser Text basiert auf einer offiziellen Beh\u00f6rden-Information und wurde mit Hilfe von KI erstellt.<\/p>\n","protected":false},"excerpt":{"rendered":"Essen \u2013 Bundespolizisten haben am 6. Juli einen Jugendlichen nach einem Ladendiebstahl im Essener Hauptbahnhof gestellt. Der 14-j\u00e4hrige&hellip;\n","protected":false},"author":2,"featured_media":233362,"comment_status":"","ping_status":"","sticky":false,"template":"","format":"standard","meta":{"footnotes":""},"categories":[1834],"tags":[3364,29,1686,217,3688,30,2509,1209,121,45,1995],"class_list":{"0":"post-249327","1":"post","2":"type-post","3":"status-publish","4":"format-standard","5":"has-post-thumbnail","7":"category-essen","8":"tag-de","9":"tag-deutschland","10":"tag-diebstahl","11":"tag-dortmund","12":"tag-essen","13":"tag-germany","14":"tag-ki-ots","15":"tag-nordrhein-westfalen","16":"tag-polizei","17":"tag-texttospeech","18":"tag-verbrechen"},"share_on_mastodon":{"url":"https:\/\/pubeurope.com\/@de\/114811955006058071","error":""},"_links":{"self":[{"href":"https:\/\/www.europesays.com\/de\/wp-json\/wp\/v2\/posts\/249327","targetHints":{"allow":["GET"]}}],"collection":[{"href":"https:\/\/www.europesays.com\/de\/wp-json\/wp\/v2\/posts"}],"about":[{"href":"https:\/\/www.europesays.com\/de\/wp-json\/wp\/v2\/types\/post"}],"author":[{"embeddable":true,"href":"https:\/\/www.europesays.com\/de\/wp-json\/wp\/v2\/users\/2"}],"replies":[{"embeddable":true,"href":"https:\/\/www.europesays.com\/de\/wp-json\/wp\/v2\/comments?post=249327"}],"version-history":[{"count":0,"href":"https:\/\/www.europesays.com\/de\/wp-json\/wp\/v2\/posts\/249327\/revisions"}],"wp:featuredmedia":[{"embeddable":true,"href":"https:\/\/www.europesays.com\/de\/wp-json\/wp\/v2\/media\/233362"}],"wp:attachment":[{"href":"https:\/\/www.europesays.com\/de\/wp-json\/wp\/v2\/media?parent=249327"}],"wp:term":[{"taxonomy":"category","embeddable":true,"href":"https:\/\/www.europesays.com\/de\/wp-json\/wp\/v2\/categories?post=249327"},{"taxonomy":"post_tag","embeddable":true,"href":"https:\/\/www.europesays.com\/de\/wp-json\/wp\/v2\/tags?post=249327"}],"curies":[{"name":"wp","href":"https:\/\/api.w.org\/{rel}","templated":true}]}}