{"id":249344,"date":"2025-07-07T12:37:22","date_gmt":"2025-07-07T12:37:22","guid":{"rendered":"https:\/\/www.europesays.com\/de\/249344\/"},"modified":"2025-07-07T12:37:22","modified_gmt":"2025-07-07T12:37:22","slug":"80-millionen-fuer-woltemade-stuttgart-sollte-die-kirche-im-dorf-lassen","status":"publish","type":"post","link":"https:\/\/www.europesays.com\/de\/249344\/","title":{"rendered":"80 Millionen f\u00fcr Woltemade? Stuttgart sollte &#8222;die Kirche im Dorf lassen&#8220;"},"content":{"rendered":"<p><strong>Die Transferposse um Nick Woltemade zieht immer weitere Kreise \u2013 und sorgt mittlerweile auch bei Experten f\u00fcr Frust. Sky-Reporter Florian Plettenberg hat sich zu einem regelrechten Rundumschlag hinrei\u00dfen lassen. Seine Kritik richtet sich dabei nicht nur gegen den VfB Stuttgart oder den FC Bayern, sondern auch gegen den Spieler selbst.<\/strong><\/p>\n<p><a href=\"https:\/\/bit.ly\/4lXVdgE\" target=\"_blank\" rel=\"noopener\"><img loading=\"lazy\" decoding=\"async\" class=\"alignnone size-full wp-image-1390284\" src=\"https:\/\/www.europesays.com\/de\/wp-content\/uploads\/2025\/05\/winamax-banner.png\" alt=\"\" width=\"970\" height=\"90\"\/><\/a><\/p>\n<p>Der m\u00f6gliche Wechsel des St\u00fcrmers nach M\u00fcnchen erhitzt weiter die Gem\u00fcter. Der Transferpoker velief bisher alles andere als rund f\u00fcr die Bayern. Nach der schweren Verletzung von Jamal Musiala w\u00e4chst der Druck an der Isar.<\/p>\n<p>Transferexperte Florian Plettenberg platzt jetzt der Kragen. Am Sonntag teilte er in alle Richtungen aus: \u201eDie Stuttgarter m\u00fcssen jetzt auch mal aufh\u00f6ren, von irgendwelchen 70 oder 80 Millionen Euro zu tr\u00e4umen. Die werden sie nicht bekommen! Nicht von Bayern, nicht von Chelsea \u2013 auch nicht nach zw\u00f6lf Toren in der n\u00e4chsten Saison\u201c, betonte dieser bei Sky.<\/p>\n<p>Plettenberg fordert: realistisch bleiben. F\u00fcr den Transfer-Insider ist klar: So gut Woltemade auch ist, eine Abl\u00f6sesumme jenseits der 60 Millionen sei aktuell nicht vermittelbar.<\/p>\n<p>Bayern, Woltemade \u2013 keiner kommt ungeschoren davon<\/p>\n<p>Doch nicht nur der VfB bekommt sein Fett weg. Auch den FC Bayern nimmt Plettenberg in die Pflicht: \u201eDie Bayern sind dem Spieler etwas schuldig. Sie haben sich mit ihm geeinigt, alle haben miteinander verhandelt w\u00e4hrend der U21-EM.\u201c<\/p>\n<p>Ein Seitenhieb auf die immer wieder besch\u00f6nigende Au\u00dfendarstellung der M\u00fcnchner. \u201eWenn man sich die Aussagen der letzten Wochen anschaut, wie bei Leao oder Nico Williams \u2013 das war doch Schmarrn! Da wird dann so getan, als sei nie etwas gelaufen.\u201c<\/p>\n<p>Der Reporter bringt sogar ein m\u00f6gliches Bayern-Angebot ins Spiel: \u201e50 Millionen plus f\u00fcnf als Bonus, plus Paul Wanner f\u00fcr zwei Jahre auf Leihbasis \u2013 dann kommt der VfB vielleicht ins Gr\u00fcbeln.\u201c Doch er schiebt sofort hinterher: \u201eSoweit sind wir aber \u00fcberhaupt noch nicht. Der VfB bleibt hart.\u201c<\/p>\n<p>Auch Woltemade selbst bleibt nicht verschont. \u201eDer Spieler hat sich entschieden, w\u00e4hrend des Turniers mit den Bayern zu verhandeln. Dann muss er auch mit dem Echo leben. Es war klar, dass das irgendwann rauskommt.\u201c<\/p>\n<p>Musiala-Verletzung als Katalysator?<\/p>\n<p>F\u00fcr Plettenberg ist klar: Die schwere Verletzung von Jamal Musiala hat dem ohnehin z\u00e4hen Transferprozess einen weiteren D\u00e4mpfer verpasst \u2013 und zugleich die Dringlichkeit erh\u00f6ht. \u201eIch sehe ihn aktuell nicht beim FC Bayern \u2013 aber es ist noch vieles m\u00f6glich.\u201c<\/p>\n<p>Die Situation ist festgefahren, das Vertrauen auf allen Seiten br\u00f6ckelt. Der FC Bayern muss sich nun entscheiden, ob er das Risiko eingeht und \u201eall in\u201c geht \u2013 wie es Matth\u00e4us zuletzt forderte.<\/p>\n<p><img decoding=\"async\" class=\"wp-worthy-pixel-img skip-lazy \" src=\"https:\/\/www.europesays.com\/de\/wp-content\/uploads\/2025\/07\/6c57762fa0c54aa68fd641a2ab6f3f79.gif\" loading=\"eager\" data-no-lazy=\"1\" data-skip-lazy=\"1\" height=\"1\" width=\"1\" alt=\"\"\/><\/p>\n","protected":false},"excerpt":{"rendered":"Die Transferposse um Nick Woltemade zieht immer weitere Kreise \u2013 und sorgt mittlerweile auch bei Experten f\u00fcr Frust.&hellip;\n","protected":false},"author":2,"featured_media":231983,"comment_status":"","ping_status":"","sticky":false,"template":"","format":"standard","meta":{"footnotes":""},"categories":[1830],"tags":[1634,3364,29,30,1770,1441],"class_list":{"0":"post-249344","1":"post","2":"type-post","3":"status-publish","4":"format-standard","5":"has-post-thumbnail","7":"category-stuttgart","8":"tag-baden-wuerttemberg","9":"tag-de","10":"tag-deutschland","11":"tag-germany","12":"tag-nick-woltemade","13":"tag-stuttgart"},"share_on_mastodon":{"url":"https:\/\/pubeurope.com\/@de\/114811990510607107","error":""},"_links":{"self":[{"href":"https:\/\/www.europesays.com\/de\/wp-json\/wp\/v2\/posts\/249344","targetHints":{"allow":["GET"]}}],"collection":[{"href":"https:\/\/www.europesays.com\/de\/wp-json\/wp\/v2\/posts"}],"about":[{"href":"https:\/\/www.europesays.com\/de\/wp-json\/wp\/v2\/types\/post"}],"author":[{"embeddable":true,"href":"https:\/\/www.europesays.com\/de\/wp-json\/wp\/v2\/users\/2"}],"replies":[{"embeddable":true,"href":"https:\/\/www.europesays.com\/de\/wp-json\/wp\/v2\/comments?post=249344"}],"version-history":[{"count":0,"href":"https:\/\/www.europesays.com\/de\/wp-json\/wp\/v2\/posts\/249344\/revisions"}],"wp:featuredmedia":[{"embeddable":true,"href":"https:\/\/www.europesays.com\/de\/wp-json\/wp\/v2\/media\/231983"}],"wp:attachment":[{"href":"https:\/\/www.europesays.com\/de\/wp-json\/wp\/v2\/media?parent=249344"}],"wp:term":[{"taxonomy":"category","embeddable":true,"href":"https:\/\/www.europesays.com\/de\/wp-json\/wp\/v2\/categories?post=249344"},{"taxonomy":"post_tag","embeddable":true,"href":"https:\/\/www.europesays.com\/de\/wp-json\/wp\/v2\/tags?post=249344"}],"curies":[{"name":"wp","href":"https:\/\/api.w.org\/{rel}","templated":true}]}}