{"id":249360,"date":"2025-07-07T12:46:12","date_gmt":"2025-07-07T12:46:12","guid":{"rendered":"https:\/\/www.europesays.com\/de\/249360\/"},"modified":"2025-07-07T12:46:12","modified_gmt":"2025-07-07T12:46:12","slug":"sozialministerin-fordert-reform-der-pflegeversicherung","status":"publish","type":"post","link":"https:\/\/www.europesays.com\/de\/249360\/","title":{"rendered":"Sozialministerin fordert Reform der Pflegeversicherung"},"content":{"rendered":"<p>    Fast jeder zehnte Brandenburger braucht Hilfe: Sozialministerin fordert Reform der Pflegeversicherung<\/p>\n<p>    <a href=\"#main-content\" class=\"tspIbf\">zum Hauptinhalt<\/a>Sie befinden sich hier:<\/p>\n<ol property=\"breadcrumb\" typeof=\"BreadcrumbList\" class=\"tspA2jc\">\n<li property=\"itemListElement\" typeof=\"ListItem\" class=\"tspA2jd\"><a property=\"item\" typeof=\"WebPage\" href=\"https:\/\/www.tagesspiegel.de\" class=\"tspA2je\" target=\"_blank\" rel=\"noopener\">Startseite<\/a><\/li>\n<li property=\"itemListElement\" typeof=\"ListItem\" class=\"tspA2jd\"><a href=\"https:\/\/www.tagesspiegel.de\/potsdam\/\" property=\"item\" typeof=\"WebPage\" class=\"tspA2je tspA2jf\" target=\"_blank\" rel=\"noopener\">Potsdam<\/a><\/li>\n<li property=\"itemListElement\" typeof=\"ListItem\" class=\"tspA2jd\"><a href=\"https:\/\/www.tagesspiegel.de\/potsdam\/brandenburg\/\" property=\"item\" typeof=\"WebPage\" class=\"tspA2je\" target=\"_blank\" rel=\"noopener\">Brandenburg<\/a><\/li>\n<li property=\"itemListElement\" typeof=\"ListItem\" aria-current=\"page\" class=\"tspA2jd\"><strong property=\"item\" typeof=\"WebPage\" class=\"tspA2je\">Fast jeder zehnte Brandenburger braucht Hilfe: Sozialministerin fordert Reform der Pflegeversicherung<\/strong><\/li>\n<\/ol>\n<p><img decoding=\"async\" src=\"https:\/\/www.europesays.com\/de\/wp-content\/uploads\/2025\/07\/ambulante-pflege.jpeg\" alt=\"Eine junge Frau h\u00e4lt die H\u00e4nde eines alten Mannes. \" loading=\"lazy\" class=\"tspBGkj\"\/><\/p>\n<p class=\"tspAOg1 tspAOg2\"> \u00a9 dpa\/Jens Kalaene <\/p>\n<p class=\"tspA4jh tspGai\">Die Zahl der Menschen, die ein Pflegefall sind, w\u00e4chst rasant. Gleichzeitig steigen die Kosten \u2013 f\u00fcr die parteilose Sozialministerin Britta M\u00fcller (f\u00fcr BSW) kann es so nicht weitergehen.<\/p>\n<dl class=\"tspGa0 debug-piano\">\n<p><dt>showPaywall:<\/dt>\n<dd>true<\/dd>\n<\/p>\n<p><dt>isSubscriber:<\/dt>\n<dd>false<\/dd>\n<\/p>\n<p><dt>isPaid:<\/dt>\n<dd>true<\/dd>\n<\/p>\n<\/dl>\n<p id=\"message-target-blank\" hidden=\"hidden\">\u00f6ffnet in neuem Tab oder Fenster<\/p>\n<p>\n\t\t\tconsole.debug({ userId: &#8222;&#8220;, verifiedBot: &#8222;false&#8220;, botCategory: &#8222;&#8220; })\n\t\t<\/p>\n","protected":false},"excerpt":{"rendered":"Fast jeder zehnte Brandenburger braucht Hilfe: Sozialministerin fordert Reform der Pflegeversicherung zum HauptinhaltSie befinden sich hier: Startseite Potsdam&hellip;\n","protected":false},"author":2,"featured_media":249361,"comment_status":"","ping_status":"","sticky":false,"template":"","format":"standard","meta":{"footnotes":""},"categories":[1816],"tags":[1960,1958,1959,1957,1956,1890,29,30,9221,26756],"class_list":{"0":"post-249360","1":"post","2":"type-post","3":"status-publish","4":"format-standard","5":"has-post-thumbnail","7":"category-brandenburg","8":"tag-aktuelle-nachrichten-aus-berlin-und-brandenburg","9":"tag-aktuelle-nachrichten-aus-brandenburg","10":"tag-aktuelle-news-aus-berlin-und-brandenburg","11":"tag-aktuelle-news-aus-brandenburg","12":"tag-berlin-und-brandenburg","13":"tag-brandenburg","14":"tag-deutschland","15":"tag-germany","16":"tag-pflege","17":"tag-pflegeversicherung"},"share_on_mastodon":{"url":"https:\/\/pubeurope.com\/@de\/114812026563464425","error":""},"_links":{"self":[{"href":"https:\/\/www.europesays.com\/de\/wp-json\/wp\/v2\/posts\/249360","targetHints":{"allow":["GET"]}}],"collection":[{"href":"https:\/\/www.europesays.com\/de\/wp-json\/wp\/v2\/posts"}],"about":[{"href":"https:\/\/www.europesays.com\/de\/wp-json\/wp\/v2\/types\/post"}],"author":[{"embeddable":true,"href":"https:\/\/www.europesays.com\/de\/wp-json\/wp\/v2\/users\/2"}],"replies":[{"embeddable":true,"href":"https:\/\/www.europesays.com\/de\/wp-json\/wp\/v2\/comments?post=249360"}],"version-history":[{"count":0,"href":"https:\/\/www.europesays.com\/de\/wp-json\/wp\/v2\/posts\/249360\/revisions"}],"wp:featuredmedia":[{"embeddable":true,"href":"https:\/\/www.europesays.com\/de\/wp-json\/wp\/v2\/media\/249361"}],"wp:attachment":[{"href":"https:\/\/www.europesays.com\/de\/wp-json\/wp\/v2\/media?parent=249360"}],"wp:term":[{"taxonomy":"category","embeddable":true,"href":"https:\/\/www.europesays.com\/de\/wp-json\/wp\/v2\/categories?post=249360"},{"taxonomy":"post_tag","embeddable":true,"href":"https:\/\/www.europesays.com\/de\/wp-json\/wp\/v2\/tags?post=249360"}],"curies":[{"name":"wp","href":"https:\/\/api.w.org\/{rel}","templated":true}]}}