{"id":249370,"date":"2025-07-07T12:51:14","date_gmt":"2025-07-07T12:51:14","guid":{"rendered":"https:\/\/www.europesays.com\/de\/249370\/"},"modified":"2025-07-07T12:51:14","modified_gmt":"2025-07-07T12:51:14","slug":"16-verletzte-nach-bus-unfall-in-berlin-charlottenburg-regional","status":"publish","type":"post","link":"https:\/\/www.europesays.com\/de\/249370\/","title":{"rendered":"16 Verletzte nach Bus-Unfall in Berlin-Charlottenburg | Regional"},"content":{"rendered":"<p>Berlin \u2013 <b>Am Montagvormittag wurden 16 Fahrg\u00e4ste in einem Bus der Linie M49 auf der Heerstra\u00dfe im Berliner Ortsteil Charlottenburg in Richtung Theodor-Heuss-Platz zum Teil schwer verletzt. <\/b><\/p>\n<p>Unter den Verletzten waren elf Kinder und f\u00fcnf Erwachsene.<\/p>\n<p>Die Feuerwehr wurde um 9.20 Uhr zum Unfallort an der Haltestelle Ragniter Allee gerufen \u2013 wegen der Vielzahl an Verletzten unter dem Stichwort: \u201eMassenanfall an Verletzten.\u201c<\/p>\n<p><img decoding=\"async\" width=\"992\" height=\"558\" alt=\"An der Haltestelle Ragniter Allee auf der Heerstra\u00dfe musste der Busfahrer den voll besetzten Bus pl\u00f6tzlich abbremsen, weil eine Frau vor das Fahrzeug gelaufen war\" src=\"https:\/\/www.europesays.com\/de\/wp-content\/uploads\/2025\/07\/dc9354f849dc4bb19fc3689ae610c410,c2d76fd\"   class=\"landscape\" loading=\"lazy\"\/><\/p>\n<p class=\"fig__caption__text\">An der Haltestelle Ragniter Allee auf der Heerstra\u00dfe musste der Busfahrer den voll besetzten Bus pl\u00f6tzlich abbremsen, weil eine Frau vor das Fahrzeug gelaufen war<\/p>\n<p>Foto: Axel Billig \/ Pressefoto Wagner <\/p>\n<p>Mehrere Rettungswagenbesatzungen eilten zur Unfallstelle. Die <a href=\"https:\/\/www.bild.de\/regional\/berlin\/berlin-regional\/home-15823246.bild.html\" class=\"text-link\" rel=\"nofollow noopener\" target=\"_blank\">Berliner<\/a> Feuerwehr schickte 38 Retter zur Haltestelle. Im Bus waren viele Fahrg\u00e4ste gest\u00fcrzt, weil der Fahrer pl\u00f6tzlich auf die Bremse treten musste.<\/p>\n<p>Frau trat unvermittelt auf die Heerstra\u00dfe<\/p>\n<p>Eine bislang unbekannte Frau sei nach Angaben von <a href=\"https:\/\/www.bild.de\/regional\/aktuelles\/polizei\/polizeieinsatz-alle-infos-76681760.bild.html\" class=\"text-link\" rel=\"nofollow noopener\" target=\"_blank\">Polizei<\/a>sprecher \u00d6mer Kelesoglu an der Haltestelle unvermittelt vor dem Bus auf die Fahrbahn getreten. \u201eDer Bus hat die Frau noch touchiert\u201c, wie der Sprecher weiter mitteilte. Sie sei aber offenbar unverletzt geblieben und habe ihren Weg unbeirrt von dem Zusammensto\u00df fortgesetzt.<\/p>\n<p><img decoding=\"async\" width=\"992\" height=\"558\" alt=\"Bei der Gefahrenbremsung wurden im Bus 16 Fahrg\u00e4ste verletzt \u2013 darunter elf Kinder\" src=\"https:\/\/www.europesays.com\/de\/wp-content\/uploads\/2025\/07\/b9a67672070ff74627d4abd02ea29e72,e505b16e\"   class=\"landscape\" loading=\"lazy\"\/><\/p>\n<p class=\"fig__caption__text\">Bei der Gefahrenbremsung wurden im Bus 16 Fahrg\u00e4ste verletzt \u2013 darunter elf Kinder<\/p>\n<p>Foto: Axel Billig \/ Pressefoto Wagner <\/p>\n<p><b>Nicht ganz so glimpflich ging der Aufprall f\u00fcr die Insassen im Bus aus \u2013 im Gegenteil: Wegen der ruckartigen Bremsung st\u00fcrzten zahlreiche Fahrg\u00e4ste. Zwei Erwachsene wurden schwer verletzt. Einer erlitt ein Sch\u00e4del-Hirn-Trauma, ein zweiter Erwachsener eine schwere Verletzung am Bein. Vermutlich ein Bruch.<\/b><\/p>\n<p>Elf Kinder erlitten Prellungen und Hautabsch\u00fcrfungen. Genau wie drei weitere Erwachsene im Bus. Ein <a href=\"https:\/\/www.bild.de\/themen\/organisationen\/feuerwehr\/politik-nachrichten-news-fotos-videos-20421624.bild.html\" class=\"text-link\" rel=\"nofollow noopener\" target=\"_blank\">Feuerwehr<\/a>sprecher zu BILD: \u201eZw\u00f6lf Verletzte kamen zur weiteren Behandlung in umliegende Krankenh\u00e4user.\u201c<\/p>\n<p>Lesen Sie auch<\/p>\n<p><b>Der Verkehr Richtung Innenstadt staute sich auf der Heerstra\u00dfe wegen des Rettungseinsatzes, da nur ein Fahrstreifen befahrbar war. <\/b><\/p>\n<p>Um 11.20 Uhr war die Unfallstelle ger\u00e4umt, teilte die VIZ Berlin mit.<\/p>\n","protected":false},"excerpt":{"rendered":"Berlin \u2013 Am Montagvormittag wurden 16 Fahrg\u00e4ste in einem Bus der Linie M49 auf der Heerstra\u00dfe im Berliner&hellip;\n","protected":false},"author":2,"featured_media":249371,"comment_status":"","ping_status":"","sticky":false,"template":"","format":"standard","meta":{"footnotes":""},"categories":[1825],"tags":[296,13865,2325,29,985,30,121,45,2624,3260],"class_list":{"0":"post-249370","1":"post","2":"type-post","3":"status-publish","4":"format-standard","5":"has-post-thumbnail","7":"category-berlin","8":"tag-berlin","9":"tag-busse","10":"tag-charlottenburg","11":"tag-deutschland","12":"tag-feuerwehr","13":"tag-germany","14":"tag-polizei","15":"tag-texttospeech","16":"tag-unfaelle","17":"tag-verkehrsunfall"},"share_on_mastodon":{"url":"https:\/\/pubeurope.com\/@de\/114812045653707671","error":""},"_links":{"self":[{"href":"https:\/\/www.europesays.com\/de\/wp-json\/wp\/v2\/posts\/249370","targetHints":{"allow":["GET"]}}],"collection":[{"href":"https:\/\/www.europesays.com\/de\/wp-json\/wp\/v2\/posts"}],"about":[{"href":"https:\/\/www.europesays.com\/de\/wp-json\/wp\/v2\/types\/post"}],"author":[{"embeddable":true,"href":"https:\/\/www.europesays.com\/de\/wp-json\/wp\/v2\/users\/2"}],"replies":[{"embeddable":true,"href":"https:\/\/www.europesays.com\/de\/wp-json\/wp\/v2\/comments?post=249370"}],"version-history":[{"count":0,"href":"https:\/\/www.europesays.com\/de\/wp-json\/wp\/v2\/posts\/249370\/revisions"}],"wp:featuredmedia":[{"embeddable":true,"href":"https:\/\/www.europesays.com\/de\/wp-json\/wp\/v2\/media\/249371"}],"wp:attachment":[{"href":"https:\/\/www.europesays.com\/de\/wp-json\/wp\/v2\/media?parent=249370"}],"wp:term":[{"taxonomy":"category","embeddable":true,"href":"https:\/\/www.europesays.com\/de\/wp-json\/wp\/v2\/categories?post=249370"},{"taxonomy":"post_tag","embeddable":true,"href":"https:\/\/www.europesays.com\/de\/wp-json\/wp\/v2\/tags?post=249370"}],"curies":[{"name":"wp","href":"https:\/\/api.w.org\/{rel}","templated":true}]}}