{"id":249380,"date":"2025-07-07T12:56:19","date_gmt":"2025-07-07T12:56:19","guid":{"rendered":"https:\/\/www.europesays.com\/de\/249380\/"},"modified":"2025-07-07T12:56:19","modified_gmt":"2025-07-07T12:56:19","slug":"wuerzburg-schweinfurt-mehr-los-auf-der","status":"publish","type":"post","link":"https:\/\/www.europesays.com\/de\/249380\/","title":{"rendered":"W\u00fcrzburg \/ Schweinfurt: Mehr los auf der\u2026"},"content":{"rendered":"<p>Die Regionalz\u00fcge zwischen N\u00fcrnberg und W\u00fcrzburg und W\u00fcrzburg und Schweinfurt d\u00fcrften in den n\u00e4chsten Tagen voller werden. Grund ist dass viele Bahnreisende, die von N\u00fcrnberg nach Bamberg wollen, \u00fcber diese Strecke ausweichen m\u00fcssen.<\/p>\n<p>Grund ist ein schwerer Fall von Vandalismus in einer Bahnunterf\u00fchrung in Hirschaid bei Bamberg. Ein Brandstifter hat dort Paletten in Brand gesteckt. Dabei entstand massiver Schaden an der Unterf\u00fchrung.<\/p>\n<p>Die Bahnstrecke dar\u00fcber ist eine der meistbefahrenen Deutschlands und bleibt vorerst gesperrt.<\/p>\n","protected":false},"excerpt":{"rendered":"Die Regionalz\u00fcge zwischen N\u00fcrnberg und W\u00fcrzburg und W\u00fcrzburg und Schweinfurt d\u00fcrften in den n\u00e4chsten Tagen voller werden. Grund&hellip;\n","protected":false},"author":2,"featured_media":189129,"comment_status":"","ping_status":"","sticky":false,"template":"","format":"standard","meta":{"footnotes":""},"categories":[1772],"tags":[29,214,30,1779,810,2506,215],"class_list":{"0":"post-249380","1":"post","2":"type-post","3":"status-publish","4":"format-standard","5":"has-post-thumbnail","7":"category-musik","8":"tag-deutschland","9":"tag-entertainment","10":"tag-germany","11":"tag-music","12":"tag-musik","13":"tag-radio-radio-gong-wuerzburg-heimvorteil-musik","14":"tag-unterhaltung"},"share_on_mastodon":{"url":"https:\/\/pubeurope.com\/@de\/114812065249645994","error":""},"_links":{"self":[{"href":"https:\/\/www.europesays.com\/de\/wp-json\/wp\/v2\/posts\/249380","targetHints":{"allow":["GET"]}}],"collection":[{"href":"https:\/\/www.europesays.com\/de\/wp-json\/wp\/v2\/posts"}],"about":[{"href":"https:\/\/www.europesays.com\/de\/wp-json\/wp\/v2\/types\/post"}],"author":[{"embeddable":true,"href":"https:\/\/www.europesays.com\/de\/wp-json\/wp\/v2\/users\/2"}],"replies":[{"embeddable":true,"href":"https:\/\/www.europesays.com\/de\/wp-json\/wp\/v2\/comments?post=249380"}],"version-history":[{"count":0,"href":"https:\/\/www.europesays.com\/de\/wp-json\/wp\/v2\/posts\/249380\/revisions"}],"wp:featuredmedia":[{"embeddable":true,"href":"https:\/\/www.europesays.com\/de\/wp-json\/wp\/v2\/media\/189129"}],"wp:attachment":[{"href":"https:\/\/www.europesays.com\/de\/wp-json\/wp\/v2\/media?parent=249380"}],"wp:term":[{"taxonomy":"category","embeddable":true,"href":"https:\/\/www.europesays.com\/de\/wp-json\/wp\/v2\/categories?post=249380"},{"taxonomy":"post_tag","embeddable":true,"href":"https:\/\/www.europesays.com\/de\/wp-json\/wp\/v2\/tags?post=249380"}],"curies":[{"name":"wp","href":"https:\/\/api.w.org\/{rel}","templated":true}]}}