{"id":249411,"date":"2025-07-07T13:14:10","date_gmt":"2025-07-07T13:14:10","guid":{"rendered":"https:\/\/www.europesays.com\/de\/249411\/"},"modified":"2025-07-07T13:14:10","modified_gmt":"2025-07-07T13:14:10","slug":"wagner-es-erfuellt-mich-mit-stolz","status":"publish","type":"post","link":"https:\/\/www.europesays.com\/de\/249411\/","title":{"rendered":"Wagner: &#8222;Es erf\u00fcllt mich mit Stolz&#8220;"},"content":{"rendered":"<p><strong>Am Montagvormittag ist Sandro Wagner offiziell als neuer Cheftrainer des <a href=\"https:\/\/onefootball.com\/de\/team\/fc-augsburg-171\" rel=\"nofollow noopener\" target=\"_blank\">FC Augsburg<\/a> vorgestellt worden. Im vollbesetzten Presseraum der WWK ARENA beantwortete der 37-J\u00e4hrige gemeinsam mit FCA-Gesch\u00e4ftsf\u00fchrer Michael Str\u00f6ll die Fragen der Medienvertreter.<\/strong><\/p>\n<p><strong>\u2026 seine Beweggr\u00fcnde, Cheftrainer beim <a href=\"https:\/\/onefootball.com\/de\/team\/fc-augsburg-171\" rel=\"nofollow noopener\" target=\"_blank\">FC Augsburg<\/a> zu werden:<\/strong> \u201eDie Gespr\u00e4che mit den Verantwortlichen waren herausragend, ich bin fest von dieser Aufgabe hier in Augsburg \u00fcberzeugt. Der Verein macht einen seri\u00f6sen, bodenst\u00e4ndigen Eindruck und ist hoch ambitioniert. Die Bedingungen sind top! Es ist geil, Trainer des <a href=\"https:\/\/onefootball.com\/de\/team\/fc-augsburg-171\" rel=\"nofollow noopener\" target=\"_blank\">FCA<\/a> zu sein. Es erf\u00fcllt mich mit Stolz. In der Bundesliga gibt es nur 18 Trainer \u2013 und ich kann einer davon sein.\u201c<\/p>\n<p><strong>\u2026 seine Anspr\u00fcche und Ziele beim <a href=\"https:\/\/onefootball.com\/de\/team\/fc-augsburg-171\" rel=\"nofollow noopener\" target=\"_blank\">FCA<\/a>:<\/strong> \u201eMeine DNA ist aktiver Fu\u00dfball! Wir messen unseren Erfolg nicht vorrangig an einem Tabellenplatz. Wir wollen Entwicklung sehen und die Fans sollen Spa\u00df an unserem Fu\u00dfball haben. Ich sp\u00fcre nur den Druck, den ich mir selber mache, das war schon als Spieler so.\u201c<\/p>\n<p><strong>\u2026 seine pers\u00f6nliche Bindung und den Start in Augsburg:<\/strong> \u201eIch habe einige Freunde in Augsburg und kenne die Stadt recht gut. Ich habe bereits eine Wohnung in der Innenstadt gefunden.\u201c<\/p>\n<p><strong>\u2026 seine ersten Schritte mit den Spielern:<\/strong> \u201eIch habe jeden Spieler nach meiner Verpflichtung angerufen und kontaktiert. Die pers\u00f6nlichen Gespr\u00e4che werden nun mit dem Trainingsstart folgen. Ich habe gemerkt, dass die Jungs sehr offen f\u00fcr neue Ideen sind.\u201c<\/p>\n<p><strong>\u2026 seine Zeit beim DFB:<\/strong> \u201eDie gemeinsame Zeit mit Julian Nagelsmann beim DFB-Team war \u00e4u\u00dferst wertvoll und ich konnte sehr viele Dinge lernen und mitnehmen. Es war top!\u201c<\/p>\n<p>FCA-Gesch\u00e4ftsf\u00fchrer Michael Str\u00f6ll \u00fcber \u2026<\/p>\n<p><strong>\u2026 die Verpflichtung von Sandro Wagner:<\/strong> \u201eWir sind nach sorgf\u00e4ltiger Analyse zu dem Entschluss gekommen, dass wir eine Ver\u00e4nderung ben\u00f6tigen. Wir waren schnell \u00fcberzeugt, mit Sandro Wagner die richtige Personalie gefunden zu haben. Sandro passt zu 100 Prozent in unser sportliches Anforderungsprofil. Er hat eine klare Idee, wie er beim <a href=\"https:\/\/onefootball.com\/de\/team\/fc-augsburg-171\" rel=\"nofollow noopener\" target=\"_blank\">FCA<\/a> Fu\u00dfball spielen lassen m\u00f6chte und tr\u00e4gt die Ausrichtung des Vereins voll mit. Sandro ist ein Menschenf\u00e4nger, der akribisch arbeitet \u2013 mit klarem Plan und klarer Spielidee. Besonders sch\u00e4tze ich, wie sehr ihn die Entwicklung neuer Spieler reizt.\u201c<\/p>\n<p><strong>\u2026 die Zukunft mit jungen Talenten:<\/strong> \u201eNoahkai Banks und Mert K\u00f6m\u00fcr haben bereits bewiesen, dass sie Bundesliga spielen k\u00f6nnen. Der Augsburger Weg geht mit ihnen weiter. Auch Sandro Wagner hat einen Anteil daran, dass die beiden Top-Nachwuchstalente langfristig bei uns bleiben.\u201c<\/p>\n","protected":false},"excerpt":{"rendered":"Am Montagvormittag ist Sandro Wagner offiziell als neuer Cheftrainer des FC Augsburg vorgestellt worden. Im vollbesetzten Presseraum der&hellip;\n","protected":false},"author":2,"featured_media":249412,"comment_status":"","ping_status":"","sticky":false,"template":"","format":"standard","meta":{"footnotes":""},"categories":[1846],"tags":[680,772,3364,29,548,663,3934,30,13,14,15,12],"class_list":{"0":"post-249411","1":"post","2":"type-post","3":"status-publish","4":"format-standard","5":"has-post-thumbnail","7":"category-augsburg","8":"tag-augsburg","9":"tag-bayern","10":"tag-de","11":"tag-deutschland","12":"tag-eu","13":"tag-europa","14":"tag-europe","15":"tag-germany","16":"tag-headlines","17":"tag-nachrichten","18":"tag-news","19":"tag-schlagzeilen"},"share_on_mastodon":{"url":"https:\/\/pubeurope.com\/@de\/114812135944209391","error":""},"_links":{"self":[{"href":"https:\/\/www.europesays.com\/de\/wp-json\/wp\/v2\/posts\/249411","targetHints":{"allow":["GET"]}}],"collection":[{"href":"https:\/\/www.europesays.com\/de\/wp-json\/wp\/v2\/posts"}],"about":[{"href":"https:\/\/www.europesays.com\/de\/wp-json\/wp\/v2\/types\/post"}],"author":[{"embeddable":true,"href":"https:\/\/www.europesays.com\/de\/wp-json\/wp\/v2\/users\/2"}],"replies":[{"embeddable":true,"href":"https:\/\/www.europesays.com\/de\/wp-json\/wp\/v2\/comments?post=249411"}],"version-history":[{"count":0,"href":"https:\/\/www.europesays.com\/de\/wp-json\/wp\/v2\/posts\/249411\/revisions"}],"wp:featuredmedia":[{"embeddable":true,"href":"https:\/\/www.europesays.com\/de\/wp-json\/wp\/v2\/media\/249412"}],"wp:attachment":[{"href":"https:\/\/www.europesays.com\/de\/wp-json\/wp\/v2\/media?parent=249411"}],"wp:term":[{"taxonomy":"category","embeddable":true,"href":"https:\/\/www.europesays.com\/de\/wp-json\/wp\/v2\/categories?post=249411"},{"taxonomy":"post_tag","embeddable":true,"href":"https:\/\/www.europesays.com\/de\/wp-json\/wp\/v2\/tags?post=249411"}],"curies":[{"name":"wp","href":"https:\/\/api.w.org\/{rel}","templated":true}]}}