{"id":249413,"date":"2025-07-07T13:15:10","date_gmt":"2025-07-07T13:15:10","guid":{"rendered":"https:\/\/www.europesays.com\/de\/249413\/"},"modified":"2025-07-07T13:15:10","modified_gmt":"2025-07-07T13:15:10","slug":"baden-wuerttemberg-stuermer-mit-champions-league-erfahrung-fuer-den-waldhof","status":"publish","type":"post","link":"https:\/\/www.europesays.com\/de\/249413\/","title":{"rendered":"Baden-W\u00fcrttemberg: St\u00fcrmer mit Champions-League-Erfahrung f\u00fcr den Waldhof"},"content":{"rendered":"<p>                    Baden-W\u00fcrttemberg<br \/>\n                St\u00fcrmer mit Champions-League-Erfahrung f\u00fcr den Waldhof<\/p>\n<p>\t\t\t\t              07.07.2025, 12:34 Uhr<\/p>\n<p><strong>Mannheims neuer St\u00fcrmer sammelt Erfahrungen auf h\u00f6chstem Niveau. Nun geht er in der 3. Liga auf Torejagd.<\/strong><\/p>\n<p>Mannheim (dpa\/lsw) &#8211; Fu\u00dfball-Drittligist SV Waldhof Mannheim hat einen St\u00fcrmer mit Champions-League-Erfahrung verpflichtet. Der ehemalige franz\u00f6sische U21-Nationalspieler Adama Diakhaby kommt vom rum\u00e4nischen Erstligisten FC Politehnica Iasi zum Waldhof, wie der Club mitteilte. \u00dcber Vertragsinhalte machten die Mannheimer keine Angaben.<\/p>\n<p>&#8222;Mit Adama bekommen wir einen zus\u00e4tzlichen Offensivspieler, der durch seine hohe Geschwindigkeit und Dynamik f\u00fcr viel Wirbel sorgen kann&#8220;, sagte Sportgesch\u00e4ftsf\u00fchrer Gerhard Zuber \u00fcber den 29-J\u00e4hrigen, der in seiner Karriere f\u00fcr die AS Monaco f\u00fcnfmal in der K\u00f6nigsklasse auflief.<\/p>\n","protected":false},"excerpt":{"rendered":"Baden-W\u00fcrttemberg St\u00fcrmer mit Champions-League-Erfahrung f\u00fcr den Waldhof 07.07.2025, 12:34 Uhr Mannheims neuer St\u00fcrmer sammelt Erfahrungen auf h\u00f6chstem Niveau.&hellip;\n","protected":false},"author":2,"featured_media":249414,"comment_status":"","ping_status":"","sticky":false,"template":"","format":"standard","meta":{"footnotes":""},"categories":[1845],"tags":[1634,76739,3364,29,548,663,3934,30,13,2096,14,15,12,9095,23297],"class_list":{"0":"post-249413","1":"post","2":"type-post","3":"status-publish","4":"format-standard","5":"has-post-thumbnail","7":"category-mannheim","8":"tag-baden-wuerttemberg","9":"tag-champions-league-erfahrung","10":"tag-de","11":"tag-deutschland","12":"tag-eu","13":"tag-europa","14":"tag-europe","15":"tag-germany","16":"tag-headlines","17":"tag-mannheim","18":"tag-nachrichten","19":"tag-news","20":"tag-schlagzeilen","21":"tag-stuermer","22":"tag-waldhof"},"share_on_mastodon":{"url":"https:\/\/pubeurope.com\/@de\/114812139983487136","error":""},"_links":{"self":[{"href":"https:\/\/www.europesays.com\/de\/wp-json\/wp\/v2\/posts\/249413","targetHints":{"allow":["GET"]}}],"collection":[{"href":"https:\/\/www.europesays.com\/de\/wp-json\/wp\/v2\/posts"}],"about":[{"href":"https:\/\/www.europesays.com\/de\/wp-json\/wp\/v2\/types\/post"}],"author":[{"embeddable":true,"href":"https:\/\/www.europesays.com\/de\/wp-json\/wp\/v2\/users\/2"}],"replies":[{"embeddable":true,"href":"https:\/\/www.europesays.com\/de\/wp-json\/wp\/v2\/comments?post=249413"}],"version-history":[{"count":0,"href":"https:\/\/www.europesays.com\/de\/wp-json\/wp\/v2\/posts\/249413\/revisions"}],"wp:featuredmedia":[{"embeddable":true,"href":"https:\/\/www.europesays.com\/de\/wp-json\/wp\/v2\/media\/249414"}],"wp:attachment":[{"href":"https:\/\/www.europesays.com\/de\/wp-json\/wp\/v2\/media?parent=249413"}],"wp:term":[{"taxonomy":"category","embeddable":true,"href":"https:\/\/www.europesays.com\/de\/wp-json\/wp\/v2\/categories?post=249413"},{"taxonomy":"post_tag","embeddable":true,"href":"https:\/\/www.europesays.com\/de\/wp-json\/wp\/v2\/tags?post=249413"}],"curies":[{"name":"wp","href":"https:\/\/api.w.org\/{rel}","templated":true}]}}