{"id":250009,"date":"2025-07-07T18:43:18","date_gmt":"2025-07-07T18:43:18","guid":{"rendered":"https:\/\/www.europesays.com\/de\/250009\/"},"modified":"2025-07-07T18:43:18","modified_gmt":"2025-07-07T18:43:18","slug":"viele-fotos-skateboard-elite-auf-dem-bielefelder-kesselbrink","status":"publish","type":"post","link":"https:\/\/www.europesays.com\/de\/250009\/","title":{"rendered":"Viele Fotos: Skateboard-Elite auf dem Bielefelder Kesselbrink"},"content":{"rendered":"<p id=\"absatz1\" class=\"em_text\">Bielefeld. Befl\u00fcgelt vom Kantersieg im Boule gegen Andreas R\u00fcther (CDU) am letzten Wochenende bei den Bethel Athletics kam Ingo N\u00fcrnberger (SPD) gut gelaunt und als Sozialdezernent auf den Kesselbrink, um dem Kinderfest \u201eKesselbrink spielt\u201c einen Besuch abzustatten. Es ist aber auch Kommunalwahlkampf, ein \u201eSommerwahlkampf\u201c, wie N\u00fcrnberger bemerkt, und das bemerkten eben auch seine Oberb\u00fcrgermeisterkandidatenmitbewerber Christiana Bauer (CDU) und Dominic Hallau (Die Gr\u00fcnen). Alle drei stellten sich am Rande dieses bunten Spielfestes im Rahmen einer kleinen Diskussionsrunde den Fragen der lieben Kleinen. Kluge Fragen \u00fcbrigens, die sich auch mit Drogen (Cannabis und Lachgas), Freizeitwert und Attraktivit\u00e4t des Kesselbrinks befassten.<\/p>\n<p id=\"absatz2\" class=\"em_text\">Politik blieb aber Nebensache, ebenso wie das leidige Thema Sicherheit und Aufenthaltsqualit\u00e4t auf dem gr\u00f6\u00dften Platz der Bielefelder Kernstadt. Und f\u00fcr diese Aufenthaltsqualit\u00e4t haben an diesem Nachmittag nach Polizeiangaben 2.500 Kinder und ihre erwachsenen Mitbewohner gesorgt. Der Kesselbrink hat richtig Spa\u00df gemacht an diesem Sonntagnachmittag. Endlich mal kein Gemecker, kein Gezeter &#8230; und auch keine gewaltt\u00e4tigen Vorf\u00e4lle.<\/p>\n<p>\u201eBig Player\u201c der Bielefelder Unterst\u00fctzer f\u00fcr Kinder- und Jugendbelange<\/p>\n<p>\n                    Kesseljam 2025 \u2013 Skateboard-Event mit Halfpipe-Meisterschaft\n                <\/p>\n<p>                    <img decoding=\"async\" class=\"w-full\" alt=\"Vorheriger Inhalt\" src=\"https:\/\/www.nw.de\/_em_daten\/locals\/module\/nw\/_includes\/twig\/current\/public\/\/images\/arrow-left.svg\"\/><\/p>\n<p>                    <img decoding=\"async\" class=\"nw-w-full\" alt=\"N\u00e4chster Inhalt\" src=\"https:\/\/www.nw.de\/_em_daten\/locals\/module\/nw\/_includes\/twig\/current\/public\/\/images\/arrow-right.svg\"\/><\/p>\n<p id=\"absatz5\" class=\"em_text\">\nZum vierten Mal fand dieses wuselige Spiel- und Spa\u00dffest nun statt, zum dritten Mal unter Federf\u00fchrung des Vereins Bielefeld United. Er scharrte sich die \u201eBig Player\u201c der Bielefelder Unterst\u00fctzer f\u00fcr Kinder- und Jugendbelange zusammen und gekommen sind sie alle, nicht nur die meisten demokratischen Parteien: der Stadtsportbund, das M\u00e4dchenhaus, der Verein Kinderzentrum, die Sportjugend, Kids in Bewegung, die Fahrrad-Lobbyisten von Critical Mass mit mobilem Fahrrad-Reparatur-Service oder die \u201eNachhilfe-Helden\u201c informierten an St\u00e4nden \u00fcber ihr Wirken. Und auch s\u00e4mtliche Partnerst\u00e4dte Bielefelds \u2013 Rochdale, Concarneau, Rzeszow, Esteli und sogar \u2013 mit geb\u00fchrendem Abstand voneinander Nowgorod (Russland) und Cherkasy (Ukraine) \u2013 hatten sich in Position gebracht. Als besonderes Showelement hat die Murga-Gruppe \u201eLos cometas felices\u201c lautstark auf ihre Trommeln gehauen. Die BGW hat, wie immer, das ganze Fest gro\u00dfz\u00fcgig gesponsert.<\/p>\n<p>\n        \u00d7\n    <\/p>\n<p>\n            Sie erhalten in wenigen Minuten eine E-Mail zur Best\u00e4tigung Ihrer Anmeldung.\n        <\/p>\n<p>Erst danach ist diese abgeschlossen.<\/p>\n<p>Bitte pr\u00fcfen Sie auch den Spam-Ordner.<\/p>\n<p>\n        \u00d7\n    <\/p>\n<p>\n            Sie haben bisher Ihre E-Mail-Adresse noch nicht best\u00e4tigt.\n        <\/p>\n<p>Erst danach ist diese abgeschlossen.<\/p>\n<p>Bitte pr\u00fcfen Sie auch den Spam-Ordner.<\/p>\n<p>\n        \u00d7\n    <\/p>\n<p>\n            Es ist einen Fehler aufgetreten\n        <\/p>\n<p>Bei Fragen hilft unser Newsletter-Support<\/p>\n<p> Newsletter<\/p>\n<p> Aus Bielefeld<\/p>\n<p>W\u00f6chentliche News direkt aus der Redaktion Bielefeld.<\/p>\n<p>                Jetzt anmelden<\/p>\n<p>        <a href=\"https:\/\/www.nw.de\/_em_daten\/_cache\/image\/1xT3BGSmFIZUZ3VWQwODBUY2JITkp0T0FiOE5jcy9xaFR5U0RuN05RQ0VhbUtnK0NqQUUzVmVkMHpzeXpLOE80cWhBcm1UTFhUMzR1bHJ3UDk5K2l2RzR6RDFDcWZIRXNQVERkbTREamdGZ0E9\/250707-0947-638802050.jpg\" class=\"nw-article-image\" title=\"Abdul arbeitet ehrenamtlich bei \" kids=\"\" in=\"\" bewegung=\"\" und=\"\" sich=\"\" im=\"\" volleyball.=\"\" data-glightbox=\"type: image; description: Abdul arbeitet ehrenamtlich bei &quot;Kids in Bewegung&quot; und \u00fcbt sich im Volleyball.  | \u00a9 Barbara Franke \" rel=\"nofollow noopener\" target=\"_blank\"><br \/>\n            <img decoding=\"async\" src=\"https:\/\/www.europesays.com\/de\/wp-content\/uploads\/2025\/07\/250707-0947-638802050.jpg\" class=\"nw-img-fluid nw-w-full nw-lazy nw-rounded-t-md\" alt=\"Abdul arbeitet ehrenamtlich bei &quot;Kids in Bewegung&quot; und \u00fcbt sich im Volleyball. - \u00a9 Barbara Franke\" data-format=\"16:9\"\/><br \/>\n        <\/a><\/p>\n<p>                Abdul arbeitet ehrenamtlich bei &#8222;Kids in Bewegung&#8220; und \u00fcbt sich im Volleyball.<br \/>\n                                    | \u00a9 Barbara Franke<\/p>\n<p id=\"absatz6\" class=\"em_text\">Jetzt aber die Kids, erst die Kleinen: Sie hatten Spa\u00df inne Backen mit H\u00fcpfseilchen und Seilchenh\u00fcpfen, Diabolo, Dreirad fahren, Schaumstoffw\u00fcrfeln, Seifenblasen, Kinderschminken, Volley-, Basket- und Fu\u00dfballspielen und sie haben es lautstark genossen. Das sollen sie auch, denn: Kinderkrach ist Zukunftsmusik!<\/p>\n<p>Kinderkrach ist Zukunftsmusik!<\/p>\n<p id=\"absatz7\" class=\"em_text\">Die nicht mehr ganz so Kleinen, die Teenies und jungen Erwachsenen, waren nicht minder laut mit ihren Musikanlagen. Sie vertrieben sich zugleich die Zeit mit dem j\u00e4hrlichen Skateboard-Event \u201eKesseljam\u201c. An Europas gr\u00f6\u00dftem innerst\u00e4dtischen Bike- und Skate-Park fanden \u201eCash for Tricks\u201c-Sessions statt (f\u00fcr \u2019ne gute Performance gib\u2019s \u2019nen kleinen Schein) sowie die Qualifizierungen f\u00fcr die deutschen Meisterschaften im Halfpipe-Fahren. Mit ihren spektakul\u00e4ren und halsbrecherischen Kunstst\u00fcckchen auf ihren Rollbrettern sorgten sie f\u00fcr reichlich Adrenalin-Zuschuss bei den Zuschauerinnen und Zuschauern. Gewertet wurden hier Sprungh\u00f6he, Drehungen oder Standverm\u00f6gen nach den Spr\u00fcngen auf den Skateboards.<\/p>\n<p>        <a href=\"https:\/\/www.nw.de\/_em_daten\/_cache\/image\/1xd0swUTB2UndwWUEzL2MyOW0xWFhMZ0czM1dGSGQvUlJOUHFqY3BPV2xabzVpZllvQnpmSUt1eDE1ck9YdEExSTlqMHlEVHVGYWdyejJnODVZVG5kd2c9PQ\/250707-0948-638802034.jpg\" class=\"nw-article-image\" title=\"\" bunt=\"\" ist=\"\" meine=\"\" lieblingsfarbe=\"\" auch=\"\" bei=\"\" den=\"\" kids.=\"\" data-glightbox=\"type: image; description: &quot;Bunt ist meine Lieblingsfarbe&quot; - auch bei den Kids.  | \u00a9 Barbara Franke \" rel=\"nofollow noopener\" target=\"_blank\"><br \/>\n            <img decoding=\"async\" src=\"https:\/\/www.europesays.com\/de\/wp-content\/uploads\/2025\/07\/250707-0948-638802034.jpg\" class=\"nw-img-fluid nw-w-full nw-lazy nw-rounded-t-md\" alt=\"&quot;Bunt ist meine Lieblingsfarbe&quot; - auch bei den Kids. - \u00a9 Barbara Franke\" data-format=\"16:9\"\/><br \/>\n        <\/a><\/p>\n<p>                &#8222;Bunt ist meine Lieblingsfarbe&#8220; &#8211; auch bei den Kids.<br \/>\n                                    | \u00a9 Barbara Franke<\/p>\n<p id=\"absatz8\" class=\"em_text\">Begegnung, Beteiligung und Bewegung standen im Mittelpunkt des Events f\u00fcr die ganze Familie. Denn wer rastet, der rostet! <\/p>\n","protected":false},"excerpt":{"rendered":"Bielefeld. Befl\u00fcgelt vom Kantersieg im Boule gegen Andreas R\u00fcther (CDU) am letzten Wochenende bei den Bethel Athletics kam&hellip;\n","protected":false},"author":2,"featured_media":250010,"comment_status":"","ping_status":"","sticky":false,"template":"","format":"standard","meta":{"footnotes":""},"categories":[1841],"tags":[76884,1605,652,31,76883,3364,29,19073,43997,433,1234,30,69476,18258,25556,44090,9311,4280,733,734,736,9312,1613,1209,184],"class_list":{"0":"post-250009","1":"post","2":"type-post","3":"status-publish","4":"format-standard","5":"has-post-thumbnail","7":"category-bielefeld","8":"tag-andreas-rther","9":"tag-bielefeld","10":"tag-cannabis","11":"tag-cdu","12":"tag-christiana-bauer","13":"tag-de","14":"tag-deutschland","15":"tag-die-grnen","16":"tag-dominic-hallau","17":"tag-drogen","18":"tag-fahrrad","19":"tag-germany","20":"tag-ingo-nrnberger","21":"tag-kantersieg","22":"tag-kesselbrink","23":"tag-kinderfest","24":"tag-label_familie-freizeit","25":"tag-label_l-120","26":"tag-label_unterhalte-mich","27":"tag-meta_artikelklasse_nachricht","28":"tag-meta_copyrights_nw","29":"tag-meta_themen_familie_bildung_freizeit","30":"tag-meta_userneeds_informieremich","31":"tag-nordrhein-westfalen","32":"tag-spd"},"share_on_mastodon":{"url":"https:\/\/pubeurope.com\/@de\/114813430111775318","error":""},"_links":{"self":[{"href":"https:\/\/www.europesays.com\/de\/wp-json\/wp\/v2\/posts\/250009","targetHints":{"allow":["GET"]}}],"collection":[{"href":"https:\/\/www.europesays.com\/de\/wp-json\/wp\/v2\/posts"}],"about":[{"href":"https:\/\/www.europesays.com\/de\/wp-json\/wp\/v2\/types\/post"}],"author":[{"embeddable":true,"href":"https:\/\/www.europesays.com\/de\/wp-json\/wp\/v2\/users\/2"}],"replies":[{"embeddable":true,"href":"https:\/\/www.europesays.com\/de\/wp-json\/wp\/v2\/comments?post=250009"}],"version-history":[{"count":0,"href":"https:\/\/www.europesays.com\/de\/wp-json\/wp\/v2\/posts\/250009\/revisions"}],"wp:featuredmedia":[{"embeddable":true,"href":"https:\/\/www.europesays.com\/de\/wp-json\/wp\/v2\/media\/250010"}],"wp:attachment":[{"href":"https:\/\/www.europesays.com\/de\/wp-json\/wp\/v2\/media?parent=250009"}],"wp:term":[{"taxonomy":"category","embeddable":true,"href":"https:\/\/www.europesays.com\/de\/wp-json\/wp\/v2\/categories?post=250009"},{"taxonomy":"post_tag","embeddable":true,"href":"https:\/\/www.europesays.com\/de\/wp-json\/wp\/v2\/tags?post=250009"}],"curies":[{"name":"wp","href":"https:\/\/api.w.org\/{rel}","templated":true}]}}