{"id":250223,"date":"2025-07-07T20:40:11","date_gmt":"2025-07-07T20:40:11","guid":{"rendered":"https:\/\/www.europesays.com\/de\/250223\/"},"modified":"2025-07-07T20:40:11","modified_gmt":"2025-07-07T20:40:11","slug":"gedenken-an-jazzlegende-albert-mangelsdorff","status":"publish","type":"post","link":"https:\/\/www.europesays.com\/de\/250223\/","title":{"rendered":"Gedenken an Jazzlegende Albert Mangelsdorff"},"content":{"rendered":"<p class=\"p1 sm:p1-medium items-start pb-[20px]\" data-selector=\"body-paragraph\" data-external-selector=\"body-elements-paragraph\" data-v-af81c750=\"\" data-v-439309db=\"\">Wabernde Tiefen durchdringen die laue Sommernacht. Dann wieder quietschende H\u00f6hen. Humoristische Passagen wechseln sich mit melancholischen, fast schwerm\u00fctigen Melodien ab. Eine Posaune ist zu h\u00f6ren. Untermalt von Vogelstimmen, Kinderlachen und Wasser. Der Wind weht Kirchenglocken her\u00fcber. Genau diese Atmosph\u00e4re hat Albert Mangelsdorff (1928 bis 2005) bis zu seinem Tod an seinen Geburtsort Praunheim, einem Stadtteil von Frankfurt, gebunden. Folgerichtig hat nun das erste Konzert der Reihe \u201eplaying_albert\u201c, welche die Stadt mit Partnern im Gedenken an Mangelsdorffs 20. Todestag veranstaltet, dort stattgefunden.<\/p>\n<p class=\"p1 sm:p1-medium items-start pb-[20px]\" data-selector=\"body-paragraph\" data-external-selector=\"body-elements-paragraph\" data-v-af81c750=\"\" data-v-439309db=\"\">\u201eSchon im vergangenen Jahr war uns klar, dass wir eine Veranstaltungsreihe diesen Sommer zu Mangelsdorff machen wollen. Unser Fokus lag dabei auf seinen Anf\u00e4ngen hier in Praunheim,\u201c sagt Gabriele Bloem, Vorsitzende und Gr\u00fcndungsmitglied des Vereins Kunstwerk Praunheim. \u201eIm Geist Mangelsdorff wollten wir junge Leute einladen, die Musik auch als Aufbruch verstehen.\u201c<\/p>\n<p class=\"p1 sm:p1-medium items-start pb-[20px]\" data-selector=\"body-paragraph\" data-external-selector=\"body-elements-paragraph\" data-v-af81c750=\"\" data-v-439309db=\"\">Da kam die Initiative der Stadt gut dazu: Umso gl\u00fccklicher sei der Verein \u00fcber die Unterst\u00fctzung der Stadt mit 9000 Euro, Geld, das zu 100 Prozent in die Gagen der K\u00fcnstler gehe, so Bloem. Zusammen mit Jonathan Strieder, Musiker und Leiter der ZDF-Bigband, entwickelten die Vereinsmitglieder ein hochkar\u00e4tiges Programm. Schnell war klar, wer das Er\u00f6ffnungskonzert spielen soll: \u201eNils Wogram ist derjenige, der das Niveau, das Albert Mangelsdorff auf der Posaune gespielt hat, abbildet\u201c, schw\u00e4rmt Bloem.<\/p>\n<p>Kunst und Stadtteilleben eng miteinander verbunden<\/p>\n<p class=\"p1 sm:p1-medium items-start pb-[20px]\" data-selector=\"body-paragraph\" data-external-selector=\"body-elements-paragraph\" data-v-af81c750=\"\" data-v-439309db=\"\">Organisiert hat der Verein Kunstwerk Praunheim nun gleich eine vierteilige Konzertreihe, die im Rahmen des st\u00e4dtischen Festivals an den Praunheimer erinnern soll. Schon zum Auftakt treffen so ein besonderer Ort und besondere Musik aufeinander. Der Garten der Wohnanlage der Praunheimer Werkst\u00e4tten ist eine kleine Insel, inmitten eines Seitenarms der Nidda. \u00dcber eine schmale Br\u00fccke erreichen die Zuh\u00f6rer eine gro\u00dfe Wiese, zur H\u00e4lfte gem\u00e4ht und von B\u00e4umen umgeben. Die B\u00e4nke reichen bei Weitem nicht f\u00fcr den Besucherandrang an diesem Abend.<\/p>\n<p class=\"p1 sm:p1-medium items-start pb-[20px]\" data-selector=\"body-paragraph\" data-external-selector=\"body-elements-paragraph\" data-v-af81c750=\"\" data-v-439309db=\"\">Gerechnet hatte der Verein mit rund 100 G\u00e4sten \u2013 am Ende sind es rund dreimal so viele. St\u00fchle werden geholt, Picknickdecken ausgepackt und einige Zuh\u00f6rer begn\u00fcgen sich mit Stehpl\u00e4tzen. Unter den G\u00e4sten auch ehemalige Nachbarn, Freunde und Weggef\u00e4hrten wie Oliver Bergner, Tonmeister, der mit Mangelsdorff noch an seinem letzten Album gearbeitet hat. Alle sind gekommen, um Nils Wogram zu lauschen. Der Posaunist nennt Mangelsdorff eines seiner wichtigen musikalischen Vorbilder und ist deshalb gerne der Einladung gefolgt.<\/p>\n<p class=\"p1 sm:p1-medium items-start pb-[20px]\" data-selector=\"body-paragraph\" data-external-selector=\"body-elements-paragraph\" data-v-af81c750=\"\" data-v-439309db=\"\">Und so spielt Wogram, einer der f\u00fchrenden europ\u00e4ischen Jazzposaunisten, St\u00fccke wie \u201eBlues of a cellar lark\u201c, vom 1977 ver\u00f6ffentlichen Album \u201eDrumbirds\u201c. Doch nicht nur musikalisch war Mangelsdorff ein Vorbild f\u00fcr Wogram. \u201eAlbert\u201c habe ihn auch als Person, als Wesen, seine Art zu spielen und durch seine Geschichte beeinflusst. Daher spielt er auch das Mangelsdorff gewidmete St\u00fcck \u201eA humble man\u201c. Obwohl er als Blechbl\u00e4ser mit dem rasch davongetragenen Ton k\u00e4mpfen muss, ist Wogram beeindruckt: \u201eEs ist ein bezaubernder Ort.\u201c<\/p>\n<p class=\"p1 sm:p1-medium items-start pb-[20px]\" data-selector=\"body-paragraph\" data-external-selector=\"body-elements-paragraph\" data-v-af81c750=\"\" data-v-439309db=\"\">F\u00fcr den Erhalt der denkmalgesch\u00fctzten Praunheimer Werkst\u00e4tten setzt sich der Verein Kunstwerk Praunheim, gegr\u00fcndet 2011, ein. Die Zukunft des Backsteinbaus war nach dem Wegzug der Behindertenwerkst\u00e4tten zun\u00e4chst ungewiss. Der Verein rund um Vorsitzende und Gr\u00fcndungsmitglied Bloem m\u00f6chte die Nutzung als Ateliergeb\u00e4ude f\u00fcr K\u00fcnstler sichern und Kunst f\u00f6rdern. Bestehend aus 20 aktiven Mitgliedern, organisiert der Verein Veranstaltungen, nicht nur in dem denkmalgesch\u00fctzten Geb\u00e4ude.<\/p>\n<p class=\"p1 sm:p1-medium items-start pb-[20px]\" data-selector=\"body-paragraph\" data-external-selector=\"body-elements-paragraph\" data-v-af81c750=\"\" data-v-439309db=\"\">Neben den Arbeitsr\u00e4umen dient der Geb\u00e4udekomplex seit 2015 auch als Fl\u00fcchtlingsunterkunft. Bloem sagt: \u201eUns ist es auch gerade wichtig, mit den Gefl\u00fcchteten gemeinsam Kunst zu erleben.\u201c Deshalb wird das letzte Konzert der Reihe dort stattfinden \u2013 in dem Geb\u00e4ude, das den Ansto\u00df zur Vereinsgr\u00fcndung gab. Dort ist mittlerweile auch ein Jugendzentrum entstanden. \u201eDie Idee leben wir weiter, dass Kunst und Stadtteilleben ganz eng miteinander verbunden ist\u201c, so Bloem. \u201eWeil wir glauben, dass ein Mehrwert entsteht.\u201c<\/p>\n<p class=\"p1 sm:p1-medium items-start pb-[20px]\" data-selector=\"body-paragraph\" data-external-selector=\"body-elements-paragraph\" data-v-af81c750=\"\" data-v-439309db=\"\">Das gilt auch f\u00fcr die Zusammenarbeit mit den Bewohnern der Wohnanlage Praunheimer Werkst\u00e4tten, die an dem Abend auch gespannt der Musik folgen. In f\u00fcnf Wohngruppen leben 46 Menschen mit Behinderung, die sich durch k\u00fcnstlerisches Schaffen ausdr\u00fccken. So kombiniert der Verein Kunstwerk oft Musik mit bildender Kunst. W\u00e4hrend des ersten Konzerts konnten die G\u00e4ste Kunstwerke der Bewohner erwerben. Manche waren schon zur Pause vergeben.<\/p>\n<p>N\u00e4chstes Konzert am 30. August in der Brotfabrik, am 7. September im Skulpturengarten von Marita Kraus, der Eintritt ist frei. Informationen unter <a href=\"https:\/\/www.kunstwerkpraunheim.de\/\" target=\"_blank\" title=\"kunstwerkpraunheim.de\" rel=\"noopener\">kunstwerkpraunheim.de<\/a><\/p>\n","protected":false},"excerpt":{"rendered":"Wabernde Tiefen durchdringen die laue Sommernacht. Dann wieder quietschende H\u00f6hen. Humoristische Passagen wechseln sich mit melancholischen, fast schwerm\u00fctigen&hellip;\n","protected":false},"author":2,"featured_media":249930,"comment_status":"","ping_status":"","sticky":false,"template":"","format":"standard","meta":{"footnotes":""},"categories":[1829],"tags":[29,2050,2051,30,2052],"class_list":{"0":"post-250223","1":"post","2":"type-post","3":"status-publish","4":"format-standard","5":"has-post-thumbnail","7":"category-frankfurt-am-main","8":"tag-deutschland","9":"tag-frankfurt","10":"tag-frankfurt-am-main","11":"tag-germany","12":"tag-hessen"},"share_on_mastodon":{"url":"https:\/\/pubeurope.com\/@de\/114813889774330790","error":""},"_links":{"self":[{"href":"https:\/\/www.europesays.com\/de\/wp-json\/wp\/v2\/posts\/250223","targetHints":{"allow":["GET"]}}],"collection":[{"href":"https:\/\/www.europesays.com\/de\/wp-json\/wp\/v2\/posts"}],"about":[{"href":"https:\/\/www.europesays.com\/de\/wp-json\/wp\/v2\/types\/post"}],"author":[{"embeddable":true,"href":"https:\/\/www.europesays.com\/de\/wp-json\/wp\/v2\/users\/2"}],"replies":[{"embeddable":true,"href":"https:\/\/www.europesays.com\/de\/wp-json\/wp\/v2\/comments?post=250223"}],"version-history":[{"count":0,"href":"https:\/\/www.europesays.com\/de\/wp-json\/wp\/v2\/posts\/250223\/revisions"}],"wp:featuredmedia":[{"embeddable":true,"href":"https:\/\/www.europesays.com\/de\/wp-json\/wp\/v2\/media\/249930"}],"wp:attachment":[{"href":"https:\/\/www.europesays.com\/de\/wp-json\/wp\/v2\/media?parent=250223"}],"wp:term":[{"taxonomy":"category","embeddable":true,"href":"https:\/\/www.europesays.com\/de\/wp-json\/wp\/v2\/categories?post=250223"},{"taxonomy":"post_tag","embeddable":true,"href":"https:\/\/www.europesays.com\/de\/wp-json\/wp\/v2\/tags?post=250223"}],"curies":[{"name":"wp","href":"https:\/\/api.w.org\/{rel}","templated":true}]}}